{"id":1001,"date":"2017-03-08T15:29:05","date_gmt":"2017-03-08T14:29:05","guid":{"rendered":"http:\/\/przyjaznadolinaraby.info\/2014-2020\/?p=1001"},"modified":"2017-03-21T13:09:23","modified_gmt":"2017-03-21T12:09:23","slug":"pomoc-na-rozpoczecie-pozarolniczej-dzialalnosci-gospodarczej-na-obszarach-wiejskich","status":"publish","type":"post","link":"https:\/\/przyjaznadolinaraby.info\/2014-2020\/pomoc-na-rozpoczecie-pozarolniczej-dzialalnosci-gospodarczej-na-obszarach-wiejskich\/","title":{"rendered":"Informujemy, \u017ce w ARiMR rolnicy mog\u0105 stara\u0107 si\u0119 o pomoc na rozpocz\u0119cie pozarolniczej dzia\u0142alno\u015bci gospodarczej na obszarach wiejskich."},"content":{"rendered":"<div id=\"id_58bfc9c4e151a5a90192925\" class=\"text_exposed_root text_exposed\">\n<p>Og\u0142oszenie Prezesa Agencji Restrukturyzacji i Modernizacji Rolnictwa o mo\u017cliwo\u015bci sk\u0142adania wniosk\u00f3w o przyznanie pomocy na operacje typu &#8222;Premie na rozpocz\u0119cie dzia\u0142alno\u015bci pozarolniczej&#8221; w ramach poddzia\u0142ania &#8222;Pomoc na rozpocz\u0119cie pozarolniczej dzia\u0142alno\u015bci gospodarczej na obszarach wiejskich&#8221; obj\u0119tego Programem Rozwoju Obszar\u00f3w Wiejskich na lata 2014-2020 w terminie<span class=\"text_exposed_hide\">&#8230;<\/span><span class=\"text_exposed_show\"> od dnia 13 marca 2017 r. do dnia 11 kwietnia 2017 r. <\/span><\/p>\n<div class=\"text_exposed_show\">\n<p>Szczeg\u00f3\u0142y: <a href=\"http:\/\/www.arimr.gov.pl\/ogloszenia-prezesa-arimr\/artykuly\/pomoc-na-rozpoczecie-pozarolniczej-dzialalnosci-gospodarczej-na-obszarach-wiejskich.html\" target=\"_blank\" rel=\"nofollow\"><u><span style=\"color: #0066cc;\">http:\/\/www.arimr.gov.pl\/\u2026\/pomoc-na-rozpoczecie-pozarolnicze\u2026<\/span><\/u><\/a><\/p>\n<\/div>\n<\/div>\n","protected":false},"excerpt":{"rendered":"<p>Og\u0142oszenie Prezesa Agencji Restrukturyzacji i Modernizacji Rolnictwa o mo\u017cliwo\u015bci sk\u0142adania wniosk\u00f3w o przyznanie pomocy na operacje typu &#8222;Premie na rozpocz\u0119cie dzia\u0142alno\u015bci pozarolniczej&#8221; w ramach poddzia\u0142ania &#8222;Pomoc na rozpocz\u0119cie pozarolniczej dzia\u0142alno\u015bci gospodarczej na obszarach wiejskich&#8221; obj\u0119tego Programem Rozwoju Obszar\u00f3w Wiejskich na lata 2014-2020 w terminie&#8230; od dnia 13 marca 2017 r. do dnia 11 kwietnia 2017 <a href=\"https:\/\/przyjaznadolinaraby.info\/2014-2020\/pomoc-na-rozpoczecie-pozarolniczej-dzialalnosci-gospodarczej-na-obszarach-wiejskich\/\" class=\"more-link\">&#8230;<span class=\"screen-reader-text\">  Informujemy, \u017ce w ARiMR rolnicy mog\u0105 stara\u0107 si\u0119 o pomoc na rozpocz\u0119cie pozarolniczej dzia\u0142alno\u015bci gospodarczej na obszarach wiejskich.<\/span><\/a><\/p>\n","protected":false},"author":6,"featured_media":0,"comment_status":"open","ping_status":"open","sticky":false,"template":"","format":"standard","meta":{"_monsterinsights_skip_tracking":false,"_monsterinsights_sitenote_active":false,"_monsterinsights_sitenote_note":"","_monsterinsights_sitenote_category":0,"footnotes":""},"categories":[1],"tags":[],"acf":[],"_links":{"self":[{"href":"https:\/\/przyjaznadolinaraby.info\/2014-2020\/wp-json\/wp\/v2\/posts\/1001"}],"collection":[{"href":"https:\/\/przyjaznadolinaraby.info\/2014-2020\/wp-json\/wp\/v2\/posts"}],"about":[{"href":"https:\/\/przyjaznadolinaraby.info\/2014-2020\/wp-json\/wp\/v2\/types\/post"}],"author":[{"embeddable":true,"href":"https:\/\/przyjaznadolinaraby.info\/2014-2020\/wp-json\/wp\/v2\/users\/6"}],"replies":[{"embeddable":true,"href":"https:\/\/przyjaznadolinaraby.info\/2014-2020\/wp-json\/wp\/v2\/comments?post=1001"}],"version-history":[{"count":0,"href":"https:\/\/przyjaznadolinaraby.info\/2014-2020\/wp-json\/wp\/v2\/posts\/1001\/revisions"}],"wp:attachment":[{"href":"https:\/\/przyjaznadolinaraby.info\/2014-2020\/wp-json\/wp\/v2\/media?parent=1001"}],"wp:term":[{"taxonomy":"category","embeddable":true,"href":"https:\/\/przyjaznadolinaraby.info\/2014-2020\/wp-json\/wp\/v2\/categories?post=1001"},{"taxonomy":"post_tag","embeddable":true,"href":"https:\/\/przyjaznadolinaraby.info\/2014-2020\/wp-json\/wp\/v2\/tags?post=1001"}],"curies":[{"name":"wp","href":"https:\/\/api.w.org\/{rel}","templated":true}]}}