{"id":10128,"date":"2022-08-23T12:46:41","date_gmt":"2022-08-23T10:46:41","guid":{"rendered":"http:\/\/przyjaznadolinaraby.info\/2014-2020\/?p=10128"},"modified":"2022-09-27T14:21:32","modified_gmt":"2022-09-27T12:21:32","slug":"terminy-spotkan-dot-lsr-2023-2027","status":"publish","type":"post","link":"https:\/\/przyjaznadolinaraby.info\/2014-2020\/terminy-spotkan-dot-lsr-2023-2027\/","title":{"rendered":"TERMINY SPOTKA\u0143 dot. LSR 2023-2027"},"content":{"rendered":"<p><strong>UWAGA! Terminy spotka\u0144 uleg\u0142y zmianie!<\/strong><\/p>\n<p><strong>O nowych terminach spotka\u0144 poinformujemy niezw\u0142ocznie.<\/strong><\/p>\n<p>&nbsp;<\/p>\n<p><img decoding=\"async\" class=\"\" src=\"http:\/\/przyjaznadolinaraby.info\/2014-2020\/wp-content\/uploads\/2022\/06\/loga-4.png\" width=\"593\" height=\"117\" \/><\/p>\n<p>\u201cEuropejski Fundusz Rolny na rzecz Rozwoju Obszar\u00f3w Wiejskich: Europa inwestuj\u0105ca w obszary wiejskie\u201d<\/p>\n<p>Operacja maj\u0105ca na celu wspieranie lokalnego rozwoju na obszarach wiejskich, wsp\u00f3\u0142finansowana jest ze \u015brodk\u00f3w Unii Europejskiej w ramach dzia\u0142ania \u201eWsparcie dla rozwoju lokalnego w ramach inicjatywy LEADER\u201d w ramach poddzia\u0142ania\u00a0<strong>\u201eWsparcie przygotowawcze\u201d<\/strong>\u00a0obj\u0119tego Programem Rozwoju Obszar\u00f3w Wiejskich na lata 2014 \u2013 2020. Przewidywane wyniki operacji: zrealizowanie planu w\u0142\u0105czenia spo\u0142eczno\u015bci, zgodnie z opisem procesu przygotowania LSR, finansowy post\u0119p we wdra\u017caniu LSR.<\/p>\n","protected":false},"excerpt":{"rendered":"<p>UWAGA! Terminy spotka\u0144 uleg\u0142y zmianie! O nowych terminach spotka\u0144 poinformujemy niezw\u0142ocznie. &nbsp; \u201cEuropejski Fundusz Rolny na rzecz Rozwoju Obszar\u00f3w Wiejskich: Europa inwestuj\u0105ca w obszary wiejskie\u201d Operacja maj\u0105ca na celu wspieranie lokalnego rozwoju na obszarach wiejskich, wsp\u00f3\u0142finansowana jest ze \u015brodk\u00f3w Unii Europejskiej w ramach dzia\u0142ania \u201eWsparcie dla rozwoju lokalnego w ramach inicjatywy LEADER\u201d w ramach poddzia\u0142ania\u00a0\u201eWsparcie <a href=\"https:\/\/przyjaznadolinaraby.info\/2014-2020\/terminy-spotkan-dot-lsr-2023-2027\/\" class=\"more-link\">&#8230;<span class=\"screen-reader-text\">  TERMINY SPOTKA\u0143 dot. LSR 2023-2027<\/span><\/a><\/p>\n","protected":false},"author":6,"featured_media":0,"comment_status":"open","ping_status":"open","sticky":false,"template":"","format":"standard","meta":{"_monsterinsights_skip_tracking":false,"_monsterinsights_sitenote_active":false,"_monsterinsights_sitenote_note":"","_monsterinsights_sitenote_category":0,"footnotes":""},"categories":[3,12],"tags":[],"acf":[],"_links":{"self":[{"href":"https:\/\/przyjaznadolinaraby.info\/2014-2020\/wp-json\/wp\/v2\/posts\/10128"}],"collection":[{"href":"https:\/\/przyjaznadolinaraby.info\/2014-2020\/wp-json\/wp\/v2\/posts"}],"about":[{"href":"https:\/\/przyjaznadolinaraby.info\/2014-2020\/wp-json\/wp\/v2\/types\/post"}],"author":[{"embeddable":true,"href":"https:\/\/przyjaznadolinaraby.info\/2014-2020\/wp-json\/wp\/v2\/users\/6"}],"replies":[{"embeddable":true,"href":"https:\/\/przyjaznadolinaraby.info\/2014-2020\/wp-json\/wp\/v2\/comments?post=10128"}],"version-history":[{"count":3,"href":"https:\/\/przyjaznadolinaraby.info\/2014-2020\/wp-json\/wp\/v2\/posts\/10128\/revisions"}],"predecessor-version":[{"id":10152,"href":"https:\/\/przyjaznadolinaraby.info\/2014-2020\/wp-json\/wp\/v2\/posts\/10128\/revisions\/10152"}],"wp:attachment":[{"href":"https:\/\/przyjaznadolinaraby.info\/2014-2020\/wp-json\/wp\/v2\/media?parent=10128"}],"wp:term":[{"taxonomy":"category","embeddable":true,"href":"https:\/\/przyjaznadolinaraby.info\/2014-2020\/wp-json\/wp\/v2\/categories?post=10128"},{"taxonomy":"post_tag","embeddable":true,"href":"https:\/\/przyjaznadolinaraby.info\/2014-2020\/wp-json\/wp\/v2\/tags?post=10128"}],"curies":[{"name":"wp","href":"https:\/\/api.w.org\/{rel}","templated":true}]}}