{"id":102,"date":"2016-07-19T13:43:17","date_gmt":"2016-07-19T11:43:17","guid":{"rendered":"http:\/\/przyjaznadolinaraby.info\/2014-2020\/?page_id=102"},"modified":"2024-02-14T11:33:48","modified_gmt":"2024-02-14T10:33:48","slug":"dotacje-na-rozwoj-firmy","status":"publish","type":"post","link":"https:\/\/przyjaznadolinaraby.info\/2014-2020\/dotacje-na-rozwoj-firmy\/","title":{"rendered":"Dotacje na rozw\u00f3j firmy"},"content":{"rendered":"<p style=\"text-align: left;\"><span style=\"color: #000000;\"><strong>KONKURS Z ZAKRESU ROZWOJU PRZEDSI\u0118BIORCZO\u015aCI<\/strong><\/span><\/p>\n<p style=\"text-align: left;\"><span style=\"color: #000000;\"><strong>DO 70% POZIOMU DOFINANOWANIA <\/strong><\/span><\/p>\n<p style=\"text-align: left;\"><span style=\"color: #000000; font-size: 14pt;\"><strong>Kryteria:<\/strong><\/span><\/p>\n<p style=\"text-align: left;\"><span style=\"color: #ff0000;\">UWAGA!\u00a0<\/span><\/p>\n<p style=\"text-align: left;\"><span style=\"color: #ff0000;\">Zaktualizowane kryteria wyboru operacji!\u00a0<\/span><\/p>\n<p style=\"text-align: left;\"><a href=\"http:\/\/przyjaznadolinaraby.info\/2014-2020\/wp-content\/uploads\/2016\/07\/kryteria-operacji-innych-niz-LGD-10.01.2022.pdf\"><span style=\"color: #3366ff;\"><u>Kryteria wyboru operacji realizowanych przez podmioty inne ni\u017c LGD- 10.01.2022<\/u><\/span><\/a><\/p>\n<p style=\"text-align: left;\"><strong>Wniosek aplikacyjny:<\/strong><\/p>\n<ul style=\"text-align: left;\">\n<li class=\"document-list\"><a href=\"https:\/\/www.prow.malopolska.pl\/prow\/skorzystaj\/wzory-dokumentow-aplikacyjnych\/leader-wzor-wniosku-o-przyznanie-pomocy-na-operacje-w-ramach-poddzialania-19-2---z-wylaczeniem-projektow-grantowych-oraz-operacji-w-zakresie-podejmowania-dzialalnosci-gospodarczej--operacje-inne--wlasne-lgd--rozwijanie-dzialalnosci-gospodarczej\"><strong>Wz\u00f3r wniosku o przyznanie pomocy na operacje w ramach poddzia\u0142ania 19.2 \u201e (\u2026) z wy\u0142\u0105czeniem projekt\u00f3w grantowych oraz operacji w zakresie podejmowania dzia\u0142alno\u015bci gospodarczej (\u2026) (operacje: inne, w\u0142asne LGD, rozwijanie dzia\u0142alno\u015bci gospodarczej)<\/strong><\/a><\/li>\n<li><a href=\"https:\/\/www.prow.malopolska.pl\/download\/prow\/skorzystaj\/wzory-dokumentow-aplikacyjnych\/leader-wzor-wniosku-o-przyznanie-pomocy-na-operacje-w-ramach-poddzialania-19-2---z-wylaczeniem-projektow-grantowych-oraz-operacji-w-zakresie-podejmowania-dzialalnosci-gospodarczej--operacje-inne--wlasne-lgd--rozwijanie-dzialalnosci-gospodarczej\/2021-08-26\/BP_19_2_I_4z_20210831.docx\">Biznesplan\u00a0<\/a><\/li>\n<li><a href=\"https:\/\/www.prow.malopolska.pl\/download\/prow\/skorzystaj\/wzory-dokumentow-aplikacyjnych\/leader-wzor-wniosku-o-przyznanie-pomocy-na-operacje-w-ramach-poddzialania-19-2---z-wylaczeniem-projektow-grantowych-oraz-operacji-w-zakresie-podejmowania-dzialalnosci-gospodarczej--operacje-inne--wlasne-lgd--rozwijanie-dzialalnosci-gospodarczej\/2021-08-26\/BP_19_2_IW_P_4z_TabFinans.xlsx\">Tabele finansowe: narz\u0119dzie pomocnicze do kalkulacji cz\u0119\u015bci finansowej biznesplanu<\/a><\/li>\n<li><a href=\"https:\/\/www.prow.malopolska.pl\/download\/prow\/skorzystaj\/wzory-dokumentow-aplikacyjnych\/leader-wzor-wniosku-o-przyznanie-pomocy-na-operacje-w-ramach-poddzialania-19-2---z-wylaczeniem-projektow-grantowych-oraz-operacji-w-zakresie-podejmowania-dzialalnosci-gospodarczej--operacje-inne--wlasne-lgd--rozwijanie-dzialalnosci-gospodarczej\/2021-08-26\/IP_19_2_I_4z.pdf\">Instrukcja do Biznesplanu<\/a><\/li>\n<\/ul>\n<p style=\"text-align: left;\"><strong>Wniosek rozliczeniowy:<\/strong><\/p>\n<ul style=\"list-style-type: disc; text-align: left;\">\n<li class=\"document-list\">\n<p class=\"document-list\"><a href=\"https:\/\/www.prow.malopolska.pl\/prow\/realizuj-projekt\/rozliczaj-projekt\/leader-wzor-wniosku-o-platnosc-dla-operacji-w-ramach-poddzialania-19-2---z-wylaczeniem-projektow-grantowych-oraz-operacji-w-zakresie-podejmowania-dzialalnosci-gospodarczej--operacje-inne--wlasne-lgd--rozwijanie-dzialalnosci-gospodarczej\"><strong>Wz\u00f3r wniosku o p\u0142atno\u015b\u0107 dla operacji w ramach poddzia\u0142ania 19.2 \u201e (\u2026) z wy\u0142\u0105czeniem projekt\u00f3w grantowych oraz operacji w zakresie podejmowania dzia\u0142alno\u015bci gospodarczej (\u2026) (operacje: inne, w\u0142asne LGD, rozwijanie dzia\u0142alno\u015bci gospodarczej)<\/strong><\/a><\/p>\n<\/li>\n<\/ul>\n<div class=\"category-and-date\" style=\"text-align: left;\"><strong>Informacja monitoruj\u0105ca- <\/strong>sk\u0142adana przez Beneficjent\u00f3w\u00a0 w terminie do ko\u0144ca kwarta\u0142u, nast\u0119puj\u0105cego po pierwszym roku, liczonym od dnia wyp\u0142aty przez Agencj\u0119 p\u0142atno\u015bci ko\u0144cowej\/drugiej transzy :<\/div>\n<div style=\"text-align: left;\">\n<ul style=\"list-style-type: disc;\">\n<li class=\"document-list\"><a href=\"https:\/\/www.prow.malopolska.pl\/prow\/realizuj-projekt\/rozliczaj-projekt\/leader-informacja-monitorujaca-z-realizacji-biznesplanu-informacja-po-realizacji-operacji-w-ramach-poddzialania-19-2-wsparcie-na-wdrazanie-operacji-w-ramach-strategii-rozwoju-lokalnego-kierowanego-przez-spolecznosc-objetego-prow-2014-2020\"><strong>Informacja monitoruj\u0105ca z realizacji biznesplanu\/Informacja po realizacji operacji w ramach poddzia\u0142ania 19.2 \u201eWsparcie na wdra\u017canie operacji w ramach strategii rozwoju lokalnego kierowanego przez spo\u0142eczno\u015b\u0107\u201d obj\u0119tego PROW 2014-2020<\/strong><\/a><\/li>\n<\/ul>\n<p><strong>Zasady promowania projektu, ksi\u0119ga wizualizacji:<\/strong><\/p>\n<ul style=\"list-style-type: disc;\">\n<li><strong><a class=\"box\" href=\"https:\/\/www.prow.malopolska.pl\/prow\/realizuj-projekt\/poznaj-zasady-promowania-projektu\" data-equalizer-watch=\"\"><span class=\"title\">Poznaj zasady obowi\u0105zku promowania projektu<\/span><\/a><\/strong><\/li>\n<\/ul>\n<\/div>\n<p style=\"text-align: left;\">**<\/p>\n<div style=\"text-align: left;\"><\/div>\n<p style=\"text-align: left;\"><span style=\"color: #000000;\">Formularze o\u015bwiadcze\u0144 i zg\u00f3d w zakresie zasad przetwarzania danych osobowych(RODO):<\/span><\/p>\n<p style=\"text-align: left;\"><span style=\"color: #000000;\"><a style=\"color: #000000;\" href=\"http:\/\/przyjaznadolinaraby.info\/2014-2020\/wp-content\/uploads\/2018\/06\/RODO_klauzule_19.2-1.docx\">RODO KLAUZULE 19.2<\/a><\/span><\/p>\n<p style=\"text-align: left;\"><span style=\"color: #000000;\"><a style=\"color: #000000;\" href=\"http:\/\/przyjaznadolinaraby.info\/2014-2020\/wp-content\/uploads\/2018\/06\/RODO_klauzule_DO-KARTY-WK\u0141ADU-RZECZOWEGO_19.2.docx\">RODO KLAUZULE DO KARTY WK\u0141ADU RZECZOWEGO 19.2<\/a><\/span><\/p>\n<p style=\"text-align: left;\"><span style=\"color: #000000;\"><a style=\"color: #000000;\" href=\"http:\/\/przyjaznadolinaraby.info\/2014-2020\/wp-content\/uploads\/2018\/06\/RODO_klauzule_DO-LISTY-OBECNO\u015aCI-19.2.docx\">RODO KLAUZULE DO LISTY OBECNO\u015aCI 19.2<\/a><\/span><\/p>\n<p style=\"text-align: left;\">**<\/p>\n<p style=\"text-align: left;\"><span style=\"color: #000000;\"><strong>WA\u017bNE INFORMACJE:<\/strong><\/span><\/p>\n<p style=\"text-align: left;\"><span style=\"color: #000000;\">O pomoc przyznawan\u0105 na operacje w zakresie rozwijania dzia\u0142alno\u015bci gospodarczej mo\u017ce ubiega\u0107 si\u0119 podmiot &#8211; przedsi\u0119biorca, kt\u00f3ry wykonuje dzia\u0142alno\u015b\u0107 gospodarcz\u0105, do kt\u00f3rej stosuje si\u0119 przepisy ustawy z dnia 6 marca 2018 r. &#8211; Prawo przedsi\u0119biorc\u00f3w, &#8211; b\u0119d\u0105cy:<\/span><\/p>\n<p style=\"text-align: left;\"><span style=\"color: #000000;\">1. <strong>osob\u0105 fizyczn\u0105<\/strong>, je\u017celi:<\/span><\/p>\n<ul style=\"text-align: left;\">\n<li><span style=\"color: #000000;\">jest obywatelem pa\u0144stwa cz\u0142onkowskiego Unii Europejskiej,<\/span><\/li>\n<li><span style=\"color: #000000;\">jest pe\u0142noletnia,<\/span><\/li>\n<li><span style=\"color: #000000;\">miejsce oznaczone adresem, pod kt\u00f3rym <strong>wykonuje dzia\u0142alno\u015b\u0107 gospodarcz\u0105<\/strong>, wpisanym do Centralnej Ewidencji i Informacji o Dzia\u0142alno\u015bci Gospodarczej, znajduje si\u0119 na obszarze wiejskim obj\u0119tym Strategi\u0105 Rozwoju Lokalnego LSR obejmuj\u0105cym gminy: Rabka-Zdr\u00f3j, Raba Wy\u017cna, Spytkowice, Jab\u0142onka, Lipnica Wielka (w przypadku gdy operacja b\u0119dzie realizowana w ramach wykonywania dzia\u0142alno\u015bci gospodarczej w formie sp\u00f3\u0142ki cywilnej powy\u017csze warunki powinny by\u0107 spe\u0142nione przez wszystkich wsp\u00f3lnik\u00f3w tej sp\u00f3\u0142ki), albo<\/span><\/li>\n<\/ul>\n<ol style=\"text-align: left;\" start=\"2\">\n<li><span style=\"color: #000000;\"><strong>osob\u0105 prawn\u0105<\/strong>, je\u017celi siedziba tej osoby lub jej oddzia\u0142u znajduje si\u0119 na obszarze wiejskim obj\u0119tym LSR, albo<\/span><\/li>\n<li><span style=\"color: #000000;\"><strong>jednostk\u0105 organizacyjn\u0105 nieposiadaj\u0105c\u0105 osobowo\u015bci prawnej<\/strong>, kt\u00f3rej ustawa przyznaje zdolno\u015b\u0107 prawn\u0105, je\u017celi siedziba tej jednostki lub jej oddzia\u0142u znajduje si\u0119 na obszarze wiejskim obj\u0119tym LSR,<\/span><\/li>\n<\/ol>\n<p style=\"text-align: left;\"><span style=\"color: #000000;\"><strong>pod warunkiem, \u017ce podmiot ten<\/strong>:<\/span><\/p>\n<p style=\"text-align: left;\"><span style=\"color: #000000;\">\u2022 <strong>prowadzi mikroprzedsi\u0119biorstwo albo ma\u0142e przedsi\u0119biorstwo<\/strong>: mikroprzedsi\u0119biorstwo definiuje si\u0119 jako przedsi\u0119biorstwo, kt\u00f3re zatrudnia mniej ni\u017c 10 pracownik\u00f3w i kt\u00f3rego roczny obr\u00f3t lub roczna suma bilansowa nie przekracza 2 milion\u00f3w EUR, ma\u0142e przedsi\u0119biorstwo definiuje si\u0119 jako przedsi\u0119biorstwo, kt\u00f3re zatrudnia mniej ni\u017c 50 pracownik\u00f3w i kt\u00f3rego roczny obr\u00f3t lub roczna suma bilansowa nie przekracza 10 milion\u00f3w EUR,<\/span><\/p>\n<p style=\"text-align: left;\"><span style=\"color: #000000;\">\u2022 <strong>w okresie 3 lat poprzedzaj\u0105cych dzie\u0144 z\u0142o\u017cenia wniosku o przyznanie pomocy wykonywa\u0142 \u0142\u0105cznie przez 365 dni dzia\u0142alno\u015b\u0107 gospodarcz\u0105, <\/strong>do kt\u00f3rej stosuje si\u0119 przepisy ustawy o swobodzie dzia\u0142alno\u015bci gospodarczej oraz nadal wykonuje t\u0119 dzia\u0142alno\u015b\u0107,<\/span><\/p>\n<p style=\"text-align: left;\"><span style=\"color: #000000;\">\u2022 posiada nadany <strong>numer identyfikacyjny<\/strong> w trybie przepis\u00f3w o krajowym systemie ewidencji producent\u00f3w, ewidencji gospodarstw rolnych oraz ewidencji wniosk\u00f3w o przyznanie p\u0142atno\u015bci. (W przypadku gdy operacja b\u0119dzie realizowana w ramach wykonywania dzia\u0142alno\u015bci gospodarczej w formie sp\u00f3\u0142ki cywilnej pomoc jest przyznawana, je\u017celi numer identyfikacyjny zosta\u0142 nadany sp\u00f3\u0142ce),<\/span><\/p>\n<p style=\"text-align: left;\"><span style=\"color: #000000;\">\u2022wyka\u017ce, \u017ce:<\/span><\/p>\n<p style=\"text-align: left;\"><span style=\"color: #000000;\">a) posiada do\u015bwiadczenie w realizacji projekt\u00f3w o charakterze podobnym do operacji, kt\u00f3r\u0105 zamierza realizowa\u0107, lub<\/span><\/p>\n<p style=\"text-align: left;\"><span style=\"color: #000000;\">b) posiada zasoby odpowiednie do przedmiotu operacji, kt\u00f3r\u0105 zamierza realizowa\u0107, lub<\/span><\/p>\n<p style=\"text-align: left;\"><span style=\"color: #000000;\">c) posiada kwalifikacje odpowiednie do przedmiotu operacji, kt\u00f3r\u0105 zamierza realizowa\u0107, je\u017celi jest osob\u0105 fizyczn\u0105, lub<\/span><\/p>\n<p style=\"text-align: left;\"><span style=\"color: #000000;\">d) wykonuje dzia\u0142alno\u015b\u0107 odpowiedni\u0105 do przedmiotu operacji, kt\u00f3r\u0105 zamierza realizowa\u0107;<\/span><\/p>\n<p style=\"text-align: left;\"><span style=\"color: #000000;\">\u2022 nie zosta\u0142a mu dotychczas przyznana pomoc na operacj\u0119 w zakresie podejmowania dzia\u0142alno\u015bci gospodarczej, (tj. premia na otwarcie dzia\u0142alno\u015bci ze \u015brodk\u00f3w PROW) albo up\u0142yn\u0119\u0142o 2 lata od dnia przyznania podmiotowi tej pomocy,<\/span><\/p>\n<p style=\"text-align: left;\"><span style=\"color: #000000;\">\u2022 nie zosta\u0142a mu dotychczas przyznana pomoc na tworzenie lub rozw\u00f3j inkubator\u00f3w przetw\u00f3rstwa lokalnego produkt\u00f3w rolnych lub w ramach poddzia\u0142ania, o kt\u00f3rym mowa w art. 3 ust. 1 pkt 4 lit. B ustawy z dnia 20 lutego 2015 r. o wspieraniu rozwoju obszar\u00f3w wiejskich z udzia\u0142em \u015brodk\u00f3w EFRROW w ramach RPOW na lata 2014-2020 &#8211; w przypadku ubiegania si\u0119 o przyznanie tej pomocy przez podmiot, kt\u00f3ry wykonuje dzia\u0142alno\u015b\u0107 gospodarcz\u0105 sklasyfikowan\u0105 jako produkcja artyku\u0142\u00f3w spo\u017cywczych lub produkcja napoj\u00f3w.<\/span><\/p>\n<p style=\"text-align: left;\"><span style=\"color: #000000;\"><strong>Operacja w zakresie rozwijania dzia\u0142alno\u015bci gospodarczej:<\/strong><\/span><\/p>\n<p style=\"text-align: left;\"><span style=\"color: #000000;\">\u2022 zak\u0142ada utworzenie <strong>co najmniej jednego miejsca pracy<\/strong> w przeliczeniu na pe\u0142ne etaty \u015brednioroczne i jest to uzasadnione zakresem realizacji operacji, a osoba, dla kt\u00f3rej zostanie utworzone to miejsce pracy, zostanie zatrudniona na podstawie umowy o prac\u0119;<\/span><\/p>\n<p style=\"text-align: left;\"><span style=\"color: #000000;\">\u2022 <\/span>zawiera zobowi\u0105zania beneficjenta do<strong> utrzymania co najmniej jednego miejsca pracy<\/strong> w przeliczeniu na pe\u0142ne etaty \u015brednioroczne do dnia, w kt\u00f3rym up\u0142yn\u0105 3 lata od dnia wyp\u0142aty p\u0142atno\u015bci ko\u0144cowej;<\/p>\n<p style=\"text-align: left;\"><span style=\"color: #000000;\">\u2022 b\u0119dzie realizowana nie wi\u0119cej ni\u017c w 2 etapach, a <strong>wykonanie<\/strong> zakresu rzeczowego zgodnie z zestawieniem rzeczowo-finansowym operacji, w tym <strong>poniesienie przez beneficjenta koszt\u00f3w kwalifikowalnych operacji oraz z\u0142o\u017cenie wniosku o p\u0142atno\u015b\u0107 ko\u0144cow\u0105 wyp\u0142acan\u0105 po zrealizowaniu ca\u0142ej operacji, nast\u0105pi w terminie 2 lat od dnia zawarcia umowy<\/strong>, lecz nie p\u00f3\u017aniej ni\u017c do dnia 31 grudnia 2022 r.;<\/span><\/p>\n<p style=\"text-align: left;\"><span style=\"color: #000000;\">\u2022 operacja, kt\u00f3ra obejmuje koszty inwestycyjne, zak\u0142ada realizacj\u0119 inwestycji na obszarze wiejskim obj\u0119tym LSR, chyba \u017ce operacja dotyczy inwestycji polegaj\u0105cej na budowie albo przebudowie liniowego obiektu budowlanego, kt\u00f3rego odcinek b\u0119dzie zlokalizowany poza tym obszarem;<\/span><\/p>\n<p style=\"text-align: left;\"><span style=\"color: #000000;\">\u2022 inwestycje w ramach operacji b\u0119d\u0105 realizowane na <strong><u>nieruchomo\u015bci b\u0119d\u0105cej w\u0142asno\u015bci\u0105<\/u><\/strong> lub <strong><u>wsp\u00f3\u0142w\u0142asno\u015bci\u0105<\/u><\/strong> podmiotu ubiegaj\u0105cego si\u0119 o przyznanie pomocy lub <strong><u>podmiot ten posiada udokumentowane prawo do dysponowania nieruchomo\u015bci\u0105<\/u><\/strong> na cele okre\u015blone we wniosku o przyznanie pomocy co najmniej przez okres realizacji operacji oraz okres podlegania zobowi\u0105zaniu do zapewnienia trwa\u0142o\u015bci operacji;<\/span><\/p>\n<p style=\"text-align: left;\"><span style=\"color: #000000;\">\u2022<strong> jest uzasadniona ekonomicznie i b\u0119dzie realizowana zgodnie z biznesplanem<\/strong>; \u2022 <strong>minimalna ca\u0142kowita warto\u015b\u0107 operacji wynosi nie mniej ni\u017c 50 tys. z\u0142otych<\/strong>;<\/span><\/p>\n<p style=\"text-align: left;\"><span style=\"color: #000000;\">\u2022 jej realizacja nie jest mo\u017cliwa bez udzia\u0142u \u015brodk\u00f3w publicznych;<\/span><\/p>\n<p style=\"text-align: left;\"><span style=\"color: #000000;\">\u2022 zosta\u0142a wydana ostateczna decyzja \u015brodowiskowa, je\u017celi jej wydanie jest wymagane przepisami odr\u0119bnymi;<\/span><\/p>\n<p style=\"text-align: left;\"><span style=\"color: #000000;\">\u2022 koszty kwalifikowalne operacji nie s\u0105 wsp\u00f3\u0142finansowane z innych \u015brodk\u00f3w publicznych.<\/span><\/p>\n<p style=\"text-align: left;\"><span style=\"color: #000000;\"><strong>Przyznanie pomocy i wyp\u0142ata \u015brodk\u00f3w:<\/strong> Pomoc jest przyznawana w wysoko\u015bci<strong> nie wy\u017cszej ni\u017c 70% koszt\u00f3w kwalifikowanych<\/strong>.<\/span><\/p>\n<p style=\"text-align: left;\"><span style=\"color: #000000;\"><strong>\u015arodki finansowe z tytu\u0142u pomocy s\u0105 wyp\u0142acane, je\u017celi beneficjent:<\/strong><\/span><\/p>\n<p style=\"text-align: left;\"><span style=\"color: #000000;\">1) zrealizowa\u0142 operacj\u0119 lub jej etap, w tym poni\u00f3s\u0142 zwi\u0105zane z tym koszty przed dniem z\u0142o\u017cenia wniosku o p\u0142atno\u015b\u0107 obejmuj\u0105cego te koszty, zgodnie z warunkami okre\u015blonymi w rozporz\u0105dzeniu i w umowie oraz z warunkami okre\u015blonymi w innych przepisach dotycz\u0105cych inwestycji obj\u0119tych operacj\u0105;<\/span><\/p>\n<p style=\"text-align: left;\"><span style=\"color: #000000;\">2) zrealizowa\u0142 lub realizuje zobowi\u0105zania okre\u015blone w umowie;<\/span><\/p>\n<p style=\"text-align: left;\"><span style=\"color: #000000;\">3) udokumentowa\u0142 zrealizowanie operacji lub jej etapu, w tym poniesienie koszt\u00f3w kwalifikowalnych z tym zwi\u0105zanych.<\/span><\/p>\n<p style=\"text-align: left;\"><span style=\"color: #000000;\">Wniosek o p\u0142atno\u015b\u0107 beneficjent sk\u0142ada w terminie okre\u015blonym w umowie, nie p\u00f3\u017aniej jednak ni\u017c po up\u0142ywie 2 lat od dnia zawarcia umowy i nie p\u00f3\u017aniej ni\u017c w dniu 31 grudnia 2022 r.<\/span><\/p>\n<p style=\"text-align: left;\"><span style=\"color: #000000;\"><strong>Koszty kwalifikowalne podlegaj\u0105 refundacji je\u017celi zosta\u0142y:<\/strong> 1) <strong>poniesione<\/strong>: a) <strong>od dnia, w kt\u00f3rym zosta\u0142a zawarta umowa<\/strong>, a w przypadku koszt\u00f3w og\u00f3lnych &#8211; od dnia 1 stycznia 2014 r., b) zgodnie z przepisami o zam\u00f3wieniach publicznych, a gdy te przepisy nie maj\u0105 zastosowania &#8211; w wyniku wyboru przez beneficjenta wykonawc\u00f3w poszczeg\u00f3lnych zada\u0144 uj\u0119tych w zestawieniu rzeczowo-finansowym operacji <strong>z zachowaniem konkurencyjnego trybu ich wyboru<\/strong> okre\u015blonego w umowie (konkurencyjnego trybu nie stosuje si\u0119 do koszt\u00f3w og\u00f3lnych poniesionych przed dniem zawarcia umowy), w przypadku gdy warto\u015b\u0107 danego zadania uj\u0119tego w zestawieniu rzeczowo-finansowym operacji przekracza 20 tys. z\u0142otych netto, c) w formie rozliczenia pieni\u0119\u017cnego, a w przypadku transakcji, kt\u00f3rej warto\u015b\u0107, bez wzgl\u0119du na liczb\u0119 wynikaj\u0105cych z niej p\u0142atno\u015bci, przekracza 1 tys. z\u0142otych &#8211; w formie rozliczenia bezgot\u00f3wkowego; 2) uwzgl\u0119dnione w oddzielnym systemie rachunkowo\u015bci albo do ich identyfikacji wykorzystano odpowiedni kod rachunkowy, w ramach prowadzonych ksi\u0105g rachunkowych albo przez prowadzenie zestawienia faktur lub r\u00f3wnowa\u017cnych dokument\u00f3w ksi\u0119gowych na formularzu udost\u0119pnionym przez samorz\u0105d wojew\u00f3dztwa, je\u017celi na podstawie odr\u0119bnych przepis\u00f3w beneficjent nie jest obowi\u0105zany do prowadzenia ksi\u0105g rachunkowych.<\/span><\/p>\n<p style=\"text-align: left;\"><span style=\"color: #000000;\"><strong>Do koszt\u00f3w kwalifikowanych zalicza si\u0119 nast\u0119puj\u0105ce koszty dotycz\u0105ce operacji:<\/strong><\/span><\/p>\n<p style=\"text-align: left;\"><span style=\"color: #000000;\">1) og\u00f3lne (takie jak honoraria architekt\u00f3w, in\u017cynier\u00f3w, op\u0142aty za konsultacje, op\u0142aty za doradztwo w zakresie zr\u00f3wnowa\u017cenia \u015brodowiskowego i gospodarczego, w tym studia wykonalno\u015bci),<\/span><\/p>\n<p style=\"text-align: left;\"><span style=\"color: #000000;\">2) zakupu rob\u00f3t budowlanych lub us\u0142ug,<\/span><\/p>\n<p style=\"text-align: left;\"><span style=\"color: #000000;\">3) zakupu lub rozwoju oprogramowania komputerowego oraz zakupu patent\u00f3w, licencji lub wynagrodze\u0144 za przeniesienie autorskich praw maj\u0105tkowych lub znak\u00f3w towarowych,<\/span><\/p>\n<p style=\"text-align: left;\"><span style=\"color: #000000;\">4) najmu lub dzier\u017cawy maszyn, wyposa\u017cenia lub nieruchomo\u015bci,<\/span><\/p>\n<p style=\"text-align: left;\"><span style=\"color: #000000;\">5) zakupu nowych maszyn lub wyposa\u017cenia,<\/span><\/p>\n<p style=\"text-align: left;\"><span style=\"color: #000000;\">6) zakupu \u015brodk\u00f3w transportu, z wy\u0142\u0105czeniem zakupu samochod\u00f3w osobowych przeznaczonych do przewozu mniej ni\u017c 8 os\u00f3b \u0142\u0105cznie z kierowc\u0105,<\/span><\/p>\n<p style=\"text-align: left;\"><span style=\"color: #000000;\">7) zakupu rzeczy innych ni\u017c wymienione w pkt 5 i 6, w tym materia\u0142\u00f3w,<\/span><\/p>\n<p style=\"text-align: left;\"><span style=\"color: #000000;\">8) podatku od towar\u00f3w i us\u0142ug (VAT), z wyj\u0105tkiem podatku, kt\u00f3ry mo\u017cna odzyska\u0107 na mocy prawodawstwa krajowego VAT, &#8211; kt\u00f3re s\u0105 <strong>uzasadnione<\/strong> zakresem operacji, <strong>niezb\u0119dne<\/strong> do osi\u0105gni\u0119cia jej celu oraz <strong>racjonalne<\/strong>.<\/span><\/p>\n<p style=\"text-align: left;\"><span style=\"color: #000000;\">Do koszt\u00f3w kwalifikowalnych nie zalicza si\u0119 koszt\u00f3w inwestycji polegaj\u0105cej na budowie albo przebudowie liniowych obiekt\u00f3w budowlanych w cz\u0119\u015bci dotycz\u0105cej realizacji odcink\u00f3w zlokalizowanych poza obszarem wiejskim obj\u0119tym LSR.<\/span><\/p>\n<p style=\"text-align: left;\"><span style=\"color: #000000;\">Przy ustalaniu wysoko\u015bci pomocy <strong>koszty og\u00f3lne<\/strong> s\u0105 uwzgl\u0119dniane w wysoko\u015bci nieprzekraczaj\u0105cej <strong>10% pozosta\u0142ych koszt\u00f3w kwalifikowalnych<\/strong> operacji, a <strong>koszty zakupu \u015brodk\u00f3w transportu<\/strong> &#8211; w wysoko\u015bci nieprzekraczaj\u0105cej <strong>30% pozosta\u0142ych koszt\u00f3w kwalifikowalnych<\/strong> operacji, pomniejszonych o koszty og\u00f3lne.<\/span><\/p>\n<p style=\"text-align: left;\"><span style=\"color: #000000;\"><strong>Limity pomocy<\/strong><\/span><\/p>\n<p style=\"text-align: left;\"><span style=\"color: #000000;\">Pomoc jest przyznawana do wysoko\u015bci limitu, kt\u00f3ry w okresie realizacji Programu Rozwoju Obszar\u00f3w Wiejskich na lata 2014-2020 wynosi <strong>300 tys. z\u0142otych na jednego beneficjenta<\/strong>. Wysoko\u015b\u0107 pomocy przyznanej <strong>na jedn\u0105 operacj\u0119 nie mo\u017ce przekroczy\u0107 300 tys. z\u0142otych<\/strong>.<\/span><\/p>\n<p style=\"text-align: left;\"><span style=\"color: #000000;\"><strong>Beneficjent zobowi\u0105zuje si\u0119 mi\u0119dzy innymi do:<\/strong><\/span><\/p>\n<ul style=\"text-align: left;\">\n<li><span style=\"color: #000000;\"><strong>zapewnienia trwa\u0142o\u015bci operacj<\/strong>i do dnia, w kt\u00f3rym up\u0142ynie <strong>3 lata od dnia wyp\u0142aty p\u0142atno\u015bci ko\u0144cowej,<\/strong><\/span><\/li>\n<li><span style=\"color: #000000;\">osi\u0105gni\u0119cia wska\u017anik\u00f3w realizacji celu operacji w okre\u015blonym terminie,<\/span><\/li>\n<li><span style=\"color: #000000;\">niefinansowania koszt\u00f3w kwalifikowalnych operacji z innych \u015brodk\u00f3w publicznych zgodnie z warunkami przyznania pomocy,<\/span><\/li>\n<li><span style=\"color: #000000;\">przechowywania dokument\u00f3w zwi\u0105zanych z przyznan\u0105 pomoc\u0105 do dnia, w kt\u00f3rym up\u0142ynie 5 lat od dnia wyp\u0142aty p\u0142atno\u015bci ko\u0144cowej.<\/span><\/li>\n<\/ul>\n<p style=\"text-align: left;\"><span style=\"color: #000000;\"><strong>Pomoc ma charakter pomocy de minimis.<\/strong> Zabezpieczeniem nale\u017cytego wykonania przez beneficjenta zobowi\u0105za\u0144 okre\u015blonych w umowie jest weksel niezupe\u0142ny (in blanco) wraz z deklaracj\u0105 wekslow\u0105.<\/span><\/p>\n<p style=\"text-align: left;\"><span style=\"color: #000000;\"><strong>Pomoc nie przys\u0142uguje<\/strong>, je\u017celi dzia\u0142alno\u015b\u0107 gospodarcza b\u0119d\u0105ca przedmiotem tej operacji jest sklasyfikowana w przepisach rozporz\u0105dzenia Rady Ministr\u00f3w z dnia 24 grudnia 2007 r. w sprawie Polskiej Klasyfikacji Dzia\u0142alno\u015bci (PKD) jako:<\/span><\/p>\n<p style=\"text-align: left;\"><span style=\"color: #000000;\">1) dzia\u0142alno\u015b\u0107 us\u0142ugowa wspomagaj\u0105ca rolnictwo i nast\u0119puj\u0105ca po zbiorach;<\/span><\/p>\n<p style=\"text-align: left;\"><span style=\"color: #000000;\">2) g\u00f3rnictwo i wydobywanie;<\/span><\/p>\n<p style=\"text-align: left;\"><span style=\"color: #000000;\">3) dzia\u0142alno\u015b\u0107 us\u0142ugowa wspomagaj\u0105ca g\u00f3rnictwo i wydobywanie;<\/span><\/p>\n<p style=\"text-align: left;\"><span style=\"color: #000000;\">4) przetwarzanie i konserwowanie ryb, skorupiak\u00f3w i mi\u0119czak\u00f3w;<\/span><\/p>\n<p style=\"text-align: left;\"><span style=\"color: #000000;\">5) wytwarzanie i przetwarzanie koksu i produkt\u00f3w rafinacji ropy naftowej;<\/span><\/p>\n<p style=\"text-align: left;\"><span style=\"color: #000000;\">6) produkcja chemikali\u00f3w oraz wyrob\u00f3w chemicznych;<\/span><\/p>\n<p style=\"text-align: left;\"><span style=\"color: #000000;\">7) produkcja podstawowych substancji farmaceutycznych oraz lek\u00f3w i pozosta\u0142ych wyrob\u00f3w farmaceutycznych;<\/span><\/p>\n<p style=\"text-align: left;\"><span style=\"color: #000000;\">8) produkcja metali;<\/span><\/p>\n<p style=\"text-align: left;\"><span style=\"color: #000000;\">9) produkcja pojazd\u00f3w samochodowych, przyczep i naczep oraz motocykli;<\/span><\/p>\n<p style=\"text-align: left;\"><span style=\"color: #000000;\">10) transport lotniczy i kolejowy;<\/span><\/p>\n<p style=\"text-align: left;\"><span style=\"color: #000000;\">11) gospodarka magazynowa.<\/span><\/p>\n<p style=\"text-align: left;\"><span style=\"color: #000000;\">Wnioski (dwie wersje papierowe)- nale\u017cy sk\u0142ada\u0107 <strong><u>bezpo\u015brednio<\/u><\/strong> w siedzibie <strong>Stowarzyszenia Przyjazna Dolina Raby i Czarnej Orawy<\/strong> &#8211;<strong>Raba Wy\u017cna 45 B, <\/strong>w godz.<strong> <u>od 08.00 do 14.00.<\/u><\/strong><\/span><\/p>\n<p style=\"text-align: left;\"><span style=\"color: #000000;\">Post\u0119powanie w sprawie o przyznanie pomocy prowadzi zarz\u0105d wojew\u00f3dztwa. Pomoc przys\u0142uguje wed\u0142ug kolejno\u015bci ustalonej na podstawie liczby punkt\u00f3w uzyskanych\u00a0 w ramach oceny prowadzonej przez Rad\u0119 LGD z zastosowaniem kryteri\u00f3w wyboru operacji okre\u015blonych w LSR i wskazanych w og\u0142oszeniu.<\/span><\/p>\n<p style=\"text-align: left;\"><span style=\"color: #808080;\">***<\/span><\/p>\n<p class=\"bodytext\" style=\"text-align: left;\"><span style=\"color: #000000; font-size: 14pt;\"><strong>Procedury, rozporz\u0105dzenia:<\/strong><\/span><\/p>\n<p style=\"text-align: left;\"><a href=\"https:\/\/drive.google.com\/file\/d\/1iPQ6zljzdpVrwD_YEHq5JGFxRVBv9vkl\/view?usp=sharing\"><span style=\"color: #0000ff;\">Procedura oceny i wyboru operacji w ramach poddzia\u0142ania \u201eWsparcie na wdra\u017canie operacji w ramach strategii rozwoju lokalnego kierowanego przez spo\u0142eczno\u015b\u0107\u201d obj\u0119tego PROW 2014-2020 realizowanych przez podmioty inne ni\u017c LGD<\/span><\/a><\/p>\n<p style=\"text-align: left;\"><span style=\"color: #0000ff;\"><a style=\"color: #0000ff;\" href=\"http:\/\/www.przyjaznadolinaraby.info\/images\/Procedura%20ustalania%20lub%20zmiany%20kryteri%C3%B3w%20wyboru%20dla_operacji%20w%C5%82asnych%20LGD%20oraz%20operacji%20realizowanych%20przez_podmioty%20inne%20ni%C5%BC%20LGD.docx\">Procedura ustalania lub zmiany kryteri\u00f3w wyboru dla operacji w\u0142asnych LGD, oraz operacji realizowanych przez podmioty inne ni\u017c LGD<\/a><\/span><\/p>\n<p style=\"text-align: left;\"><a href=\"https:\/\/dziennikustaw.gov.pl\/D2021000235801.pdf?fbclid=IwAR0c71BqzKDOaooi4xHHAjN3UE_CmCJ5DrePR3e5xjJOtaj3kHVGaZ-49NY\"><span style=\"color: #0000ff;\">ROZPORZ\u0104DZENIE MINISTRA ROLNICTWA I ROZWOJU WSI<\/span><\/a><br \/>\n<span style=\"color: #0000ff;\">z dnia 15 grudnia 2021 r. zmieniaj\u0105ce rozporz\u0105dzenie w sprawie szczeg\u00f3\u0142owych warunk\u00f3w i trybu przyznawania pomocy finansowej w ramach poddzia\u0142ania \u201eWsparcie na wdra\u017canie operacji w ramach strategii rozwoju lokalnego kierowanego przez spo\u0142eczno\u015b\u0107\u201d obj\u0119tego Programem Rozwoju Obszar\u00f3w Wiejskich na lata 2014\u20132020<\/span><\/p>\n<p style=\"text-align: left;\"><span style=\"color: #0000ff;\"><a style=\"color: #0000ff;\" href=\"https:\/\/drive.google.com\/file\/d\/1E7387mxUSfBllhCt5QCQVOGHFLpmiu3d\/view?usp=sharing\">Nowelizacja ww. rozporz\u0105dzenia &#8211; tekst jednolity z naniesionymi zmianami (udost\u0119pniony dzi\u0119ki uprzejmo\u015bci &#8222;K\u0142odzka Wst\u0119ga Sudet\u00f3w &#8211; Lokalna Grupa Dzia\u0142ania&#8221;).<\/a><\/span><\/p>\n<p style=\"text-align: left;\"><span style=\"color: #999999;\">***<\/span><\/p>\n<p style=\"text-align: left;\"><span style=\"color: #999999;\">W dniu 10 wrze\u015bnia 2020 r. wesz\u0142y w \u017cycie przepisy\u00a0Rozporz\u0105dzenia Ministra Rolnictwa i Rozwoju Wsi z dnia 2 wrze\u015bnia 2020 r. zmieniaj\u0105cego rozporz\u0105dzenie w sprawie szczeg\u00f3\u0142owych warunk\u00f3w i trybu przyznawania pomocy finansowej w ramach poddzia\u0142ania \u201cWsparcie na wdra\u017canie operacji w ramach strategii rozwoju lokalnego kierowanego przez spo\u0142eczno\u015b\u0107\u201d obj\u0119tego Programem Rozwoju Obszar\u00f3w Wiejskich na lata 2014-2020.\u00a0<\/span><\/p>\n<p style=\"text-align: left;\"><span style=\"color: #999999;\">Dokument ten wprowadzi\u0142 szereg zmian maj\u0105cych na celu u\u0142atwienie wywi\u0105zania si\u0119 ze zobowi\u0105za\u0144 um\u00f3w o dofinansowanie zawartych w zakresie podejmowania i rozwijania dzia\u0142alno\u015bci gospodarczej w ramach Programu Rozwoju Obszar\u00f3w Wiejskich na lata 2014-2020. Powsta\u0142 w odpowiedzi na aktualn\u0105 sytuacj\u0119 epidemiologiczn\u0105 wywo\u0142an\u0105 wirusem SARS-CoV-2.<\/span><\/p>\n<p style=\"text-align: left;\"><span style=\"color: #999999;\">Nowelizacja umo\u017cliwia zmian\u0119 (aneksowanie) warunk\u00f3w umowy o przyznaniu pomocy, zawartej z Samorz\u0105dem Wojew\u00f3dztwa!<\/span><\/p>\n<p style=\"text-align: left;\"><span style=\"text-decoration: underline; color: #999999;\"><strong>Tre\u015b\u0107 rozporz\u0105dzenia z naniesionymi zmianami\u00a0(<a style=\"color: #999999; text-decoration: underline;\" href=\"http:\/\/www.kujawiaki.pl\/plugins\/content\/zalaczniki\/helpers\/pobierz.php?id=858&amp;rid=0d1f2f93db86219df3532506b11e7f62\">pobierz<\/a>)<\/strong><\/span><\/p>\n<p style=\"text-align: left;\"><span style=\"color: #999999;\">***<\/span><\/p>\n<p style=\"text-align: left;\"><span style=\"color: #999999;\"><a style=\"color: #999999;\" href=\"http:\/\/www.dziennikustaw.gov.pl\/du\/2019\/664\/1\">Obwieszczenie Ministra Rolnictwa i Rozwoju Wsi z dnia 12 marca 2019 r. w sprawie og\u0142oszenia jednolitego tekstu rozporz\u0105dzenia Ministra Rolnictwa i Rozwoju Wsi w sprawie szczeg\u00f3\u0142owych warunk\u00f3w i trybu przyznawania pomocy finansowej w ramach poddzia\u0142ania \u201eWsparcie na wdra\u017canie operacji w ramach strategii rozwoju lokalnego kierowanego przez spo\u0142eczno\u015b\u0107\u201d obj\u0119tego Programem Rozwoju Obszar\u00f3w Wiejskich na lata 2014\u20132020<\/a><\/span><\/p>\n<p style=\"text-align: left;\"><span style=\"color: #999999;\"><a style=\"color: #999999;\" href=\"http:\/\/www.dziennikustaw.gov.pl\/du\/2018\/861\/1\">Rozporz\u0105dzenie Ministra Rolnictwa i Rozwoju Wsi z dnia 30 kwietnia 2018 r. zmieniaj\u0105ce rozporz\u0105dzenie w sprawie szczeg\u00f3\u0142owych warunk\u00f3w i trybu przyznawania pomocy finansowej w ramach poddzia\u0142ania \u201eWsparcie na wdra\u017canie operacji w ramach strategii rozwoju lokalnego kierowanego przez spo\u0142eczno\u015b\u0107\u201d obj\u0119tego Programem Rozwoju Obszar\u00f3w Wiejskich na lata 2014\u20132020<\/a><\/span><\/p>\n<p style=\"text-align: left;\"><span style=\"color: #999999;\"><a style=\"color: #999999;\" href=\"http:\/\/dziennikustaw.gov.pl\/du\/2017\/1588\/1\"><span id=\"dnn_ctr491_ViewAct_lblTitle\">Rozporz\u0105dzenie Ministra Rolnictwa i Rozwoju Wsi z dnia 10 sierpnia 2017 r. zmieniaj\u0105ce rozporz\u0105dzenie w sprawie szczeg\u00f3\u0142owych warunk\u00f3w i trybu przyznawania pomocy finansowej w ramach poddzia\u0142ania \u201eWsparcie na wdra\u017canie operacji w ramach strategii rozwoju lokalnego kierowanego przez spo\u0142eczno\u015b\u0107\u201d obj\u0119tego Programem Rozwoju Obszar\u00f3w Wiejskich na lata 2014\u20132020<\/span><\/a><\/span><\/p>\n<p style=\"text-align: left;\"><span style=\"color: #999999;\"><a style=\"color: #999999;\" href=\"http:\/\/przyjaznadolinaraby.info\/2014-2020\/wp-content\/uploads\/2016\/07\/ROZP_MRiRW-zmieniaj\u0105ce-rozporz\u0105dzenie.pdf\">Rozporz\u0105dzenie Ministra Rolnictwa i Rozwoju Wsi z dnia 25 sierpnia 2016 r. zmieniaj\u0105ce rozporz\u0105dzenie w sprawie szczeg\u00f3\u0142owych warunk\u00f3w i trybu przyznawania pomocy finansowej w ramach poddzia\u0142ania \u201eWsparcie na wdra\u017canie operacji w ramach strategii rozwoju lokalnego kierowanego przez spo\u0142eczno\u015b\u0107\u201d obj\u0119tego Programem Rozwoju Obszar\u00f3w Wiejskich na lata 2014\u20132020<\/a><\/span><\/p>\n<p style=\"text-align: left;\"><span style=\"color: #999999;\"><a style=\"color: #999999;\" href=\"http:\/\/www.dziennikustaw.gov.pl\/du\/2015\/1570\/1\"><span id=\"dnn_ctr491_ViewAct_lblTitle\">Rozporz\u0105dzenie Ministra Rolnictwa i Rozwoju Wsi z dnia 24 wrze\u015bnia 2015 r. w sprawie szczeg\u00f3\u0142owych warunk\u00f3w i trybu przyznawania pomocy finansowej w ramach poddzia\u0142ania \u201eWsparcie na wdra\u017canie operacji w ramach strategii rozwoju lokalnego kierowanego przez spo\u0142eczno\u015b\u0107\u201d obj\u0119tego Programem Rozwoju Obszar\u00f3w Wiejskich na lata 2014\u20132020<\/span><\/a><\/span><\/p>\n<p style=\"text-align: left;\"><span style=\"color: #999999;\">Archiwum:<\/span><\/p>\n<p style=\"text-align: left;\"><span style=\"color: #999999;\"><a style=\"color: #999999;\" href=\"http:\/\/przyjaznadolinaraby.info\/2014-2020\/wp-content\/uploads\/2016\/07\/Procedura-oceny-i-wyboru-operacji-inne-21.03.2017-zmiana-punkt\u00f3w.doc\">Procedura oceny i wyboru operacji inne <\/a>aktualne do 09.11.2017<\/span><\/p>\n<p style=\"text-align: left;\"><span style=\"color: #999999;\"><span style=\"text-decoration: underline;\"><a style=\"color: #999999; text-decoration: underline;\" href=\"http:\/\/przyjaznadolinaraby.info\/2014-2020\/wp-content\/uploads\/2016\/07\/Procedura-oceny-i-wyboru-operacji-inne-21.03.2017.doc\">Procedura oceny i wyboru operacji inne 21.03.2017<\/a>\u00a0<\/span>aktualne do 04.04.2017<\/span><\/p>\n<p style=\"text-align: left;\"><span style=\"color: #999999; text-decoration: underline;\"><a style=\"color: #999999; text-decoration: underline;\" href=\"http:\/\/przyjaznadolinaraby.info\/2014-2020\/wp-content\/uploads\/2016\/10\/Procedura-oceny-i-wyboru-operacji-26-09-2016-jednolita-ost-21.10.2016-1.doc\">Procedura oceny i wyboru operacji w ramach poddzia\u0142ania \u201eWsparcie na wdra\u017canie operacji w ramach strategii rozwoju lokalnego kierowanego przez spo\u0142eczno\u015b\u0107\u201d obj\u0119tego PROW 2014-2020 realizowanych przez podmioty inne ni\u017c LGD<\/a><\/span><\/p>\n<p style=\"text-align: left;\"><span style=\"color: #999999; text-decoration: underline;\"><a style=\"color: #999999; text-decoration: underline;\" href=\"http:\/\/przyjaznadolinaraby.info\/2014-2020\/wp-content\/uploads\/2016\/10\/Karta-weryfikacyjna-Za\u253c\u00e9\u2500\u016fcznik-nr-1do-procedury-INNE-21-10-2016.doc\">Za\u0142\u0105cznik nr 1 do procedury<\/a><\/span><\/p>\n<p style=\"text-align: left;\"><span style=\"color: #999999; text-decoration: underline;\"><a style=\"color: #999999; text-decoration: underline;\" href=\"http:\/\/przyjaznadolinaraby.info\/2014-2020\/wp-content\/uploads\/2016\/10\/Karta-zgodno\u253c\u0164ci-z-LSR-za\u253c\u00e9\u2500\u016fcznik-nr2-do-procedury-INNE-21-10-2016.doc\">Za\u0142\u0105cznik nr 2 do procedury<\/a><\/span><\/p>\n<p style=\"text-align: left;\"><span style=\"color: #999999;\"><span style=\"text-decoration: underline;\"><a style=\"color: #999999; text-decoration: underline;\" href=\"http:\/\/przyjaznadolinaraby.info\/2014-2020\/wp-content\/uploads\/2016\/10\/Karta-wg-lokalnych-kryteri\u251c\u2502w-za\u253c\u00e9.3doProceduryINNE-21-10-2016.doc\">Za\u0142\u0105cznik nr 3 do procedury<\/a>\u00a0<\/span> aktualne do 21.03.2017 r.<\/span><\/p>\n<p style=\"text-align: left;\"><span style=\"color: #999999;\"><u><a style=\"color: #999999;\" href=\"https:\/\/drive.google.com\/file\/d\/1ZESvY0jv4bX5LuSGKK83oGLyuQfBJ6KH\/view?usp=sharing\">Kryteria wyboru operacji realizowanych przez podmioty inne ni\u017c LGD<\/a><\/u>\u00a0&#8211; aktualne do 09.01.22 r.<\/span><\/p>\n<p style=\"text-align: left;\"><span style=\"color: #999999;\"><u><a style=\"color: #999999;\" href=\"https:\/\/drive.google.com\/open?id=1aJIf65XTQ8hQezMlXtASykik_JP21bpB\">Kryteria wyboru operacji realizowanych przez podmioty inne ni\u017c LGD<\/a><\/u>\u00a0&#8211; aktualne do 23.02.21 r.<\/span><\/p>\n<p style=\"text-align: left;\"><span style=\"color: #999999;\"><a style=\"color: #999999;\" href=\"http:\/\/przyjaznadolinaraby.info\/2014-2020\/wp-content\/uploads\/2017\/09\/za\u0142-nr-2-kryteria-operacji-innych-ni\u017c-LGD-zmiany.pdf\">Kryteria wyboru operacji realizowanych przez podmioty inne ni\u017c LGD<\/a>\u00a0&#8211; aktualne do 17.11.19 r.<\/span><\/p>\n<p style=\"text-align: left;\"><span style=\"color: #999999;\"><span style=\"text-decoration: underline;\"><a style=\"color: #999999; text-decoration: underline;\" href=\"http:\/\/przyjaznadolinaraby.info\/2014-2020\/wp-content\/uploads\/2017\/02\/za\u0142-nr-2-kryteria-operacji-innych-ni\u017c-LGD.pdf\">Kryteria wyboru operacji realizowanych przez podmioty inne ni\u017c LGD<\/a><\/span>\u00a0&#8211; aktualne do 06.09.17 r.<\/span><\/p>\n<p style=\"text-align: left;\"><span style=\"color: #999999;\"><a style=\"color: #999999;\" href=\"http:\/\/przyjaznadolinaraby.info\/2014-2020\/wp-content\/uploads\/2016\/09\/Kryteria-wyboru-operacji-realizowanych-przez-podmioty-inne-ni\u017c-LGD.odt\"><u>Kryteria wyboru operacji realizowanych przez podmioty inne ni\u017c LGD<\/u><\/a>\u00a0&#8211; aktualne do 21.02.17 r.<\/span><\/p>\n<p style=\"text-align: left;\"><span style=\"color: #999999;\"><a style=\"color: #999999;\" href=\"http:\/\/www.przyjaznadolinaraby.info\/images\/za\u0142%202.odt\"><u>Kryteria wyboru operacji realizowanych przez podmioty inne ni\u017c LGD<\/u><\/a>\u00a0&#8211; aktualne do 20.09.16 r.<\/span><\/p>\n<p style=\"text-align: left;\"><span style=\"color: #999999;\"><span style=\"text-decoration: underline;\"><a style=\"color: #999999; text-decoration: underline;\" href=\"http:\/\/www.przyjaznadolinaraby.info\/images\/inne%20projekty.rar\">Procedura oceny i wyboru operacji w ramach poddzia\u0142ania \u201eWsparcie na wdra\u017canie operacji w ramach strategii rozwoju lokalnego kierowanego przez spo\u0142eczno\u015b\u0107\u201d obj\u0119tego PROW 2014-2020 realizowanych przez podmioty inne ni\u017c LGD<\/a><\/span>\u00a0&#8211; aktualne do 27.10.16r<\/span><\/p>\n","protected":false},"excerpt":{"rendered":"<p>KONKURS Z ZAKRESU ROZWOJU PRZEDSI\u0118BIORCZO\u015aCI DO 70% POZIOMU DOFINANOWANIA Kryteria: UWAGA!\u00a0 Zaktualizowane kryteria wyboru operacji!\u00a0 Kryteria wyboru operacji realizowanych przez podmioty inne ni\u017c LGD- 10.01.2022 Wniosek aplikacyjny: Wz\u00f3r wniosku o przyznanie pomocy na operacje w ramach poddzia\u0142ania 19.2 \u201e (\u2026) z wy\u0142\u0105czeniem projekt\u00f3w grantowych oraz operacji w zakresie podejmowania dzia\u0142alno\u015bci gospodarczej (\u2026) (operacje: inne, w\u0142asne <a href=\"https:\/\/przyjaznadolinaraby.info\/2014-2020\/dotacje-na-rozwoj-firmy\/\" class=\"more-link\">&#8230;<span class=\"screen-reader-text\">  Dotacje na rozw\u00f3j firmy<\/span><\/a><\/p>\n","protected":false},"author":6,"featured_media":0,"comment_status":"closed","ping_status":"closed","sticky":false,"template":"","format":"standard","meta":{"_monsterinsights_skip_tracking":false,"_monsterinsights_sitenote_active":false,"_monsterinsights_sitenote_note":"","_monsterinsights_sitenote_category":0,"footnotes":""},"categories":[9],"tags":[],"acf":[],"_links":{"self":[{"href":"https:\/\/przyjaznadolinaraby.info\/2014-2020\/wp-json\/wp\/v2\/posts\/102"}],"collection":[{"href":"https:\/\/przyjaznadolinaraby.info\/2014-2020\/wp-json\/wp\/v2\/posts"}],"about":[{"href":"https:\/\/przyjaznadolinaraby.info\/2014-2020\/wp-json\/wp\/v2\/types\/post"}],"author":[{"embeddable":true,"href":"https:\/\/przyjaznadolinaraby.info\/2014-2020\/wp-json\/wp\/v2\/users\/6"}],"replies":[{"embeddable":true,"href":"https:\/\/przyjaznadolinaraby.info\/2014-2020\/wp-json\/wp\/v2\/comments?post=102"}],"version-history":[{"count":5,"href":"https:\/\/przyjaznadolinaraby.info\/2014-2020\/wp-json\/wp\/v2\/posts\/102\/revisions"}],"predecessor-version":[{"id":10758,"href":"https:\/\/przyjaznadolinaraby.info\/2014-2020\/wp-json\/wp\/v2\/posts\/102\/revisions\/10758"}],"wp:attachment":[{"href":"https:\/\/przyjaznadolinaraby.info\/2014-2020\/wp-json\/wp\/v2\/media?parent=102"}],"wp:term":[{"taxonomy":"category","embeddable":true,"href":"https:\/\/przyjaznadolinaraby.info\/2014-2020\/wp-json\/wp\/v2\/categories?post=102"},{"taxonomy":"post_tag","embeddable":true,"href":"https:\/\/przyjaznadolinaraby.info\/2014-2020\/wp-json\/wp\/v2\/tags?post=102"}],"curies":[{"name":"wp","href":"https:\/\/api.w.org\/{rel}","templated":true}]}}