{"id":10248,"date":"2022-11-02T11:37:28","date_gmt":"2022-11-02T10:37:28","guid":{"rendered":"http:\/\/przyjaznadolinaraby.info\/2014-2020\/?p=10248"},"modified":"2022-11-14T13:19:15","modified_gmt":"2022-11-14T12:19:15","slug":"spotkania-dot-wspoltworzenia-strategii-rozwoju-lokalnego-na-lata-2023-2027","status":"publish","type":"post","link":"https:\/\/przyjaznadolinaraby.info\/2014-2020\/spotkania-dot-wspoltworzenia-strategii-rozwoju-lokalnego-na-lata-2023-2027\/","title":{"rendered":"Spotkania dot. wsp\u00f3\u0142tworzenia Strategii Rozwoju Lokalnego na lata 2023-2027"},"content":{"rendered":"<p>Opracowujemy now\u0105 Strategi\u0119 Rozwoju dla Stowarzyszenia Przyjazna Dolina Raby i Czarnej Orawy.<\/p>\n<p>Serdecznie zapraszamy <strong>wszystkich mieszka\u0144c\u00f3w, przedstawicieli instytucji publicznych, organizacji pozarz\u0105dowych oraz przedsi\u0119biorc\u00f3w<\/strong> do udzia\u0142u w pracach nad dokumentem, a tak\u017ce w spotkaniach informacyjno-konsultacyjnych. Wypracowane podczas spotka\u0144 pomys\u0142y i zebrane uwagi pos\u0142u\u017c\u0105 do <strong>identyfikacji najwa\u017cniejszych problem\u00f3w, potrzeb i potencja\u0142\u00f3w oraz do opracowania przedsi\u0119wzi\u0119\u0107 i zada\u0144 potrzebnych do realizacji przez LGD.<\/strong><\/p>\n<p>W przypadku pyta\u0144\/uwag prosimy o kontakt: tel. 18 26 78 648, e-mail: lgd.rokiciny@interia.pl<\/p>\n<p><span style=\"text-decoration: underline;\"><strong>Tw\u00f3j udzia\u0142 jest dla nas wa\u017cny i b\u0119dzie mia\u0142 realny wp\u0142yw na nasze dzia\u0142ania w najbli\u017cszych latach.<\/strong><\/span><\/p>\n<p>&nbsp;<\/p>\n<p><strong>Harmonogram spotka\u0144:<\/strong><\/p>\n<p><span style=\"text-decoration: underline;\"><strong>16.11.2022 (\u015broda)<\/strong><\/span><br \/>\n\u2022 <strong>Gmina Rabka-Zdr\u00f3j, godz. 10.00-12.00;<\/strong> Sala Obrad w Urz\u0119dzie Miejskim w Rabce-Zdroju., ul. Parkowa 2, 34-700 Rabka-Zdr\u00f3j<br \/>\n\u2022 <strong>Gmina Spytkowice, godz. 12.30-14.30; S<\/strong>ala Obrad w Urz\u0119dzie Gminy Spytkowice, 34-745 Spytkowice 26<br \/>\n\u2022 <strong>Gmina Raba Wy\u017cna, godz. 15.00-17.00;<\/strong> Sala Obrad w Urz\u0119dzie Gminy Raba Wy\u017cna,\u00a034-721 Raba Wy\u017cna 41<\/p>\n<p><span style=\"text-decoration: underline;\"><strong>17.11.2022 (czwartek)<\/strong><\/span><br \/>\n\u2022 <strong>Gmina Czarny Dunajec, godz. 10.00-12.00;<\/strong> Sala Obrad w Urz\u0119dzie Gminy Czarny Dunajec, ul. J\u00f3zefa Pi\u0142sudskiego 2, 34-470 Czarny Dunajec<br \/>\n\u2022 <strong>Gmina Lipnica Wielka, godz. 12.30-14.30<\/strong>; Dom Ludowy w Lipnicy Wielkiej, 34-483 Lipnica Wielka na Orawie 518<br \/>\n\u2022 <strong>Gmina Jab\u0142onka , godz. 15.00-17.00<\/strong>; Sala Obrad w Urz\u0119dzie Gminy Jab\u0142onka, ul.3 Maja 1, 34-480 Jab\u0142onka<\/p>\n<p><img decoding=\"async\" class=\"alignnone size-full wp-image-10249\" src=\"http:\/\/przyjaznadolinaraby.info\/2014-2020\/wp-content\/uploads\/2022\/11\/SPOTKANIA-KONSULTACYJNE-nowy-1.jpg\" alt=\"\" width=\"1654\" height=\"2339\" srcset=\"https:\/\/przyjaznadolinaraby.info\/2014-2020\/wp-content\/uploads\/2022\/11\/SPOTKANIA-KONSULTACYJNE-nowy-1.jpg 1654w, https:\/\/przyjaznadolinaraby.info\/2014-2020\/wp-content\/uploads\/2022\/11\/SPOTKANIA-KONSULTACYJNE-nowy-1-212x300.jpg 212w, https:\/\/przyjaznadolinaraby.info\/2014-2020\/wp-content\/uploads\/2022\/11\/SPOTKANIA-KONSULTACYJNE-nowy-1-724x1024.jpg 724w\" sizes=\"(max-width: 1654px) 100vw, 1654px\" \/><\/p>\n<p>&nbsp;<\/p>\n","protected":false},"excerpt":{"rendered":"<p>Opracowujemy now\u0105 Strategi\u0119 Rozwoju dla Stowarzyszenia Przyjazna Dolina Raby i Czarnej Orawy. Serdecznie zapraszamy wszystkich mieszka\u0144c\u00f3w, przedstawicieli instytucji publicznych, organizacji pozarz\u0105dowych oraz przedsi\u0119biorc\u00f3w do udzia\u0142u w pracach nad dokumentem, a tak\u017ce w spotkaniach informacyjno-konsultacyjnych. Wypracowane podczas spotka\u0144 pomys\u0142y i zebrane uwagi pos\u0142u\u017c\u0105 do identyfikacji najwa\u017cniejszych problem\u00f3w, potrzeb i potencja\u0142\u00f3w oraz do opracowania przedsi\u0119wzi\u0119\u0107 i zada\u0144 <a href=\"https:\/\/przyjaznadolinaraby.info\/2014-2020\/spotkania-dot-wspoltworzenia-strategii-rozwoju-lokalnego-na-lata-2023-2027\/\" class=\"more-link\">&#8230;<span class=\"screen-reader-text\">  Spotkania dot. wsp\u00f3\u0142tworzenia Strategii Rozwoju Lokalnego na lata 2023-2027<\/span><\/a><\/p>\n","protected":false},"author":6,"featured_media":10255,"comment_status":"open","ping_status":"open","sticky":false,"template":"","format":"standard","meta":{"_monsterinsights_skip_tracking":false,"_monsterinsights_sitenote_active":false,"_monsterinsights_sitenote_note":"","_monsterinsights_sitenote_category":0,"footnotes":""},"categories":[3,12],"tags":[],"acf":[],"_links":{"self":[{"href":"https:\/\/przyjaznadolinaraby.info\/2014-2020\/wp-json\/wp\/v2\/posts\/10248"}],"collection":[{"href":"https:\/\/przyjaznadolinaraby.info\/2014-2020\/wp-json\/wp\/v2\/posts"}],"about":[{"href":"https:\/\/przyjaznadolinaraby.info\/2014-2020\/wp-json\/wp\/v2\/types\/post"}],"author":[{"embeddable":true,"href":"https:\/\/przyjaznadolinaraby.info\/2014-2020\/wp-json\/wp\/v2\/users\/6"}],"replies":[{"embeddable":true,"href":"https:\/\/przyjaznadolinaraby.info\/2014-2020\/wp-json\/wp\/v2\/comments?post=10248"}],"version-history":[{"count":3,"href":"https:\/\/przyjaznadolinaraby.info\/2014-2020\/wp-json\/wp\/v2\/posts\/10248\/revisions"}],"predecessor-version":[{"id":10254,"href":"https:\/\/przyjaznadolinaraby.info\/2014-2020\/wp-json\/wp\/v2\/posts\/10248\/revisions\/10254"}],"wp:featuredmedia":[{"embeddable":true,"href":"https:\/\/przyjaznadolinaraby.info\/2014-2020\/wp-json\/wp\/v2\/media\/10255"}],"wp:attachment":[{"href":"https:\/\/przyjaznadolinaraby.info\/2014-2020\/wp-json\/wp\/v2\/media?parent=10248"}],"wp:term":[{"taxonomy":"category","embeddable":true,"href":"https:\/\/przyjaznadolinaraby.info\/2014-2020\/wp-json\/wp\/v2\/categories?post=10248"},{"taxonomy":"post_tag","embeddable":true,"href":"https:\/\/przyjaznadolinaraby.info\/2014-2020\/wp-json\/wp\/v2\/tags?post=10248"}],"curies":[{"name":"wp","href":"https:\/\/api.w.org\/{rel}","templated":true}]}}