{"id":10278,"date":"2022-07-14T15:52:21","date_gmt":"2022-07-14T13:52:21","guid":{"rendered":"http:\/\/przyjaznadolinaraby.info\/2014-2020\/?p=10278"},"modified":"2023-10-25T13:41:28","modified_gmt":"2023-10-25T11:41:28","slug":"uwaga-rusza-rekrutacja-do-placowki-wsparcia-dziennego","status":"publish","type":"post","link":"https:\/\/przyjaznadolinaraby.info\/2014-2020\/uwaga-rusza-rekrutacja-do-placowki-wsparcia-dziennego\/","title":{"rendered":"Uwaga! Rusza rekrutacja do Plac\u00f3wki Wsparcia Dziennego"},"content":{"rendered":"<div class=\"col-lg-9\">\n<p>Z przyjemno\u015bci\u0105 informujemy, \u017ce ju\u017c 18 lipca 2022 rozpoczynamy rekrutacj\u0119 uczestnik\u00f3w do Plac\u00f3wki Wsparcia Dziennego w Piekielniku. Wszystkich zainteresowanych prosimy o zapoznanie si\u0119 z Regulaminem Rekrutacyjnym oraz o wype\u0142nienie dokument\u00f3w aplikacyjnych i z\u0142o\u017cenia ich w biurze projektu LGD pod adresem:<\/p>\n<p><strong>Rokiciny Podhala\u0144skie 14 A, 34-721 Raba Wy\u017cna<\/strong><\/p>\n<p><strong>od pn. \u2013 pt. w godzinach od 08.00 do 14.00<\/strong><\/p>\n<p><strong>REKRUTACJI DZIECKA DO PLAC\u00d3WKI\u00a0<\/strong>DOKONUJ\u0104 RODZICE\/OPIEKUNI PRAWNI SK\u0141ADAJ\u0104C:<\/p>\n<p><strong>-FORMULARZ REKRUTACJI ORAZ WYMAGANY KOMPLET DOKUMENT\u00d3W POTWIERDZAJ\u0104CYCH\u00a0 SYTUACJ\u0118 RODZINN\u0104<\/strong><br \/>\n(O\u015aWIADCZENIA, ZA\u015aWIADCZENIA, KSEROKOPIE)<\/p>\n<p>Decyzj\u0119 o przyj\u0119ciu dziecka do plac\u00f3wki podejmie Komisja Rekrutacyjna w oparciu o wymogi zawarte w Regulaminie Regkrutacji.<\/p>\n<p><strong>Dokumenty rekrutacyjne mo\u017cna pobra\u0107:<\/strong><\/p>\n<ul>\n<li>w biurze projektu \u2013 Stowarzyszenie Przyjazna Dolina Raby i Czarnej Orawy adres: Rokiciny Podhala\u0144skie 14a, 34-721 Raba Wy\u017cna<\/li>\n<li>na stronie internetowej LGD : http:\/\/przyjaznadolinaraby.info\/ w zak\u0142adce: Plac\u00f3wka Wsparcia Dziennego<\/li>\n<\/ul>\n<p>Dokumenty rekrutacyjne nale\u017cy z\u0142o\u017cy\u0107 w terminie<\/p>\n<p><strong>od 18.07.2022 do 08.08.2022<\/strong><\/p>\n<p>I cykl 18-24.07.2022<\/p>\n<p>II cykl 25-31.07.2022<\/p>\n<p>oraz III cykl 1-8.08.2022<\/p>\n<p>w biurze projektu lub wys\u0142a\u0107 na adres biura projektowego za po\u015brednictwem operatora pocztowego lub\u00a0<strong>za po\u015brednictwem poczty elektronicznej na adres mailowy:\u00a0<a role=\"link\" href=\"mailto:lgd.rokiciny@interia.pl\">lgd.rokiciny@interia.pl<\/a><\/strong><\/p>\n<p>Od 09.08.2022 dokumenty b\u0119d\u0105 przyjmowane w spos\u00f3b ci\u0105g\u0142y w miar\u0119 dost\u0119pno\u015bci miejsc w plac\u00f3wce.<\/p>\n<p>Biuro projektu, w kt\u00f3rym przyjmowane b\u0119d\u0105 zg\u0142oszenia uczestnik\u00f3w to Stowarzyszenie Przyjazna Dolina Raby i Czarnej Orawy adres: Rokiciny Podhala\u0144skie 14a, 34-721 Raba Wy\u017cna czynne:<\/p>\n<p>OD PONIEDZIA\u0141KU DO PI\u0104TKU W GODZINACH : 8:00 \u2013 14:00<\/p>\n<p><strong>DOKUMENTY DO POBRANIA:<\/strong><\/p>\n<ul>\n<li>Formularz zg\u0142oszeniowy dziecka \u2013\u00a0<strong><a role=\"link\" href=\"https:\/\/docs.google.com\/document\/d\/1ztOKtfTVZw5wA5LTzx_1Octlk4lxVu0R\/edit?usp=sharing&amp;ouid=116599793592344562435&amp;rtpof=true&amp;sd=true\">word<\/a><\/strong>\u00a0\/<strong><a role=\"link\" href=\"https:\/\/drive.google.com\/file\/d\/10wT5W5w51e_1CVRtISppo_G1JSeKUNBe\/view?usp=sharing\">\u00a0pdf<\/a><\/strong><\/li>\n<li><a role=\"link\" href=\"http:\/\/przyjaznadolinaraby.info\/2014-2020\/wp-content\/uploads\/2022\/10\/Regulamin-rekrutacji-Placowka-Wsparcia-Dziennego.pdf\">Regulamin rekrutacji Plac\u00f3wka Wsparcia Dziennego<\/a><\/li>\n<\/ul>\n<p><img decoding=\"async\" src=\"http:\/\/www.nadbialaprzemsza.org.pl\/images\/pasek_logo_RPO.jpg\" alt=\"\" \/><img decoding=\"async\" class=\"alignnone size-full wp-image-10670\" src=\"http:\/\/przyjaznadolinaraby.info\/2014-2020\/wp-content\/uploads\/2023\/10\/LOGOTYPY-OK.jpg\" alt=\"\" width=\"2079\" height=\"169\" srcset=\"https:\/\/przyjaznadolinaraby.info\/2014-2020\/wp-content\/uploads\/2023\/10\/LOGOTYPY-OK.jpg 2079w, https:\/\/przyjaznadolinaraby.info\/2014-2020\/wp-content\/uploads\/2023\/10\/LOGOTYPY-OK-300x24.jpg 300w, https:\/\/przyjaznadolinaraby.info\/2014-2020\/wp-content\/uploads\/2023\/10\/LOGOTYPY-OK-1024x83.jpg 1024w\" sizes=\"(max-width: 2079px) 100vw, 2079px\" \/><\/p>\n<p>&nbsp;<\/p>\n<\/div>\n<div class=\"col-lg-3 col-md-12 col-12 d-lg-block col-md-3 kolumna3 aos-init aos-animate\" data-aos=\"fade-down\">\n<div class=\"row kolumna3\">\n<div class=\"col kolumna3 ms-lg-3 ms-md-0\">\n<div class=\"row naglowekart kolumna3 aos-init aos-animate\" data-aos=\"fade-right\"><\/div>\n<\/div>\n<\/div>\n<\/div>\n","protected":false},"excerpt":{"rendered":"<p>Z przyjemno\u015bci\u0105 informujemy, \u017ce ju\u017c 18 lipca 2022 rozpoczynamy rekrutacj\u0119 uczestnik\u00f3w do Plac\u00f3wki Wsparcia Dziennego w Piekielniku. Wszystkich zainteresowanych prosimy o zapoznanie si\u0119 z Regulaminem Rekrutacyjnym oraz o wype\u0142nienie dokument\u00f3w aplikacyjnych i z\u0142o\u017cenia ich w biurze projektu LGD pod adresem: Rokiciny Podhala\u0144skie 14 A, 34-721 Raba Wy\u017cna od pn. \u2013 pt. w godzinach od 08.00 <a href=\"https:\/\/przyjaznadolinaraby.info\/2014-2020\/uwaga-rusza-rekrutacja-do-placowki-wsparcia-dziennego\/\" class=\"more-link\">&#8230;<span class=\"screen-reader-text\">  Uwaga! Rusza rekrutacja do Plac\u00f3wki Wsparcia Dziennego<\/span><\/a><\/p>\n","protected":false},"author":6,"featured_media":10280,"comment_status":"open","ping_status":"open","sticky":false,"template":"","format":"standard","meta":{"_monsterinsights_skip_tracking":false,"_monsterinsights_sitenote_active":false,"_monsterinsights_sitenote_note":"","_monsterinsights_sitenote_category":0,"footnotes":""},"categories":[3,13],"tags":[],"acf":[],"_links":{"self":[{"href":"https:\/\/przyjaznadolinaraby.info\/2014-2020\/wp-json\/wp\/v2\/posts\/10278"}],"collection":[{"href":"https:\/\/przyjaznadolinaraby.info\/2014-2020\/wp-json\/wp\/v2\/posts"}],"about":[{"href":"https:\/\/przyjaznadolinaraby.info\/2014-2020\/wp-json\/wp\/v2\/types\/post"}],"author":[{"embeddable":true,"href":"https:\/\/przyjaznadolinaraby.info\/2014-2020\/wp-json\/wp\/v2\/users\/6"}],"replies":[{"embeddable":true,"href":"https:\/\/przyjaznadolinaraby.info\/2014-2020\/wp-json\/wp\/v2\/comments?post=10278"}],"version-history":[{"count":5,"href":"https:\/\/przyjaznadolinaraby.info\/2014-2020\/wp-json\/wp\/v2\/posts\/10278\/revisions"}],"predecessor-version":[{"id":10676,"href":"https:\/\/przyjaznadolinaraby.info\/2014-2020\/wp-json\/wp\/v2\/posts\/10278\/revisions\/10676"}],"wp:featuredmedia":[{"embeddable":true,"href":"https:\/\/przyjaznadolinaraby.info\/2014-2020\/wp-json\/wp\/v2\/media\/10280"}],"wp:attachment":[{"href":"https:\/\/przyjaznadolinaraby.info\/2014-2020\/wp-json\/wp\/v2\/media?parent=10278"}],"wp:term":[{"taxonomy":"category","embeddable":true,"href":"https:\/\/przyjaznadolinaraby.info\/2014-2020\/wp-json\/wp\/v2\/categories?post=10278"},{"taxonomy":"post_tag","embeddable":true,"href":"https:\/\/przyjaznadolinaraby.info\/2014-2020\/wp-json\/wp\/v2\/tags?post=10278"}],"curies":[{"name":"wp","href":"https:\/\/api.w.org\/{rel}","templated":true}]}}