{"id":1032,"date":"2017-03-20T13:44:35","date_gmt":"2017-03-20T12:44:35","guid":{"rendered":"http:\/\/przyjaznadolinaraby.info\/2014-2020\/?p=1032"},"modified":"2017-03-21T14:02:01","modified_gmt":"2017-03-21T13:02:01","slug":"zachecamy-do-zapoznania-sie-z-informacjami-dot-wsparcia-ekonomii-spolecznej","status":"publish","type":"post","link":"https:\/\/przyjaznadolinaraby.info\/2014-2020\/zachecamy-do-zapoznania-sie-z-informacjami-dot-wsparcia-ekonomii-spolecznej\/","title":{"rendered":"Zach\u0119camy do zapoznania si\u0119 z informacjami dot. wsparcia ekonomii spo\u0142ecznej."},"content":{"rendered":"<p><strong>Szanowni Pa\u0144stwo, z przyjemno\u015bci\u0105 informujemy, i\u017c 1 sierpnia br. rozpocz\u0119li\u015bmy realizacj\u0119 projektu pn. <em>Ma\u0142opolski O\u015brodek Wsparcia Ekonomii Spo\u0142ecznej \u2013 Subregion Podhala\u0144ski. <\/em><\/strong><\/p>\n<p>Fundacja Rozwoju Regionu Rabka, wraz z czterema ma\u0142opolskimi organizacjami, posiada status akredytowanego O\u015brodka Wsparcia Ekonomii Spo\u0142ecznej, a prowadzony przez nas projekt daje mo\u017cliwo\u015b\u0107 \u015bwiadczenia us\u0142ug na rzecz wielu podmiot\u00f3w: m.in. gmin, spo\u0142eczno\u015bci lokalnych, przedsi\u0119biorc\u00f3w dzia\u0142aj\u0105cych w sferze ekonomii spo\u0142ecznej, os\u00f3b chc\u0105cych za\u0142o\u017cy\u0107 przedsi\u0119biorstwo spo\u0142eczne. Oferowane wsparcie ma na celu aktywizacj\u0119 lokalnych spo\u0142eczno\u015bci w zakresie rozwoju i budowy partnerstw na rzecz rozwoju ekonomii spo\u0142ecznej.<\/p>\n<p>Naszym priorytetem jest przekazanie lokalnym liderom wiedzy potrzebnej do za\u0142o\u017cenia, prowadzenia\u00a0i rozwijania przedsi\u0119biorstwa spo\u0142ecznego poprzez m. in. szkolenia, warsztaty, doradztwo Wsparcie uzyskaj\u0105 tak\u017ce osoby chc\u0105ce naby\u0107 kwalifikacje zawodowe niezb\u0119dne do pracy w przedsi\u0119biorstwie spo\u0142ecznym. <strong>\u015arodki finansowe b\u0119d\u0105 r\u00f3wnie\u017c przeznaczone na utworzenie nowych miejsc pracy w takich przedsi\u0119biorstwach, jak i na wsparcie pomostowe dla przedsi\u0119biorstw utworzonych w ramach projektu.<\/strong><\/p>\n<p>Nasz OWES tworz\u0105:<\/p>\n<p>o\u00a0\u00a0 Towarzystwo O\u015bwiatowe Ziemi Chrzanowskiej w Chrzanowie \u2013 Lider Projektu<\/p>\n<p>o\u00a0\u00a0 <strong>Fundacja Rozwoju Regionu Rabka<\/strong><\/p>\n<p>o\u00a0\u00a0 Fundacja im. Hetmana Jana Tarnowskiego<\/p>\n<p>o\u00a0\u00a0 Fundacja Miejsc i Ludzi Aktywnych<\/p>\n<p>o\u00a0\u00a0 Stowarzyszenie Inicjatyw Spo\u0142ecznych i O\u015bwiatowych \u201eCumulus\u201d<\/p>\n<p>&nbsp;<\/p>\n<p><strong><u>W ramach projektu oferujemy Pa\u0144stwu pe\u0142en dost\u0119p do wsparcia w postaci:<\/u><\/strong><\/p>\n<p><u>\u00a0<\/u><\/p>\n<p>o\u00a0\u00a0 inkubatora, w kt\u00f3rym b\u0119d\u0105 Pa\u0144stwo mogli prowadzi\u0107 swoj\u0105 dzia\u0142alno\u015b\u0107<\/p>\n<p>o\u00a0\u00a0 animacji \u015brodowisk lokalnych<\/p>\n<p>o\u00a0\u00a0 Doradztwa Kluczowego<\/p>\n<p>o\u00a0\u00a0 szkole\u0144 \u201eLider\u00f3w Aktywno\u015bci Spo\u0142ecznej\u201d<\/p>\n<p>o\u00a0\u00a0 grant\u00f3w na rozw\u00f3j Ekonomii Spo\u0142ecznej do 10 tys. z\u0142otych<\/p>\n<p>o\u00a0\u00a0 szkole\u0144 z zasad zak\u0142adania i prowadzenia podmiot\u00f3w ekonomii spo\u0142ecznej<\/p>\n<p>o\u00a0\u00a0 szkole\u0144 z zasad zak\u0142adania i prowadzenia przedsi\u0119biorstw spo\u0142ecznych wraz z doradztwem z zakresu pisania biznesplanu<\/p>\n<p>o\u00a0\u00a0 dotacji na utworzenie przedsi\u0119biorstw spo\u0142ecznych, w tym sp\u00f3\u0142dzielni socjalnych, w wysoko\u015bci oko\u0142o 20 tys. z\u0142otych<\/p>\n<p>o\u00a0\u00a0 wsparcia pomostowego do wysoko\u015bci 1850 z\u0142 miesi\u0119cznie na cz\u0142onka sp\u00f3\u0142dzielni socjalnej w nowo utworzonych przedsi\u0119biorstwach spo\u0142ecznych<\/p>\n<p>o\u00a0\u00a0 szkole\u0144 zawodowych dla przedstawicieli podmiot\u00f3w ekonomii spo\u0142ecznej<\/p>\n<p>o\u00a0\u00a0 wizyt studyjnych<\/p>\n<p>o\u00a0\u00a0 audyt\u00f3w: finansowego, prawnego, biznesowego, marketingowego<\/p>\n<p>o\u00a0\u00a0 doradztwa specjalistycznego prawnego i biznesowego<\/p>\n<p>o\u00a0\u00a0 us\u0142ug ksi\u0119gowych i marketingowych<\/p>\n<p>o\u00a0\u00a0 coachingu<\/p>\n<p>o\u00a0\u00a0 szkole\u0144 wyjazdowych z zakresu zagadnie\u0144 zwi\u0105zanych z prowadzeniem podmiot\u00f3w ekonomii spo\u0142ecznej<\/p>\n<p>&nbsp;<\/p>\n<p><u>PROJEKT REALIZOWANY JEST OD 1.08.2016 DO 31.07.2019. <\/u><\/p>\n<p>&nbsp;<\/p>\n<p>KONTAKT:<\/p>\n<p>o\u00a0\u00a0 <strong>Fundacja Rozwoju Regionu Rabka<\/strong><\/p>\n<p>Orkana 16 b<\/p>\n<p>34-700 Rabka-Zdr\u00f3j<\/p>\n<p>Biuro czynne: pon.-pt. w godz. 8:00-16:00<\/p>\n<p>Tel. 18-26-77-739 w. 32<\/p>\n<p>e-mail: mwozniak@frrr.pl<\/p>\n<p><a href=\"http:\/\/www.frrr.pl\/\"><u>www.frrr.pl<\/u><\/a><\/p>\n<p>Osoba do kontaktu: Magdalena Wo\u017aniak<\/p>\n<p>Dodatkowe informacje:<\/p>\n<p><a href=\"http:\/\/przyjaznadolinaraby.info\/2014-2020\/wp-content\/uploads\/2017\/03\/SKM_224e17022011020.pdf\">SKM_224e17022011020<\/a><\/p>\n<p><a href=\"http:\/\/przyjaznadolinaraby.info\/2014-2020\/wp-content\/uploads\/2017\/03\/SKM_224e17022011031.pdf\">SKM_224e17022011031<\/a><\/p>\n<p>&nbsp;<\/p>\n<p><strong>Fundacja Rozwoju Regionu Rabka realizuje w partnerstwie projekt \u201eMa\u0142opolski O\u015brodek Wsparcia Ekonomii Spo\u0142ecznej \u2013 Subregion Podhala\u0144ski\u201d dofinansowany z Funduszy Europejskich w wysoko\u015bci 4\u00a0264\u00a0966,23 PLN<\/strong><\/p>\n<p><img decoding=\"async\" class=\"alignnone wp-image-1033 size-full\" src=\"http:\/\/przyjaznadolinaraby.info\/2014-2020\/wp-content\/uploads\/2017\/03\/loga.jpg\" alt=\"loga\" width=\"820\" height=\"97\" srcset=\"https:\/\/przyjaznadolinaraby.info\/2014-2020\/wp-content\/uploads\/2017\/03\/loga.jpg 820w, https:\/\/przyjaznadolinaraby.info\/2014-2020\/wp-content\/uploads\/2017\/03\/loga-300x35.jpg 300w\" sizes=\"(max-width: 820px) 100vw, 820px\" \/><\/p>\n","protected":false},"excerpt":{"rendered":"<p>Szanowni Pa\u0144stwo, z przyjemno\u015bci\u0105 informujemy, i\u017c 1 sierpnia br. rozpocz\u0119li\u015bmy realizacj\u0119 projektu pn. Ma\u0142opolski O\u015brodek Wsparcia Ekonomii Spo\u0142ecznej \u2013 Subregion Podhala\u0144ski. Fundacja Rozwoju Regionu Rabka, wraz z czterema ma\u0142opolskimi organizacjami, posiada status akredytowanego O\u015brodka Wsparcia Ekonomii Spo\u0142ecznej, a prowadzony przez nas projekt daje mo\u017cliwo\u015b\u0107 \u015bwiadczenia us\u0142ug na rzecz wielu podmiot\u00f3w: m.in. gmin, spo\u0142eczno\u015bci lokalnych, przedsi\u0119biorc\u00f3w <a href=\"https:\/\/przyjaznadolinaraby.info\/2014-2020\/zachecamy-do-zapoznania-sie-z-informacjami-dot-wsparcia-ekonomii-spolecznej\/\" class=\"more-link\">&#8230;<span class=\"screen-reader-text\">  Zach\u0119camy do zapoznania si\u0119 z informacjami dot. wsparcia ekonomii spo\u0142ecznej.<\/span><\/a><\/p>\n","protected":false},"author":6,"featured_media":1038,"comment_status":"open","ping_status":"open","sticky":false,"template":"","format":"standard","meta":{"_monsterinsights_skip_tracking":false,"_monsterinsights_sitenote_active":false,"_monsterinsights_sitenote_note":"","_monsterinsights_sitenote_category":0,"footnotes":""},"categories":[3],"tags":[],"acf":[],"_links":{"self":[{"href":"https:\/\/przyjaznadolinaraby.info\/2014-2020\/wp-json\/wp\/v2\/posts\/1032"}],"collection":[{"href":"https:\/\/przyjaznadolinaraby.info\/2014-2020\/wp-json\/wp\/v2\/posts"}],"about":[{"href":"https:\/\/przyjaznadolinaraby.info\/2014-2020\/wp-json\/wp\/v2\/types\/post"}],"author":[{"embeddable":true,"href":"https:\/\/przyjaznadolinaraby.info\/2014-2020\/wp-json\/wp\/v2\/users\/6"}],"replies":[{"embeddable":true,"href":"https:\/\/przyjaznadolinaraby.info\/2014-2020\/wp-json\/wp\/v2\/comments?post=1032"}],"version-history":[{"count":0,"href":"https:\/\/przyjaznadolinaraby.info\/2014-2020\/wp-json\/wp\/v2\/posts\/1032\/revisions"}],"wp:featuredmedia":[{"embeddable":true,"href":"https:\/\/przyjaznadolinaraby.info\/2014-2020\/wp-json\/wp\/v2\/media\/1038"}],"wp:attachment":[{"href":"https:\/\/przyjaznadolinaraby.info\/2014-2020\/wp-json\/wp\/v2\/media?parent=1032"}],"wp:term":[{"taxonomy":"category","embeddable":true,"href":"https:\/\/przyjaznadolinaraby.info\/2014-2020\/wp-json\/wp\/v2\/categories?post=1032"},{"taxonomy":"post_tag","embeddable":true,"href":"https:\/\/przyjaznadolinaraby.info\/2014-2020\/wp-json\/wp\/v2\/tags?post=1032"}],"curies":[{"name":"wp","href":"https:\/\/api.w.org\/{rel}","templated":true}]}}