{"id":10323,"date":"2022-12-01T09:55:02","date_gmt":"2022-12-01T08:55:02","guid":{"rendered":"http:\/\/przyjaznadolinaraby.info\/2014-2020\/?p=10323"},"modified":"2023-01-18T13:47:47","modified_gmt":"2023-01-18T12:47:47","slug":"zaproszenie-na-posiedzenie-rady-stowarzyszenia-przyjazna-dolina-raby-i-czarnej-orawy-9","status":"publish","type":"post","link":"https:\/\/przyjaznadolinaraby.info\/2014-2020\/zaproszenie-na-posiedzenie-rady-stowarzyszenia-przyjazna-dolina-raby-i-czarnej-orawy-9\/","title":{"rendered":"Zaproszenie na  Posiedzenie Rady  Stowarzyszenia Przyjazna Dolina Raby i Czarnej Orawy"},"content":{"rendered":"\r\n<p>Zast\u0119pca Przewodnicz\u0105cej Rady Stowarzyszenia Przyjazna Dolina Raby i Czarnej Orawy zgodnie z \u00a7 19 ust. 1\u00a0 Regulaminu Rady, zaprasza cz\u0142onk\u00f3w Rady \u00a0na posiedzenie, kt\u00f3re odb\u0119dzie si\u0119 dnia <strong>08.12.2022 r. (czwartek) o godz. 09:00<\/strong><\/p>\r\n\r\n\r\n\r\n<p>\u00a0\u00a0\u00a0\u00a0\u00a0\u00a0\u00a0\u00a0\u00a0\u00a0\u00a0\u00a0\u00a0\u00a0\u00a0\u00a0\u00a0\u00a0\u00a0\u00a0\u00a0\u00a0\u00a0\u00a0\u00a0\u00a0\u00a0\u00a0\u00a0\u00a0\u00a0\u00a0\u00a0\u00a0\u00a0\u00a0\u00a0\u00a0\u00a0\u00a0\u00a0\u00a0\u00a0\u00a0\u00a0\u00a0\u00a0\u00a0\u00a0\u00a0\u00a0\u00a0\u00a0\u00a0\u00a0\u00a0\u00a0\u00a0\u00a0\u00a0\u00a0\u00a0\u00a0\u00a0\u00a0\u00a0\u00a0\u00a0\u00a0\u00a0\u00a0\u00a0\u00a0\u00a0\u00a0\u00a0\u00a0 <br \/><strong>Proponowany program Posiedzenia Rady\u00a0<\/strong><\/p>\r\n\r\n\r\n\r\n<ol>\r\n<li>Otwarcie obrad i powitanie zebranych cz\u0142onk\u00f3w Rady, stwierdzenie prawomocno\u015bci obrad.<\/li>\r\n<li>Przedstawienie porz\u0105dku i przyj\u0119cie porz\u0105dku obrad.<\/li>\r\n<li>Podpisanie deklaracji bezstronno\u015bci i poufno\u015bci dotycz\u0105cych naboru nr 7\/2022.<\/li>\r\n<li>Ocena zgodno\u015bci z LSR z\u0142o\u017conych wniosk\u00f3w w ramach naboru nr 7\/2022.<\/li>\r\n<li>Ocena wed\u0142ug lokalnych kryteri\u00f3w wyboru operacji wniosk\u00f3w z\u0142o\u017conych w ramach naboru nr 7\/2022.<\/li>\r\n<li>Ustalenie wysoko\u015bci kwot wsparcia.<\/li>\r\n<li>Sporz\u0105dzenie list operacji.<\/li>\r\n<li>Podj\u0119cie uchwa\u0142 o wybraniu lub niewybraniu operacji do finansowania oraz ustaleniu kwoty wsparcia.<\/li>\r\n<li>Wolne wnioski i zapytania.<\/li>\r\n<li>Zako\u0144czenie posiedzenia.<\/li>\r\n<\/ol>\r\n\r\n\r\n\r\n<p style=\"text-align: right;\"><strong>Przewodnicz\u0105ca Rady<\/strong><\/p>\r\n<p style=\"text-align: right;\"><strong>Stowarzyszenia Przyjazna Dolina Raby i Czarnej Orawy<\/strong><\/p>\r\n<p style=\"text-align: right;\"><em>Ma\u0142gorzata Kulawiak<\/em><\/p>\r\n","protected":false},"excerpt":{"rendered":"<p>Zast\u0119pca Przewodnicz\u0105cej Rady Stowarzyszenia Przyjazna Dolina Raby i Czarnej Orawy zgodnie z \u00a7 19 ust. 1\u00a0 Regulaminu Rady, zaprasza cz\u0142onk\u00f3w Rady \u00a0na posiedzenie, kt\u00f3re odb\u0119dzie si\u0119 dnia 08.12.2022 r. (czwartek) o godz. 09:00 \u00a0\u00a0\u00a0\u00a0\u00a0\u00a0\u00a0\u00a0\u00a0\u00a0\u00a0\u00a0\u00a0\u00a0\u00a0\u00a0\u00a0\u00a0\u00a0\u00a0\u00a0\u00a0\u00a0\u00a0\u00a0\u00a0\u00a0\u00a0\u00a0\u00a0\u00a0\u00a0\u00a0\u00a0\u00a0\u00a0\u00a0\u00a0\u00a0\u00a0\u00a0\u00a0\u00a0\u00a0\u00a0\u00a0\u00a0\u00a0\u00a0\u00a0\u00a0\u00a0\u00a0\u00a0\u00a0\u00a0\u00a0\u00a0\u00a0\u00a0\u00a0\u00a0\u00a0\u00a0\u00a0\u00a0\u00a0\u00a0\u00a0\u00a0\u00a0\u00a0\u00a0\u00a0\u00a0\u00a0\u00a0 Proponowany program Posiedzenia Rady\u00a0 Otwarcie obrad i powitanie zebranych cz\u0142onk\u00f3w Rady, stwierdzenie prawomocno\u015bci obrad. Przedstawienie porz\u0105dku i przyj\u0119cie porz\u0105dku obrad. Podpisanie <a href=\"https:\/\/przyjaznadolinaraby.info\/2014-2020\/zaproszenie-na-posiedzenie-rady-stowarzyszenia-przyjazna-dolina-raby-i-czarnej-orawy-9\/\" class=\"more-link\">&#8230;<span class=\"screen-reader-text\">  Zaproszenie na  Posiedzenie Rady  Stowarzyszenia Przyjazna Dolina Raby i Czarnej Orawy<\/span><\/a><\/p>\n","protected":false},"author":6,"featured_media":10381,"comment_status":"open","ping_status":"open","sticky":false,"template":"","format":"standard","meta":{"_monsterinsights_skip_tracking":false,"_monsterinsights_sitenote_active":false,"_monsterinsights_sitenote_note":"","_monsterinsights_sitenote_category":0,"footnotes":""},"categories":[3,1],"tags":[],"acf":[],"_links":{"self":[{"href":"https:\/\/przyjaznadolinaraby.info\/2014-2020\/wp-json\/wp\/v2\/posts\/10323"}],"collection":[{"href":"https:\/\/przyjaznadolinaraby.info\/2014-2020\/wp-json\/wp\/v2\/posts"}],"about":[{"href":"https:\/\/przyjaznadolinaraby.info\/2014-2020\/wp-json\/wp\/v2\/types\/post"}],"author":[{"embeddable":true,"href":"https:\/\/przyjaznadolinaraby.info\/2014-2020\/wp-json\/wp\/v2\/users\/6"}],"replies":[{"embeddable":true,"href":"https:\/\/przyjaznadolinaraby.info\/2014-2020\/wp-json\/wp\/v2\/comments?post=10323"}],"version-history":[{"count":1,"href":"https:\/\/przyjaznadolinaraby.info\/2014-2020\/wp-json\/wp\/v2\/posts\/10323\/revisions"}],"predecessor-version":[{"id":10324,"href":"https:\/\/przyjaznadolinaraby.info\/2014-2020\/wp-json\/wp\/v2\/posts\/10323\/revisions\/10324"}],"wp:featuredmedia":[{"embeddable":true,"href":"https:\/\/przyjaznadolinaraby.info\/2014-2020\/wp-json\/wp\/v2\/media\/10381"}],"wp:attachment":[{"href":"https:\/\/przyjaznadolinaraby.info\/2014-2020\/wp-json\/wp\/v2\/media?parent=10323"}],"wp:term":[{"taxonomy":"category","embeddable":true,"href":"https:\/\/przyjaznadolinaraby.info\/2014-2020\/wp-json\/wp\/v2\/categories?post=10323"},{"taxonomy":"post_tag","embeddable":true,"href":"https:\/\/przyjaznadolinaraby.info\/2014-2020\/wp-json\/wp\/v2\/tags?post=10323"}],"curies":[{"name":"wp","href":"https:\/\/api.w.org\/{rel}","templated":true}]}}