{"id":10331,"date":"2022-12-06T11:16:28","date_gmt":"2022-12-06T10:16:28","guid":{"rendered":"http:\/\/przyjaznadolinaraby.info\/2014-2020\/?p=10331"},"modified":"2023-01-18T14:13:58","modified_gmt":"2023-01-18T13:13:58","slug":"zaproszenie-na-nadzwyczajne-walne-zebranie-czlonkow-stowarzyszenia-przyjazna-dolina-raby-i-czarnej-orawy-12","status":"publish","type":"post","link":"https:\/\/przyjaznadolinaraby.info\/2014-2020\/zaproszenie-na-nadzwyczajne-walne-zebranie-czlonkow-stowarzyszenia-przyjazna-dolina-raby-i-czarnej-orawy-12\/","title":{"rendered":"Zaproszenie na Nadzwyczajne Walne Zebranie Cz\u0142onk\u00f3w Stowarzyszenia Przyjazna Dolina Raby i Czarnej Orawy"},"content":{"rendered":"\r\n<p>Stowarzyszenie Przyjazna Dolina Raby i Czarnej Orawy serdecznie zaprasza na Nadzwyczajne Walne Zebranie Cz\u0142onk\u00f3w Stowarzyszenia, kt\u00f3re odb\u0119dzie si\u0119<strong> 13.12.2022 r.<\/strong> o godzinie <strong>13.00<\/strong> na sali obrad Urz\u0119du Gminy w Rabie Wy\u017cnej.<\/p>\r\n\r\n\r\n\r\n<p><a><strong>Proponowany porz\u0105dek obrad:<\/strong><\/a><\/p>\r\n\r\n\r\n\r\n<p>1. Otwarcie obrad i stwierdzenie prawomocno\u015bci<\/p>\r\n<p>2. Wyb\u00f3r Przewodnicz\u0105cego Zebrania i Protokolanta<\/p>\r\n<p>3. Przedstawienie porz\u0105dku obrad<\/p>\r\n<p>4. Zg\u0142aszanie uwag do porz\u0105dku obrad<\/p>\r\n<p>5. Przyj\u0119cie porz\u0105dku obrad<\/p>\r\n<p>6. Wyb\u00f3r komisji skrutacyjnej<\/p>\r\n<p>7. Podj\u0119cie uchwa\u0142y w sprawie zmiany Statutu Stowarzyszenia Przyjazna Dolina Raby i Czarnej Orawy<\/p>\r\n<p>8. Wyznaczenie komisji do spraw monitoringu i ewaluacji<\/p>\r\n<p>9. Wolne wnioski<\/p>\r\n<p>10. Zamkni\u0119cie posiedzenia<\/p>\r\n<p>&nbsp;<\/p>\r\n<p>\r\n\r\n<\/p>\r\n","protected":false},"excerpt":{"rendered":"<p>Stowarzyszenie Przyjazna Dolina Raby i Czarnej Orawy serdecznie zaprasza na Nadzwyczajne Walne Zebranie Cz\u0142onk\u00f3w Stowarzyszenia, kt\u00f3re odb\u0119dzie si\u0119 13.12.2022 r. o godzinie 13.00 na sali obrad Urz\u0119du Gminy w Rabie Wy\u017cnej. Proponowany porz\u0105dek obrad: 1. Otwarcie obrad i stwierdzenie prawomocno\u015bci 2. Wyb\u00f3r Przewodnicz\u0105cego Zebrania i Protokolanta 3. Przedstawienie porz\u0105dku obrad 4. Zg\u0142aszanie uwag do porz\u0105dku <a href=\"https:\/\/przyjaznadolinaraby.info\/2014-2020\/zaproszenie-na-nadzwyczajne-walne-zebranie-czlonkow-stowarzyszenia-przyjazna-dolina-raby-i-czarnej-orawy-12\/\" class=\"more-link\">&#8230;<span class=\"screen-reader-text\">  Zaproszenie na Nadzwyczajne Walne Zebranie Cz\u0142onk\u00f3w Stowarzyszenia Przyjazna Dolina Raby i Czarnej Orawy<\/span><\/a><\/p>\n","protected":false},"author":6,"featured_media":10379,"comment_status":"open","ping_status":"open","sticky":false,"template":"","format":"standard","meta":{"_monsterinsights_skip_tracking":false,"_monsterinsights_sitenote_active":false,"_monsterinsights_sitenote_note":"","_monsterinsights_sitenote_category":0,"footnotes":""},"categories":[3],"tags":[],"acf":[],"_links":{"self":[{"href":"https:\/\/przyjaznadolinaraby.info\/2014-2020\/wp-json\/wp\/v2\/posts\/10331"}],"collection":[{"href":"https:\/\/przyjaznadolinaraby.info\/2014-2020\/wp-json\/wp\/v2\/posts"}],"about":[{"href":"https:\/\/przyjaznadolinaraby.info\/2014-2020\/wp-json\/wp\/v2\/types\/post"}],"author":[{"embeddable":true,"href":"https:\/\/przyjaznadolinaraby.info\/2014-2020\/wp-json\/wp\/v2\/users\/6"}],"replies":[{"embeddable":true,"href":"https:\/\/przyjaznadolinaraby.info\/2014-2020\/wp-json\/wp\/v2\/comments?post=10331"}],"version-history":[{"count":1,"href":"https:\/\/przyjaznadolinaraby.info\/2014-2020\/wp-json\/wp\/v2\/posts\/10331\/revisions"}],"predecessor-version":[{"id":10332,"href":"https:\/\/przyjaznadolinaraby.info\/2014-2020\/wp-json\/wp\/v2\/posts\/10331\/revisions\/10332"}],"wp:featuredmedia":[{"embeddable":true,"href":"https:\/\/przyjaznadolinaraby.info\/2014-2020\/wp-json\/wp\/v2\/media\/10379"}],"wp:attachment":[{"href":"https:\/\/przyjaznadolinaraby.info\/2014-2020\/wp-json\/wp\/v2\/media?parent=10331"}],"wp:term":[{"taxonomy":"category","embeddable":true,"href":"https:\/\/przyjaznadolinaraby.info\/2014-2020\/wp-json\/wp\/v2\/categories?post=10331"},{"taxonomy":"post_tag","embeddable":true,"href":"https:\/\/przyjaznadolinaraby.info\/2014-2020\/wp-json\/wp\/v2\/tags?post=10331"}],"curies":[{"name":"wp","href":"https:\/\/api.w.org\/{rel}","templated":true}]}}