{"id":10356,"date":"2023-01-04T20:18:22","date_gmt":"2023-01-04T19:18:22","guid":{"rendered":"http:\/\/przyjaznadolinaraby.info\/2014-2020\/?p=10356"},"modified":"2023-01-18T14:13:30","modified_gmt":"2023-01-18T13:13:30","slug":"zaproszenie-na-nadzwyczajne-walne-zebranie-czlonkow-stowarzyszenia-przyjazna-dolina-raby-i-czarnej-orawy-13","status":"publish","type":"post","link":"https:\/\/przyjaznadolinaraby.info\/2014-2020\/zaproszenie-na-nadzwyczajne-walne-zebranie-czlonkow-stowarzyszenia-przyjazna-dolina-raby-i-czarnej-orawy-13\/","title":{"rendered":"Zaproszenie na Nadzwyczajne Walne Zebranie Cz\u0142onk\u00f3w Stowarzyszenia Przyjazna Dolina Raby i Czarnej Orawy"},"content":{"rendered":"\r\n<p>Stowarzyszenie Przyjazna Dolina Raby i Czarnej Orawy serdecznie zaprasza na Nadzwyczajne Walne Zebranie Cz\u0142onk\u00f3w Stowarzyszenia, kt\u00f3re odb\u0119dzie si\u0119<strong> 12.01.2023 r.<\/strong> o godzinie <strong>09.00<\/strong> na sali obrad w Urz\u0119dzie Gminy Raba Wy\u017cna.\u00a0<\/p>\r\n\r\n\r\n\r\n<p><a><strong>Proponowany porz\u0105dek obrad:<\/strong><\/a><\/p>\r\n\r\n\r\n\r\n<ol>\r\n<li style=\"font-weight: 400;\">Otwarcie obrad i stwierdzenie prawomocno\u015bci.<\/li>\r\n<li style=\"font-weight: 400;\">Wyb\u00f3r Przewodnicz\u0105cego Zebrania i Protokolanta<\/li>\r\n<li style=\"font-weight: 400;\">Przedstawienie porz\u0105dku obrad<\/li>\r\n<li style=\"font-weight: 400;\">Zg\u0142aszanie uwag do porz\u0105dku obrad<\/li>\r\n<li style=\"font-weight: 400;\">Przyj\u0119cie porz\u0105dku obrad<\/li>\r\n<li style=\"font-weight: 400;\">Wyb\u00f3r komisji skrutacyjnej.<\/li>\r\n<li style=\"font-weight: 400;\">Podj\u0119cie uchwa\u0142y w sprawie zmiany uchwa\u0142y\u00a0nr 38\/2022\u00a0\u00a0\u00a0z dnia 13.12.2022 w sprawie: aktualizacji sk\u0142adu Rady Stowarzyszenia Przyjazna Dolina Raby i Czarnej Orawy<\/li>\r\n<li style=\"font-weight: 400;\">Wolne wnioski.<\/li>\r\n<li style=\"font-weight: 400;\">Zamkni\u0119cie posiedzenia<\/li>\r\n<\/ol>\r\n<p>\r\n\r\n<\/p>\r\n","protected":false},"excerpt":{"rendered":"<p>Stowarzyszenie Przyjazna Dolina Raby i Czarnej Orawy serdecznie zaprasza na Nadzwyczajne Walne Zebranie Cz\u0142onk\u00f3w Stowarzyszenia, kt\u00f3re odb\u0119dzie si\u0119 12.01.2023 r. o godzinie 09.00 na sali obrad w Urz\u0119dzie Gminy Raba Wy\u017cna.\u00a0 Proponowany porz\u0105dek obrad: Otwarcie obrad i stwierdzenie prawomocno\u015bci. Wyb\u00f3r Przewodnicz\u0105cego Zebrania i Protokolanta Przedstawienie porz\u0105dku obrad Zg\u0142aszanie uwag do porz\u0105dku obrad Przyj\u0119cie porz\u0105dku obrad <a href=\"https:\/\/przyjaznadolinaraby.info\/2014-2020\/zaproszenie-na-nadzwyczajne-walne-zebranie-czlonkow-stowarzyszenia-przyjazna-dolina-raby-i-czarnej-orawy-13\/\" class=\"more-link\">&#8230;<span class=\"screen-reader-text\">  Zaproszenie na Nadzwyczajne Walne Zebranie Cz\u0142onk\u00f3w Stowarzyszenia Przyjazna Dolina Raby i Czarnej Orawy<\/span><\/a><\/p>\n","protected":false},"author":6,"featured_media":10379,"comment_status":"open","ping_status":"open","sticky":false,"template":"","format":"standard","meta":{"_monsterinsights_skip_tracking":false,"_monsterinsights_sitenote_active":false,"_monsterinsights_sitenote_note":"","_monsterinsights_sitenote_category":0,"footnotes":""},"categories":[3],"tags":[],"acf":[],"_links":{"self":[{"href":"https:\/\/przyjaznadolinaraby.info\/2014-2020\/wp-json\/wp\/v2\/posts\/10356"}],"collection":[{"href":"https:\/\/przyjaznadolinaraby.info\/2014-2020\/wp-json\/wp\/v2\/posts"}],"about":[{"href":"https:\/\/przyjaznadolinaraby.info\/2014-2020\/wp-json\/wp\/v2\/types\/post"}],"author":[{"embeddable":true,"href":"https:\/\/przyjaznadolinaraby.info\/2014-2020\/wp-json\/wp\/v2\/users\/6"}],"replies":[{"embeddable":true,"href":"https:\/\/przyjaznadolinaraby.info\/2014-2020\/wp-json\/wp\/v2\/comments?post=10356"}],"version-history":[{"count":2,"href":"https:\/\/przyjaznadolinaraby.info\/2014-2020\/wp-json\/wp\/v2\/posts\/10356\/revisions"}],"predecessor-version":[{"id":10358,"href":"https:\/\/przyjaznadolinaraby.info\/2014-2020\/wp-json\/wp\/v2\/posts\/10356\/revisions\/10358"}],"wp:featuredmedia":[{"embeddable":true,"href":"https:\/\/przyjaznadolinaraby.info\/2014-2020\/wp-json\/wp\/v2\/media\/10379"}],"wp:attachment":[{"href":"https:\/\/przyjaznadolinaraby.info\/2014-2020\/wp-json\/wp\/v2\/media?parent=10356"}],"wp:term":[{"taxonomy":"category","embeddable":true,"href":"https:\/\/przyjaznadolinaraby.info\/2014-2020\/wp-json\/wp\/v2\/categories?post=10356"},{"taxonomy":"post_tag","embeddable":true,"href":"https:\/\/przyjaznadolinaraby.info\/2014-2020\/wp-json\/wp\/v2\/tags?post=10356"}],"curies":[{"name":"wp","href":"https:\/\/api.w.org\/{rel}","templated":true}]}}