{"id":10360,"date":"2023-01-17T13:38:46","date_gmt":"2023-01-17T12:38:46","guid":{"rendered":"http:\/\/przyjaznadolinaraby.info\/2014-2020\/?p=10360"},"modified":"2023-01-17T13:38:46","modified_gmt":"2023-01-17T12:38:46","slug":"nabor-na-wychowawce-w-placowce-wsparcia-dziennego-centrum-rozwoju-dzieci-i-mlodziezy-horyzont-3","status":"publish","type":"post","link":"https:\/\/przyjaznadolinaraby.info\/2014-2020\/nabor-na-wychowawce-w-placowce-wsparcia-dziennego-centrum-rozwoju-dzieci-i-mlodziezy-horyzont-3\/","title":{"rendered":"NAB\u00d3R NA WYCHOWAWC\u0118 W PLAC\u00d3WCE WSPARCIA DZIENNEGO \u201cCENTRUM ROZWOJU DZIECI I M\u0141ODZIE\u017bY \u201eHORYZONT\u201d \u201d"},"content":{"rendered":"<p>Stowarzyszenie Przyjazna Dolina Raby i Czarnej Orawy OG\u0141ASZA NAB\u00d3R NA STANOWISKO:<\/p>\n<ul>\n<li><strong>Wychowawcy w Plac\u00f3wce Wsparcia Dziennego- 1\/2 etatu<\/strong><\/li>\n<\/ul>\n<p>Szczeg\u00f3\u0142y:<\/p>\n<ul>\n<li><a role=\"link\" href=\"http:\/\/przyjaznadolinaraby.info\/2014-2020\/wp-content\/uploads\/2023\/01\/Ogloszenie-o-naborze-do-pracy-wychowawcy-ponowne-05-etatu-styczen-2023.pdf\">Og\u0142oszenie o naborze na stanowisko Wychowawcy\u00a0<\/a><\/li>\n<\/ul>\n<p>&nbsp;<\/p>\n<p>&nbsp;<\/p>\n","protected":false},"excerpt":{"rendered":"<p>Stowarzyszenie Przyjazna Dolina Raby i Czarnej Orawy OG\u0141ASZA NAB\u00d3R NA STANOWISKO: Wychowawcy w Plac\u00f3wce Wsparcia Dziennego- 1\/2 etatu Szczeg\u00f3\u0142y: Og\u0142oszenie o naborze na stanowisko Wychowawcy\u00a0 &nbsp; &nbsp;<\/p>\n","protected":false},"author":6,"featured_media":10263,"comment_status":"open","ping_status":"open","sticky":false,"template":"","format":"standard","meta":{"_monsterinsights_skip_tracking":false,"_monsterinsights_sitenote_active":false,"_monsterinsights_sitenote_note":"","_monsterinsights_sitenote_category":0,"footnotes":""},"categories":[3,13,14],"tags":[],"acf":[],"_links":{"self":[{"href":"https:\/\/przyjaznadolinaraby.info\/2014-2020\/wp-json\/wp\/v2\/posts\/10360"}],"collection":[{"href":"https:\/\/przyjaznadolinaraby.info\/2014-2020\/wp-json\/wp\/v2\/posts"}],"about":[{"href":"https:\/\/przyjaznadolinaraby.info\/2014-2020\/wp-json\/wp\/v2\/types\/post"}],"author":[{"embeddable":true,"href":"https:\/\/przyjaznadolinaraby.info\/2014-2020\/wp-json\/wp\/v2\/users\/6"}],"replies":[{"embeddable":true,"href":"https:\/\/przyjaznadolinaraby.info\/2014-2020\/wp-json\/wp\/v2\/comments?post=10360"}],"version-history":[{"count":1,"href":"https:\/\/przyjaznadolinaraby.info\/2014-2020\/wp-json\/wp\/v2\/posts\/10360\/revisions"}],"predecessor-version":[{"id":10362,"href":"https:\/\/przyjaznadolinaraby.info\/2014-2020\/wp-json\/wp\/v2\/posts\/10360\/revisions\/10362"}],"wp:featuredmedia":[{"embeddable":true,"href":"https:\/\/przyjaznadolinaraby.info\/2014-2020\/wp-json\/wp\/v2\/media\/10263"}],"wp:attachment":[{"href":"https:\/\/przyjaznadolinaraby.info\/2014-2020\/wp-json\/wp\/v2\/media?parent=10360"}],"wp:term":[{"taxonomy":"category","embeddable":true,"href":"https:\/\/przyjaznadolinaraby.info\/2014-2020\/wp-json\/wp\/v2\/categories?post=10360"},{"taxonomy":"post_tag","embeddable":true,"href":"https:\/\/przyjaznadolinaraby.info\/2014-2020\/wp-json\/wp\/v2\/tags?post=10360"}],"curies":[{"name":"wp","href":"https:\/\/api.w.org\/{rel}","templated":true}]}}