{"id":10397,"date":"2023-02-08T12:17:52","date_gmt":"2023-02-08T11:17:52","guid":{"rendered":"http:\/\/przyjaznadolinaraby.info\/2014-2020\/?p=10397"},"modified":"2023-02-08T12:58:57","modified_gmt":"2023-02-08T11:58:57","slug":"znamy-juz-date-naborow-na-podejmowanie-dzialalnosci-gospodarczejutworzenie-nowego-przedsiebiorstwa","status":"publish","type":"post","link":"https:\/\/przyjaznadolinaraby.info\/2014-2020\/znamy-juz-date-naborow-na-podejmowanie-dzialalnosci-gospodarczejutworzenie-nowego-przedsiebiorstwa\/","title":{"rendered":"Znamy ju\u017c dat\u0119 nabor\u00f3w na Podejmowanie dzia\u0142alno\u015bci gospodarczej(utworzenie nowego przedsi\u0119biorstwa)."},"content":{"rendered":"<p>Masz pomys\u0142 na biznes i potrzebujesz kas\u0119 na start? Je\u015bli chcesz za\u0142o\u017cy\u0107 <strong><u>dzia\u0142alno\u015b\u0107 gospodarcz\u0105<\/u><\/strong> oraz jeste\u015b mieszka\u0144cem Stowarzyszenia Przyjazna Dolina Raby i Czarnej Orawy (<strong>gminy: Rabka-Zdr\u00f3j, Raba Wy\u017cna, Spytkowice, Jab\u0142onka i Lipnica Wielka<\/strong>), nie podlegasz ubezpieczeniu w KRUS w pe\u0142nym zakresie z mocy ustawy, w okresie 3 miesi\u0119cy poprzedzaj\u0105cych dzie\u0144 z\u0142o\u017cenia wniosku nie wykonywa\u0142e\u015b dzia\u0142alno\u015bci gospodarczej teraz jest doskona\u0142y moment by zawnioskowa\u0107 o dotacj\u0119 ( PREMIA- 100 000 z\u0142).<\/p>\n<p style=\"text-align: center;\"><strong>Nab\u00f3r Nr 1\/2023 Rozw\u00f3j przedsi\u0119biorczo\u015bci na obszarze wiejskim obj\u0119tym strategi\u0105 rozwoju lokalnego kierowanego przez spo\u0142eczno\u015b\u0107- podejmowanie dzia\u0142alno\u015bci gospodarczej<\/strong><\/p>\n<p style=\"text-align: center;\"><strong>od 27-02-2023r. do 13-03-2023r.<\/strong><\/p>\n<p><strong>KWOTA WSPARCIA NA PODJ\u0118CIE DZIA\u0141ALNO\u015aCI GOSPODARCZEJ DLA JEDNEGO BENEFICJENTA ZOSTA\u0141A USTALONA NA POZIOMIE 100 000 z\u0142.<\/strong><\/p>\n<p>-&gt;Warunek :\u00a0 UTRZYMANIE FIRMY PRZEZ 2 LATA.<\/p>\n<p>-&gt;Pomoc wyp\u0142acana w formie rycza\u0142tu (2 transze, pierwsza po podpisaniu umowy \u2013 80%, druga po zrealizowaniu umowy- 20%)<strong>. <\/strong><\/p>\n<p><strong>-&gt;Konkurs dla os\u00f3b fizycznych, obywateli pa\u0144stwa cz\u0142onkowskiego UE maj\u0105cej miejsce zamieszkania na obszarze LGD.<\/strong><\/p>\n<p>Ka\u017cdy z\u0142o\u017cony projekt przejdzie ocen\u0119 wed\u0142ug <a href=\"https:\/\/drive.google.com\/file\/d\/1SdoQTS_hZRUYXP43hSS3H1LdnqL0PyIU\/view?usp=sharing\"><strong><u>kryteri\u00f3w wyboru operacji<\/u><\/strong><\/a> (dost\u0119pne na stronie przyjaznadolinaraby.info) .<\/p>\n<p>Nale\u017cy zaznaczy\u0107, \u017ce kryteria premiuj\u0105 w szczeg\u00f3lno\u015bci osoby nale\u017c\u0105ce do GRUPY DEFAWORYZOWANEJ tj.:<\/p>\n<ul>\n<li>niepe\u0142nosprawni,<\/li>\n<li>m\u0142odzi ludzie bez pracy ( do 35 roku \u017cycia),<\/li>\n<li>starsi ludzie (po 50 roku \u017cycia) ,<\/li>\n<li>m\u0142odzi rodzice, a szczeg\u00f3lnie m\u0142ode matki, w tym matki samotne ( do 35 roku \u017cycia).<\/li>\n<\/ul>\n<p>Ponadto stawiamy na<strong>\u00a0innowacyjno\u015b\u0107, ochron\u0119 \u015brodowiska oraz przeciwdzia\u0142anie zmianom klimatycznym.<\/strong><\/p>\n<p>Szczeg\u00f3\u0142owe informacje\u00a0 ju\u017c 13.02.2023r w Og\u0142oszeniu o Naborze na naszej stonie w Aktualno\u015bciach.<\/p>\n<p>Formularze wniosk\u00f3w: <a href=\"https:\/\/www.prow.malopolska.pl\/skorzystaj\/wzory-dokumentow-aplikacyjnych\/leader-wzor-wniosku-o-przyznanie-pomocy-na-operacje-w-zakresie-podejmowania-dzialalnosci-gospodarczej-w-ramach-poddzialania-19-2-wsparcie-na-wdrazanie-operacji-w-ramach-strategii-rozwoju-lokalnego-kierowanego-przez-spolecznosc-objetego-prow-2014-2020\">tu<\/a>\u00a0 lub <a href=\"https:\/\/www.gov.pl\/web\/arimr\/poddzialanie-192-wsparcie-na-wdrazanie-operacji-w-ramach-strategii-rozwoju-lokalnego-kierowanego-przez-spolecznosc3\">tu.<\/a><\/p>\n<p>&#8212;&#8212;&#8212;&#8212;&#8212;&#8212;&#8212;&#8212;&#8212;&#8212;&#8212;&#8212;&#8212;&#8212;&#8212;&#8212;-<\/p>\n<p>Kontakt do biura:<\/p>\n<p>lgd.rokiciny@interia.pl<\/p>\n<p>500 475\u00a0840<\/p>\n<p>&nbsp;<\/p>\n","protected":false},"excerpt":{"rendered":"<p>Masz pomys\u0142 na biznes i potrzebujesz kas\u0119 na start? Je\u015bli chcesz za\u0142o\u017cy\u0107 dzia\u0142alno\u015b\u0107 gospodarcz\u0105 oraz jeste\u015b mieszka\u0144cem Stowarzyszenia Przyjazna Dolina Raby i Czarnej Orawy (gminy: Rabka-Zdr\u00f3j, Raba Wy\u017cna, Spytkowice, Jab\u0142onka i Lipnica Wielka), nie podlegasz ubezpieczeniu w KRUS w pe\u0142nym zakresie z mocy ustawy, w okresie 3 miesi\u0119cy poprzedzaj\u0105cych dzie\u0144 z\u0142o\u017cenia wniosku nie wykonywa\u0142e\u015b dzia\u0142alno\u015bci <a href=\"https:\/\/przyjaznadolinaraby.info\/2014-2020\/znamy-juz-date-naborow-na-podejmowanie-dzialalnosci-gospodarczejutworzenie-nowego-przedsiebiorstwa\/\" class=\"more-link\">&#8230;<span class=\"screen-reader-text\">  Znamy ju\u017c dat\u0119 nabor\u00f3w na Podejmowanie dzia\u0142alno\u015bci gospodarczej(utworzenie nowego przedsi\u0119biorstwa).<\/span><\/a><\/p>\n","protected":false},"author":6,"featured_media":10405,"comment_status":"open","ping_status":"open","sticky":false,"template":"","format":"standard","meta":{"_monsterinsights_skip_tracking":false,"_monsterinsights_sitenote_active":false,"_monsterinsights_sitenote_note":"","_monsterinsights_sitenote_category":0,"footnotes":""},"categories":[3,1],"tags":[],"acf":[],"_links":{"self":[{"href":"https:\/\/przyjaznadolinaraby.info\/2014-2020\/wp-json\/wp\/v2\/posts\/10397"}],"collection":[{"href":"https:\/\/przyjaznadolinaraby.info\/2014-2020\/wp-json\/wp\/v2\/posts"}],"about":[{"href":"https:\/\/przyjaznadolinaraby.info\/2014-2020\/wp-json\/wp\/v2\/types\/post"}],"author":[{"embeddable":true,"href":"https:\/\/przyjaznadolinaraby.info\/2014-2020\/wp-json\/wp\/v2\/users\/6"}],"replies":[{"embeddable":true,"href":"https:\/\/przyjaznadolinaraby.info\/2014-2020\/wp-json\/wp\/v2\/comments?post=10397"}],"version-history":[{"count":7,"href":"https:\/\/przyjaznadolinaraby.info\/2014-2020\/wp-json\/wp\/v2\/posts\/10397\/revisions"}],"predecessor-version":[{"id":10406,"href":"https:\/\/przyjaznadolinaraby.info\/2014-2020\/wp-json\/wp\/v2\/posts\/10397\/revisions\/10406"}],"wp:featuredmedia":[{"embeddable":true,"href":"https:\/\/przyjaznadolinaraby.info\/2014-2020\/wp-json\/wp\/v2\/media\/10405"}],"wp:attachment":[{"href":"https:\/\/przyjaznadolinaraby.info\/2014-2020\/wp-json\/wp\/v2\/media?parent=10397"}],"wp:term":[{"taxonomy":"category","embeddable":true,"href":"https:\/\/przyjaznadolinaraby.info\/2014-2020\/wp-json\/wp\/v2\/categories?post=10397"},{"taxonomy":"post_tag","embeddable":true,"href":"https:\/\/przyjaznadolinaraby.info\/2014-2020\/wp-json\/wp\/v2\/tags?post=10397"}],"curies":[{"name":"wp","href":"https:\/\/api.w.org\/{rel}","templated":true}]}}