{"id":10477,"date":"2023-03-03T10:35:44","date_gmt":"2023-03-03T09:35:44","guid":{"rendered":"http:\/\/przyjaznadolinaraby.info\/2014-2020\/?p=10477"},"modified":"2023-03-08T09:03:03","modified_gmt":"2023-03-08T08:03:03","slug":"wyniki-i-etapu-naboru-na-stanowisko-kierownik-w-placowce-wsparcia-dziennego-3","status":"publish","type":"post","link":"https:\/\/przyjaznadolinaraby.info\/2014-2020\/wyniki-i-etapu-naboru-na-stanowisko-kierownik-w-placowce-wsparcia-dziennego-3\/","title":{"rendered":"Wyniki I etapu naboru na stanowisko: Kierownik w Plac\u00f3wce Wsparcia Dziennego"},"content":{"rendered":"\r\n<p>W zwi\u0105zku z up\u0142ywem terminu zg\u0142aszania kandydat\u00f3w na stanowisko <br \/><br \/>Kierownika w Plac\u00f3wce Wsparcia Dziennego informujemy, i\u017c wp\u0142yn\u0119\u0142a dwie oferty:<\/p>\r\n\r\n\r\n\r\n<ul>\r\n<li><b>Magdalena Chor\u0105\u017cy<\/b><\/li>\r\n<li><strong>Renata Martyniak<\/strong><\/li>\r\n<\/ul>\r\n\r\n\r\n\r\n<p>Termin rozmowy kwalifikacyjnej zosta\u0142 ustalony na \u015brod\u0119 8 marca 2023r. na godz. 10:00 kandydaci zostan\u0105 powiadomieni telefonicznie lub mailowo.<\/p>\r\n\r\n\r\n\r\n<p>&nbsp;<\/p>\r\n\r\n\r\n\r\n<p>&nbsp;<\/p>\r\n","protected":false},"excerpt":{"rendered":"<p>W zwi\u0105zku z up\u0142ywem terminu zg\u0142aszania kandydat\u00f3w na stanowisko Kierownika w Plac\u00f3wce Wsparcia Dziennego informujemy, i\u017c wp\u0142yn\u0119\u0142a dwie oferty: Magdalena Chor\u0105\u017cy Renata Martyniak Termin rozmowy kwalifikacyjnej zosta\u0142 ustalony na \u015brod\u0119 8 marca 2023r. na godz. 10:00 kandydaci zostan\u0105 powiadomieni telefonicznie lub mailowo. &nbsp; &nbsp;<\/p>\n","protected":false},"author":6,"featured_media":10263,"comment_status":"open","ping_status":"open","sticky":false,"template":"","format":"standard","meta":{"_monsterinsights_skip_tracking":false,"_monsterinsights_sitenote_active":false,"_monsterinsights_sitenote_note":"","_monsterinsights_sitenote_category":0,"footnotes":""},"categories":[3,13,14],"tags":[],"acf":[],"_links":{"self":[{"href":"https:\/\/przyjaznadolinaraby.info\/2014-2020\/wp-json\/wp\/v2\/posts\/10477"}],"collection":[{"href":"https:\/\/przyjaznadolinaraby.info\/2014-2020\/wp-json\/wp\/v2\/posts"}],"about":[{"href":"https:\/\/przyjaznadolinaraby.info\/2014-2020\/wp-json\/wp\/v2\/types\/post"}],"author":[{"embeddable":true,"href":"https:\/\/przyjaznadolinaraby.info\/2014-2020\/wp-json\/wp\/v2\/users\/6"}],"replies":[{"embeddable":true,"href":"https:\/\/przyjaznadolinaraby.info\/2014-2020\/wp-json\/wp\/v2\/comments?post=10477"}],"version-history":[{"count":2,"href":"https:\/\/przyjaznadolinaraby.info\/2014-2020\/wp-json\/wp\/v2\/posts\/10477\/revisions"}],"predecessor-version":[{"id":10479,"href":"https:\/\/przyjaznadolinaraby.info\/2014-2020\/wp-json\/wp\/v2\/posts\/10477\/revisions\/10479"}],"wp:featuredmedia":[{"embeddable":true,"href":"https:\/\/przyjaznadolinaraby.info\/2014-2020\/wp-json\/wp\/v2\/media\/10263"}],"wp:attachment":[{"href":"https:\/\/przyjaznadolinaraby.info\/2014-2020\/wp-json\/wp\/v2\/media?parent=10477"}],"wp:term":[{"taxonomy":"category","embeddable":true,"href":"https:\/\/przyjaznadolinaraby.info\/2014-2020\/wp-json\/wp\/v2\/categories?post=10477"},{"taxonomy":"post_tag","embeddable":true,"href":"https:\/\/przyjaznadolinaraby.info\/2014-2020\/wp-json\/wp\/v2\/tags?post=10477"}],"curies":[{"name":"wp","href":"https:\/\/api.w.org\/{rel}","templated":true}]}}