{"id":10484,"date":"2023-03-10T12:27:03","date_gmt":"2023-03-10T11:27:03","guid":{"rendered":"http:\/\/przyjaznadolinaraby.info\/2014-2020\/?p=10484"},"modified":"2023-03-10T12:27:03","modified_gmt":"2023-03-10T11:27:03","slug":"wyniki-naboru-na-stanowisko-kierownik-w-placowce-wsparcia-dziennego","status":"publish","type":"post","link":"https:\/\/przyjaznadolinaraby.info\/2014-2020\/wyniki-naboru-na-stanowisko-kierownik-w-placowce-wsparcia-dziennego\/","title":{"rendered":"Wyniki naboru na stanowisko: Kierownik w Plac\u00f3wce Wsparcia Dziennego"},"content":{"rendered":"\r\n<p>W zwi\u0105zku z zako\u0144czeniem nabor\u00f3w na stanowisko Kierownika w Plac\u00f3wce Wsparcia Dziennego\u00a0 i przeprowadzeniu z kandydatami rozmowy kwalifikacyjnej informujemy, i\u017c na to stanowisko \u00a0 wybrano:<\/p>\r\n<ul>\r\n<li><b>Magdalen\u0119 Chor\u0105\u017cy.\u00a0<\/b><\/li>\r\n<\/ul>\r\n\r\n\r\n\r\n<p>&nbsp;<\/p>\r\n","protected":false},"excerpt":{"rendered":"<p>W zwi\u0105zku z zako\u0144czeniem nabor\u00f3w na stanowisko Kierownika w Plac\u00f3wce Wsparcia Dziennego\u00a0 i przeprowadzeniu z kandydatami rozmowy kwalifikacyjnej informujemy, i\u017c na to stanowisko \u00a0 wybrano: Magdalen\u0119 Chor\u0105\u017cy.\u00a0 &nbsp;<\/p>\n","protected":false},"author":6,"featured_media":10263,"comment_status":"open","ping_status":"open","sticky":false,"template":"","format":"standard","meta":{"_monsterinsights_skip_tracking":false,"_monsterinsights_sitenote_active":false,"_monsterinsights_sitenote_note":"","_monsterinsights_sitenote_category":0,"footnotes":""},"categories":[3,13,14],"tags":[],"acf":[],"_links":{"self":[{"href":"https:\/\/przyjaznadolinaraby.info\/2014-2020\/wp-json\/wp\/v2\/posts\/10484"}],"collection":[{"href":"https:\/\/przyjaznadolinaraby.info\/2014-2020\/wp-json\/wp\/v2\/posts"}],"about":[{"href":"https:\/\/przyjaznadolinaraby.info\/2014-2020\/wp-json\/wp\/v2\/types\/post"}],"author":[{"embeddable":true,"href":"https:\/\/przyjaznadolinaraby.info\/2014-2020\/wp-json\/wp\/v2\/users\/6"}],"replies":[{"embeddable":true,"href":"https:\/\/przyjaznadolinaraby.info\/2014-2020\/wp-json\/wp\/v2\/comments?post=10484"}],"version-history":[{"count":1,"href":"https:\/\/przyjaznadolinaraby.info\/2014-2020\/wp-json\/wp\/v2\/posts\/10484\/revisions"}],"predecessor-version":[{"id":10485,"href":"https:\/\/przyjaznadolinaraby.info\/2014-2020\/wp-json\/wp\/v2\/posts\/10484\/revisions\/10485"}],"wp:featuredmedia":[{"embeddable":true,"href":"https:\/\/przyjaznadolinaraby.info\/2014-2020\/wp-json\/wp\/v2\/media\/10263"}],"wp:attachment":[{"href":"https:\/\/przyjaznadolinaraby.info\/2014-2020\/wp-json\/wp\/v2\/media?parent=10484"}],"wp:term":[{"taxonomy":"category","embeddable":true,"href":"https:\/\/przyjaznadolinaraby.info\/2014-2020\/wp-json\/wp\/v2\/categories?post=10484"},{"taxonomy":"post_tag","embeddable":true,"href":"https:\/\/przyjaznadolinaraby.info\/2014-2020\/wp-json\/wp\/v2\/tags?post=10484"}],"curies":[{"name":"wp","href":"https:\/\/api.w.org\/{rel}","templated":true}]}}