{"id":10487,"date":"2023-03-13T12:09:20","date_gmt":"2023-03-13T11:09:20","guid":{"rendered":"http:\/\/przyjaznadolinaraby.info\/2014-2020\/?p=10487"},"modified":"2023-03-13T12:31:33","modified_gmt":"2023-03-13T11:31:33","slug":"nabor-na-wychowawce-w-placowce-wsparcia-dziennego-centrum-rozwoju-dzieci-i-mlodziezy-horyzont-4","status":"publish","type":"post","link":"https:\/\/przyjaznadolinaraby.info\/2014-2020\/nabor-na-wychowawce-w-placowce-wsparcia-dziennego-centrum-rozwoju-dzieci-i-mlodziezy-horyzont-4\/","title":{"rendered":"NAB\u00d3R NA WYCHOWAWC\u0118 W PLAC\u00d3WCE WSPARCIA DZIENNEGO \u201cCENTRUM ROZWOJU DZIECI I M\u0141ODZIE\u017bY \u201eHORYZONT\u201d \u201d"},"content":{"rendered":"<p>Stowarzyszenie Przyjazna Dolina Raby i Czarnej Orawy OG\u0141ASZA NAB\u00d3R NA STANOWISKO:<\/p>\n<ul>\n<li><strong>Wychowawcy w Plac\u00f3wce Wsparcia Dziennego- 1\/2 etatu<\/strong><\/li>\n<\/ul>\n<p>Szczeg\u00f3\u0142y:<\/p>\n<ul>\n<li><a role=\"link\" href=\"http:\/\/przyjaznadolinaraby.info\/2014-2020\/wp-content\/uploads\/2023\/03\/Ogloszenie-o-naborze-do-pracy-wychowawcy-ponowne-05-etatu-marzec-2023.pdf\">Og\u0142oszenie o naborze na stanowisko Wychowawcy\u00a0<\/a><\/li>\n<\/ul>\n<p>&nbsp;<\/p>\n","protected":false},"excerpt":{"rendered":"<p>Stowarzyszenie Przyjazna Dolina Raby i Czarnej Orawy OG\u0141ASZA NAB\u00d3R NA STANOWISKO: Wychowawcy w Plac\u00f3wce Wsparcia Dziennego- 1\/2 etatu Szczeg\u00f3\u0142y: Og\u0142oszenie o naborze na stanowisko Wychowawcy\u00a0 &nbsp;<\/p>\n","protected":false},"author":6,"featured_media":10263,"comment_status":"open","ping_status":"open","sticky":false,"template":"","format":"standard","meta":{"_monsterinsights_skip_tracking":false,"_monsterinsights_sitenote_active":false,"_monsterinsights_sitenote_note":"","_monsterinsights_sitenote_category":0,"footnotes":""},"categories":[3,13,14],"tags":[],"acf":[],"_links":{"self":[{"href":"https:\/\/przyjaznadolinaraby.info\/2014-2020\/wp-json\/wp\/v2\/posts\/10487"}],"collection":[{"href":"https:\/\/przyjaznadolinaraby.info\/2014-2020\/wp-json\/wp\/v2\/posts"}],"about":[{"href":"https:\/\/przyjaznadolinaraby.info\/2014-2020\/wp-json\/wp\/v2\/types\/post"}],"author":[{"embeddable":true,"href":"https:\/\/przyjaznadolinaraby.info\/2014-2020\/wp-json\/wp\/v2\/users\/6"}],"replies":[{"embeddable":true,"href":"https:\/\/przyjaznadolinaraby.info\/2014-2020\/wp-json\/wp\/v2\/comments?post=10487"}],"version-history":[{"count":1,"href":"https:\/\/przyjaznadolinaraby.info\/2014-2020\/wp-json\/wp\/v2\/posts\/10487\/revisions"}],"predecessor-version":[{"id":10489,"href":"https:\/\/przyjaznadolinaraby.info\/2014-2020\/wp-json\/wp\/v2\/posts\/10487\/revisions\/10489"}],"wp:featuredmedia":[{"embeddable":true,"href":"https:\/\/przyjaznadolinaraby.info\/2014-2020\/wp-json\/wp\/v2\/media\/10263"}],"wp:attachment":[{"href":"https:\/\/przyjaznadolinaraby.info\/2014-2020\/wp-json\/wp\/v2\/media?parent=10487"}],"wp:term":[{"taxonomy":"category","embeddable":true,"href":"https:\/\/przyjaznadolinaraby.info\/2014-2020\/wp-json\/wp\/v2\/categories?post=10487"},{"taxonomy":"post_tag","embeddable":true,"href":"https:\/\/przyjaznadolinaraby.info\/2014-2020\/wp-json\/wp\/v2\/tags?post=10487"}],"curies":[{"name":"wp","href":"https:\/\/api.w.org\/{rel}","templated":true}]}}