{"id":10521,"date":"2023-04-12T15:07:32","date_gmt":"2023-04-12T13:07:32","guid":{"rendered":"http:\/\/przyjaznadolinaraby.info\/2014-2020\/?p=10521"},"modified":"2023-04-14T09:11:26","modified_gmt":"2023-04-14T07:11:26","slug":"zaproszenie-na-walne-zebranie-czlonkow-stowarzyszenia-przyjazna-dolina-raby-i-czarnej-orawy-7","status":"publish","type":"post","link":"https:\/\/przyjaznadolinaraby.info\/2014-2020\/zaproszenie-na-walne-zebranie-czlonkow-stowarzyszenia-przyjazna-dolina-raby-i-czarnej-orawy-7\/","title":{"rendered":"Zaproszenie na Walne Zebranie Cz\u0142onk\u00f3w Stowarzyszenia Przyjazna Dolina Raby i Czarnej Orawy"},"content":{"rendered":"\r\n<p>Stowarzyszenie Przyjazna Dolina Raby i Czarnej Orawy serdecznie zaprasza na Walne Zebranie Cz\u0142onk\u00f3w Stowarzyszenia, kt\u00f3re odb\u0119dzie si\u0119 <strong>19.04.2023 r.<\/strong>(\u015broda)\u00a0o godzinie\u00a0<strong>14.00<\/strong>\u00a0na Sali obrad Urz\u0119du Gminy w Rabie Wy\u017cnej.<\/p>\r\n\r\n\r\n\r\n<p><a><strong>Proponowany porz\u0105dek obrad:<\/strong><\/a><\/p>\r\n<p>1. Otwarcie obrad i stwierdzenie prawomocno\u015bci.<br \/>2. Wyb\u00f3r Przewodnicz\u0105cego Zebrania i Protokolanta<br \/>3. Przedstawienie porz\u0105dku obrad<br \/>4. Zg\u0142aszanie uwag do porz\u0105dku obrad<br \/>5. Przyj\u0119cie porz\u0105dku obrad<br \/>6. Wyb\u00f3r komisji skrutacyjnej.<br \/>7. Sprawozdanie finansowe za 2022 rok:<br \/>a) om\u00f3wienie sprawozdania finansowego za 2022 rok<br \/>b) sprawozdanie z dzia\u0142alno\u015bci LGD w 2022 roku<br \/>c) raport z ewaluacji 2022<br \/>d) opinia Komisji Rewizyjnej<br \/>e) podj\u0119cie uchwa\u0142y w sprawie zatwierdzenia sprawozdania finansowego za 2022 rok<br \/>f) podj\u0119cie uchwa\u0142y w sprawie zatwierdzenia sprawozdania z pracy Zarz\u0105du Stowarzyszenia<br \/>g) podj\u0119cie uchwa\u0142y w sprawie udzielenia absolutorium cz\u0142onkom Zarz\u0105du<br \/>h) podj\u0119cie uchwa\u0142y w sprawie zatwierdzenia sprawozdania z dzia\u0142alno\u015bci Rady<br \/>i) podj\u0119cie uchwa\u0142y w sprawie udzielenia absolutorium cz\u0142onkom Rady<br \/>j) podj\u0119cie uchwa\u0142y w sprawie zatwierdzenia sprawozdania z dzia\u0142alno\u015bci Komisji Rewizyjnej<br \/>k) podj\u0119cie uchwa\u0142y w sprawie udzielenia absolutorium cz\u0142onkom Komisji Rewizyjnej<br \/>8. Podj\u0119cie uchwa\u0142 w sprawie ustalenia wysoko\u015bci sk\u0142adki cz\u0142onkowskiej na rok 2022.<br \/>9.Wolne wnioski.<br \/>10.Zamkni\u0119cie posiedzenia<\/p>\r\n","protected":false},"excerpt":{"rendered":"<p>Stowarzyszenie Przyjazna Dolina Raby i Czarnej Orawy serdecznie zaprasza na Walne Zebranie Cz\u0142onk\u00f3w Stowarzyszenia, kt\u00f3re odb\u0119dzie si\u0119 19.04.2023 r.(\u015broda)\u00a0o godzinie\u00a014.00\u00a0na Sali obrad Urz\u0119du Gminy w Rabie Wy\u017cnej. Proponowany porz\u0105dek obrad: 1. Otwarcie obrad i stwierdzenie prawomocno\u015bci.2. Wyb\u00f3r Przewodnicz\u0105cego Zebrania i Protokolanta3. Przedstawienie porz\u0105dku obrad4. Zg\u0142aszanie uwag do porz\u0105dku obrad5. Przyj\u0119cie porz\u0105dku obrad6. Wyb\u00f3r komisji skrutacyjnej.7. <a href=\"https:\/\/przyjaznadolinaraby.info\/2014-2020\/zaproszenie-na-walne-zebranie-czlonkow-stowarzyszenia-przyjazna-dolina-raby-i-czarnej-orawy-7\/\" class=\"more-link\">&#8230;<span class=\"screen-reader-text\">  Zaproszenie na Walne Zebranie Cz\u0142onk\u00f3w Stowarzyszenia Przyjazna Dolina Raby i Czarnej Orawy<\/span><\/a><\/p>\n","protected":false},"author":6,"featured_media":10379,"comment_status":"open","ping_status":"open","sticky":false,"template":"","format":"standard","meta":{"_monsterinsights_skip_tracking":false,"_monsterinsights_sitenote_active":false,"_monsterinsights_sitenote_note":"","_monsterinsights_sitenote_category":0,"footnotes":""},"categories":[3,1],"tags":[],"acf":[],"_links":{"self":[{"href":"https:\/\/przyjaznadolinaraby.info\/2014-2020\/wp-json\/wp\/v2\/posts\/10521"}],"collection":[{"href":"https:\/\/przyjaznadolinaraby.info\/2014-2020\/wp-json\/wp\/v2\/posts"}],"about":[{"href":"https:\/\/przyjaznadolinaraby.info\/2014-2020\/wp-json\/wp\/v2\/types\/post"}],"author":[{"embeddable":true,"href":"https:\/\/przyjaznadolinaraby.info\/2014-2020\/wp-json\/wp\/v2\/users\/6"}],"replies":[{"embeddable":true,"href":"https:\/\/przyjaznadolinaraby.info\/2014-2020\/wp-json\/wp\/v2\/comments?post=10521"}],"version-history":[{"count":4,"href":"https:\/\/przyjaznadolinaraby.info\/2014-2020\/wp-json\/wp\/v2\/posts\/10521\/revisions"}],"predecessor-version":[{"id":10525,"href":"https:\/\/przyjaznadolinaraby.info\/2014-2020\/wp-json\/wp\/v2\/posts\/10521\/revisions\/10525"}],"wp:featuredmedia":[{"embeddable":true,"href":"https:\/\/przyjaznadolinaraby.info\/2014-2020\/wp-json\/wp\/v2\/media\/10379"}],"wp:attachment":[{"href":"https:\/\/przyjaznadolinaraby.info\/2014-2020\/wp-json\/wp\/v2\/media?parent=10521"}],"wp:term":[{"taxonomy":"category","embeddable":true,"href":"https:\/\/przyjaznadolinaraby.info\/2014-2020\/wp-json\/wp\/v2\/categories?post=10521"},{"taxonomy":"post_tag","embeddable":true,"href":"https:\/\/przyjaznadolinaraby.info\/2014-2020\/wp-json\/wp\/v2\/tags?post=10521"}],"curies":[{"name":"wp","href":"https:\/\/api.w.org\/{rel}","templated":true}]}}