{"id":10559,"date":"2023-05-23T13:23:14","date_gmt":"2023-05-23T11:23:14","guid":{"rendered":"http:\/\/przyjaznadolinaraby.info\/2014-2020\/?p=10559"},"modified":"2023-05-23T13:23:14","modified_gmt":"2023-05-23T11:23:14","slug":"zaproszenie-na-nadzwyczajne-walne-zebranie-czlonkow-stowarzyszenia-przyjazna-dolina-raby-i-czarnej-orawy-14","status":"publish","type":"post","link":"https:\/\/przyjaznadolinaraby.info\/2014-2020\/zaproszenie-na-nadzwyczajne-walne-zebranie-czlonkow-stowarzyszenia-przyjazna-dolina-raby-i-czarnej-orawy-14\/","title":{"rendered":"Zaproszenie na Nadzwyczajne Walne Zebranie Cz\u0142onk\u00f3w Stowarzyszenia Przyjazna Dolina Raby i Czarnej Orawy"},"content":{"rendered":"\r\n<p>Stowarzyszenie Przyjazna Dolina Raby i Czarnej Orawy serdecznie zaprasza na Nadzwyczajne Walne Zebranie Cz\u0142onk\u00f3w Stowarzyszenia, kt\u00f3re odb\u0119dzie si\u0119 <strong>30.05.2023 r. (wtorek)<\/strong> <strong>o godzinie 13.00<\/strong> na Sali obrad Urz\u0119du Gminy w Rabie Wy\u017cnej.<\/p>\r\n<p>Proponowany porz\u0105dek obrad Nadzwyczajnego Walnego Zebrania Sprawozdawczo-Wyborczego przedstawia si\u0119 nast\u0119puj\u0105co:<\/p>\r\n<p>1. Otwarcie obrad i stwierdzenie prawomocno\u015bci obrad <br \/>2. Wyb\u00f3r Przewodnicz\u0105cego Zebrania i Protokolanta<br \/>3. Przedstawienie porz\u0105dku obrad<br \/>4. Zg\u0142aszanie uwag do porz\u0105dku obrad<br \/>5. Przyj\u0119cie porz\u0105dku obrad<br \/>6. Podj\u0119cie uchwa\u0142y w sprawie zmiany Statutu Stowarzyszenia Przyjazna Dolina Raby i Czarnej Orawy<br \/>7. Podj\u0119cie uchwa\u0142 w sprawie zmiany Regulamin\u00f3w: Rady, Zarz\u0105du, Komisji Rewizyjnej, Walnego Zebrania<br \/>8. Wyb\u00f3r Komisji skrutacyjnej do przeprowadzenia wybor\u00f3w<br \/>9. Przedstawienie sprawozdania finansowego, oraz sprawozdania z pracy Zarz\u0105du Stowarzyszenia za okres pi\u0119cioletniej kadencji 2018 \u20132023<br \/>10. Podj\u0119cie uchwa\u0142y w sprawie zatwierdzenia sprawozdania z pracy Zarz\u0105du Stowarzyszenia <br \/>11. Podj\u0119cie uchwa\u0142y w sprawie udzielenie absolutorium ust\u0119puj\u0105cemu Zarz\u0105dowi Stowarzyszenia Przyjazna Dolina Raby i Czarnej Orawy<br \/>12. Sprawozdanie Komisji Rewizyjnej LGD za okres pi\u0119cioletniej kadencji 2018 \u20132023<br \/>13. Podj\u0119cie uchwa\u0142y w sprawie zatwierdzenia sprawozdania z dzia\u0142alno\u015bci Komisji Rewizyjnej <br \/>14.Podj\u0119cie uchwa\u0142y w sprawie udzielenie absolutorium ust\u0119puj\u0105cej Komisji Rewizyjnej Stowarzyszenia Przyjazna Dolina Raby i Czarnej Orawy<br \/>15. Przedstawienie sprawozdania z dzia\u0142alno\u015bci Rady Stowarzyszenia za okres pi\u0119cioletniej kadencji 2018 \u20132023<br \/>16. Podj\u0119cie uchwa\u0142y w sprawie zatwierdzenia sprawozdania Rady Stowarzyszenia Przyjazna Dolina Raby i Czarnej Orawy<br \/>17. Podj\u0119cie uchwa\u0142y w sprawie udzielenie absolutorium ust\u0119puj\u0105cej Radzie Stowarzyszenia Przyjazna Dolina Raby i Czarnej Orawy<br \/>18. Wyb\u00f3r Zarz\u0105du Stowarzyszenia i podj\u0119cie uchwa\u0142y w sprawie powo\u0142ania cz\u0142onk\u00f3w Zarz\u0105du Stowarzyszenia Przyjazna Dolina Raby i Czarnej Orawy<br \/>19. Wyb\u00f3r Komisji Rewizyjnej i podj\u0119cie uchwa\u0142y w sprawie powo\u0142ania cz\u0142onk\u00f3w Komisji Rewizyjnej Stowarzyszenia Przyjazna Dolina Raby i Czarnej Orawy<br \/>20. Wyb\u00f3r Rady Stowarzyszenia i podj\u0119cie uchwa\u0142y w sprawie powo\u0142ania cz\u0142onk\u00f3w Rady Stowarzyszenia Przyjazna Dolina Raby i Czarnej Orawy<br \/>21. Podj\u0119cie uchwa\u0142y w sprawie wyboru nowego pe\u0142nomocnika uprawnionego do reprezentowania Stowarzyszenia w sporach oraz w czynno\u015bciach prawnych z cz\u0142onkiem Zarz\u0105du, Komisji Rewizyjnej lub Rady.<br \/>22. Wolne wnioski <br \/>23. Zamkni\u0119cie posiedzenia.<\/p>\r\n","protected":false},"excerpt":{"rendered":"<p>Stowarzyszenie Przyjazna Dolina Raby i Czarnej Orawy serdecznie zaprasza na Nadzwyczajne Walne Zebranie Cz\u0142onk\u00f3w Stowarzyszenia, kt\u00f3re odb\u0119dzie si\u0119 30.05.2023 r. (wtorek) o godzinie 13.00 na Sali obrad Urz\u0119du Gminy w Rabie Wy\u017cnej. Proponowany porz\u0105dek obrad Nadzwyczajnego Walnego Zebrania Sprawozdawczo-Wyborczego przedstawia si\u0119 nast\u0119puj\u0105co: 1. Otwarcie obrad i stwierdzenie prawomocno\u015bci obrad 2. Wyb\u00f3r Przewodnicz\u0105cego Zebrania i Protokolanta3. <a href=\"https:\/\/przyjaznadolinaraby.info\/2014-2020\/zaproszenie-na-nadzwyczajne-walne-zebranie-czlonkow-stowarzyszenia-przyjazna-dolina-raby-i-czarnej-orawy-14\/\" class=\"more-link\">&#8230;<span class=\"screen-reader-text\">  Zaproszenie na Nadzwyczajne Walne Zebranie Cz\u0142onk\u00f3w Stowarzyszenia Przyjazna Dolina Raby i Czarnej Orawy<\/span><\/a><\/p>\n","protected":false},"author":6,"featured_media":10379,"comment_status":"open","ping_status":"open","sticky":false,"template":"","format":"standard","meta":{"_monsterinsights_skip_tracking":false,"_monsterinsights_sitenote_active":false,"_monsterinsights_sitenote_note":"","_monsterinsights_sitenote_category":0,"footnotes":""},"categories":[3,1],"tags":[],"acf":[],"_links":{"self":[{"href":"https:\/\/przyjaznadolinaraby.info\/2014-2020\/wp-json\/wp\/v2\/posts\/10559"}],"collection":[{"href":"https:\/\/przyjaznadolinaraby.info\/2014-2020\/wp-json\/wp\/v2\/posts"}],"about":[{"href":"https:\/\/przyjaznadolinaraby.info\/2014-2020\/wp-json\/wp\/v2\/types\/post"}],"author":[{"embeddable":true,"href":"https:\/\/przyjaznadolinaraby.info\/2014-2020\/wp-json\/wp\/v2\/users\/6"}],"replies":[{"embeddable":true,"href":"https:\/\/przyjaznadolinaraby.info\/2014-2020\/wp-json\/wp\/v2\/comments?post=10559"}],"version-history":[{"count":1,"href":"https:\/\/przyjaznadolinaraby.info\/2014-2020\/wp-json\/wp\/v2\/posts\/10559\/revisions"}],"predecessor-version":[{"id":10560,"href":"https:\/\/przyjaznadolinaraby.info\/2014-2020\/wp-json\/wp\/v2\/posts\/10559\/revisions\/10560"}],"wp:featuredmedia":[{"embeddable":true,"href":"https:\/\/przyjaznadolinaraby.info\/2014-2020\/wp-json\/wp\/v2\/media\/10379"}],"wp:attachment":[{"href":"https:\/\/przyjaznadolinaraby.info\/2014-2020\/wp-json\/wp\/v2\/media?parent=10559"}],"wp:term":[{"taxonomy":"category","embeddable":true,"href":"https:\/\/przyjaznadolinaraby.info\/2014-2020\/wp-json\/wp\/v2\/categories?post=10559"},{"taxonomy":"post_tag","embeddable":true,"href":"https:\/\/przyjaznadolinaraby.info\/2014-2020\/wp-json\/wp\/v2\/tags?post=10559"}],"curies":[{"name":"wp","href":"https:\/\/api.w.org\/{rel}","templated":true}]}}