{"id":10606,"date":"2023-07-21T14:42:53","date_gmt":"2023-07-21T12:42:53","guid":{"rendered":"http:\/\/przyjaznadolinaraby.info\/2014-2020\/?p=10606"},"modified":"2023-07-21T14:42:53","modified_gmt":"2023-07-21T12:42:53","slug":"pelno-letnie-smakowanie-w-suchej-beskidzkiej","status":"publish","type":"post","link":"https:\/\/przyjaznadolinaraby.info\/2014-2020\/pelno-letnie-smakowanie-w-suchej-beskidzkiej\/","title":{"rendered":"\u201ePe\u0142no&#8230;LETNIE Smakowanie\u201d w Suchej Beskidzkiej"},"content":{"rendered":"<p><em><strong>W imieniu Urz\u0119du Marsza\u0142kowskiego Wojew\u00f3dztwa Ma\u0142opolskiego zapraszamy ju\u017c w najbli\u017csz\u0105 niedziel\u0119 na kolejn\u0105 ods\u0142on\u0119 Ma\u0142opolskiego Festiwalu Smaku do Suchej Beskidzkiej! B\u0119dzie pysznie!<\/strong><\/em><\/p>\n<p>&nbsp;<\/p>\n<div class=\"short-desc\"><strong>&#8222;Jak na miasto z niespe\u0142na 10 tysi\u0105cami mieszka\u0144c\u00f3w, Sucha Beskidzka mo\u017ce poszczyci\u0107 si\u0119 fascynuj\u0105c\u0105 histori\u0105, kt\u00f3r\u0105 mog\u0142aby obdzieli\u0107 kilka innych znacznie wi\u0119kszych miejscowo\u015bci. Przede wszystkim to w\u0142a\u015bnie tutaj znajduje si\u0119 s\u0142ynna na ca\u0142a Polsk\u0119 karczma Rzym, do kt\u00f3rej \u2013 wed\u0142ug legendy \u2013 mia\u0142 zwabi\u0107 Twardowskiego diabe\u0142. Karczma powsta\u0142a w II po\u0142owie XVIII w, a wi\u0119c ma ju\u017c prawie trzy wieki, ale sama Sucha otrzyma\u0142a przywilej lokacyjny ponad 600 lat temu.\u00a0<\/strong><\/div>\n<p>Sucha Beskidzka mo\u017ce pochwali\u0107 si\u0119 r\u00f3wnie\u017c mianem miejscowo\u015bci oscarowej, gdy\u017c w\u0142a\u015bnie st\u0105d pochodzi\u0142 re\u017cyser i\u00a0scenarzysta Billy Wilder, kt\u00f3ry zdobywa\u0142 statuetki akademii za swoje filmy a\u017c 29 razy. Tablic\u0119 upami\u0119tniaj\u0105c\u0105 re\u017cysera mo\u017cna zobaczy\u0107 na suskim rynku. B\u0119d\u0105c w\u00a0Suchej nie mo\u017cna pomin\u0105\u0107 te\u017c arcyciekawego, szesnastowiecznego zamku, kt\u00f3ry do dzi\u015b okre\u015blany jest mianem ma\u0142ego Wawelu.<\/p>\n<p>A anna\u0142y &#8211;\u00a0tego pe\u0142nego historii miasta &#8211;\u00a0ju\u017c w\u00a0najbli\u017csz\u0105 niedziel\u0119 23 lipca zapisze si\u0119 kolejne wydarzenie \u2013 to w\u0142a\u015bnie tutaj spotykamy si\u0119 podczas\u00a0<strong>18. Ma\u0142opolskiego Festiwalu Smaku.<\/strong><\/p>\n<p>Zapraszamy zatem wszystkich mi\u0142o\u015bnik\u00f3w wy\u015bmienitego jedzenia na godzin\u0119\u00a0<strong>11:00<\/strong>\u00a0na i\u015bcie kr\u00f3lewskie \u201ePe\u0142no&#8230;LETNIE Smakowanie\u201d na Zamku w\u00a0Suchej Beskidzkiej.<\/p>\n<p><strong>W programie mi\u0119dzy innymi:<\/strong><\/p>\n<ul>\n<li>pokazy gotowania na \u017cywo w\u00a0wykonaniu znanego z\u00a0poprzednich edycji cenionego i\u00a0lubianego, znakomitego szefa kuchni Andrzeja Polana,<\/li>\n<li>na koneser\u00f3w i\u00a0smakoszy czeka\u0107 b\u0119d\u0105 liczni Wystawcy, kt\u00f3rzy przyb\u0119d\u0105 do nas ze wszystkich zak\u0105tk\u00f3w Ma\u0142opolski. Na stoiskach b\u0119dzie mo\u017cna kupi\u0107 z\u0142ociste miody, chrupi\u0105ce pieczywo, pachn\u0105ce wyroby z\u00a0lawendy, aromatyczne w\u0119dliny, zachwycaj\u0105ce wygl\u0105dem i\u00a0smakiem ciasta, rozmaite przetwory i\u00a0wiele innych,<\/li>\n<li>na pyszny pocz\u0119stunek zaprosz\u0105 lokalne ko\u0142a gospody\u0144 wiejskich,<\/li>\n<li>swoj\u0105 oryginaln\u0105 ofert\u0119 zaprezentuj\u0105 r\u00f3wnie\u017c wybrane Jednostki Wojew\u00f3dztwa Ma\u0142opolskiego,<\/li>\n<li>mn\u00f3stwo nagr\u00f3d w\u00a0znanym i\u00a0lubianym quizie wiedzy o\u00a0Ma\u0142opolsce, w\u00a0kt\u00f3rym b\u0119dzie mo\u017cna sprawdzi\u0107 swoj\u0105 wiedz\u0119 o\u00a0regionie<\/li>\n<li>nie zabraknie r\u00f3wnie\u017c gier, konkurs\u00f3w i\u00a0zabaw dla dzieci.<\/li>\n<\/ul>\n<p>Podczas wydarzenia b\u0119dziemy te\u017c prowadzi\u0107 zbi\u00f3rk\u0119 charytatywn\u0105 na rzecz dwuletniej\u00a0<strong>Kamilki Gil<\/strong>, chorej na SMA kt\u00f3rej pragniemy pom\u00f3c wygra\u0107 walk\u0119 o\u00a0najdro\u017cszy lek \u015bwiata, do kt\u00f3rego kupna brakuje 5\u00a0920\u00a0589 z\u0142\u00a0 &#8211;\u00a0<a title=\"Przejd\u017a do strony\" href=\"https:\/\/www.siepomaga.pl\/kamila-sma\" target=\"_blank\" rel=\"noopener\">zbi\u00f3rka charytatywna |\u00a0Siepomaga.pl\u00a0<\/a><\/p>\n<p>W otoczeniu urodzinowych dekoracji pocz\u0119stujemy naszych go\u015bci tortem, obejrzymy fascynuj\u0105ce pokazy iluzjonisty, z\u00a0przyjemno\u015bci\u0105 wys\u0142uchamy \u017cycze\u0144, a\u00a0na zako\u0144czenie, po dniu pe\u0142nym wra\u017ce\u0144 z\u00a0przyjemno\u015bci\u0105 pos\u0142uchamy Zespo\u0142u PotOCK.<\/p>\n<p><a title=\"Przejd\u017a do strony\" href=\"https:\/\/www.malopolska.pl\/malopolskismak\/malopolski-festiwal-smaku\/malopolski-festiwal-smaku-2023\" target=\"_blank\" rel=\"noopener\">Wi\u0119cej informacji na naszej stronie.\u00a0<\/a><\/p>\n<p>B\u0119dzie wy\u015bmienicie! O czym zapewnia Witold Koz\u0142owski \u2013 Marsza\u0142ek Wojew\u00f3dztwa Ma\u0142opolskiego. Zapraszamy!&#8221;<\/p>\n<p><img decoding=\"async\" class=\"alignnone size-full wp-image-10607\" src=\"http:\/\/przyjaznadolinaraby.info\/2014-2020\/wp-content\/uploads\/2023\/07\/smaki_2023_web_860x575_1_1.jpg\" alt=\"\" width=\"860\" height=\"575\" srcset=\"https:\/\/przyjaznadolinaraby.info\/2014-2020\/wp-content\/uploads\/2023\/07\/smaki_2023_web_860x575_1_1.jpg 860w, https:\/\/przyjaznadolinaraby.info\/2014-2020\/wp-content\/uploads\/2023\/07\/smaki_2023_web_860x575_1_1-300x201.jpg 300w\" sizes=\"(max-width: 860px) 100vw, 860px\" \/><\/p>\n","protected":false},"excerpt":{"rendered":"<p>W imieniu Urz\u0119du Marsza\u0142kowskiego Wojew\u00f3dztwa Ma\u0142opolskiego zapraszamy ju\u017c w najbli\u017csz\u0105 niedziel\u0119 na kolejn\u0105 ods\u0142on\u0119 Ma\u0142opolskiego Festiwalu Smaku do Suchej Beskidzkiej! B\u0119dzie pysznie! &nbsp; &#8222;Jak na miasto z niespe\u0142na 10 tysi\u0105cami mieszka\u0144c\u00f3w, Sucha Beskidzka mo\u017ce poszczyci\u0107 si\u0119 fascynuj\u0105c\u0105 histori\u0105, kt\u00f3r\u0105 mog\u0142aby obdzieli\u0107 kilka innych znacznie wi\u0119kszych miejscowo\u015bci. Przede wszystkim to w\u0142a\u015bnie tutaj znajduje si\u0119 s\u0142ynna na <a href=\"https:\/\/przyjaznadolinaraby.info\/2014-2020\/pelno-letnie-smakowanie-w-suchej-beskidzkiej\/\" class=\"more-link\">&#8230;<span class=\"screen-reader-text\">  \u201ePe\u0142no&#8230;LETNIE Smakowanie\u201d w Suchej Beskidzkiej<\/span><\/a><\/p>\n","protected":false},"author":6,"featured_media":10607,"comment_status":"open","ping_status":"open","sticky":false,"template":"","format":"standard","meta":{"_monsterinsights_skip_tracking":false,"_monsterinsights_sitenote_active":false,"_monsterinsights_sitenote_note":"","_monsterinsights_sitenote_category":0,"footnotes":""},"categories":[3],"tags":[],"acf":[],"_links":{"self":[{"href":"https:\/\/przyjaznadolinaraby.info\/2014-2020\/wp-json\/wp\/v2\/posts\/10606"}],"collection":[{"href":"https:\/\/przyjaznadolinaraby.info\/2014-2020\/wp-json\/wp\/v2\/posts"}],"about":[{"href":"https:\/\/przyjaznadolinaraby.info\/2014-2020\/wp-json\/wp\/v2\/types\/post"}],"author":[{"embeddable":true,"href":"https:\/\/przyjaznadolinaraby.info\/2014-2020\/wp-json\/wp\/v2\/users\/6"}],"replies":[{"embeddable":true,"href":"https:\/\/przyjaznadolinaraby.info\/2014-2020\/wp-json\/wp\/v2\/comments?post=10606"}],"version-history":[{"count":1,"href":"https:\/\/przyjaznadolinaraby.info\/2014-2020\/wp-json\/wp\/v2\/posts\/10606\/revisions"}],"predecessor-version":[{"id":10608,"href":"https:\/\/przyjaznadolinaraby.info\/2014-2020\/wp-json\/wp\/v2\/posts\/10606\/revisions\/10608"}],"wp:featuredmedia":[{"embeddable":true,"href":"https:\/\/przyjaznadolinaraby.info\/2014-2020\/wp-json\/wp\/v2\/media\/10607"}],"wp:attachment":[{"href":"https:\/\/przyjaznadolinaraby.info\/2014-2020\/wp-json\/wp\/v2\/media?parent=10606"}],"wp:term":[{"taxonomy":"category","embeddable":true,"href":"https:\/\/przyjaznadolinaraby.info\/2014-2020\/wp-json\/wp\/v2\/categories?post=10606"},{"taxonomy":"post_tag","embeddable":true,"href":"https:\/\/przyjaznadolinaraby.info\/2014-2020\/wp-json\/wp\/v2\/tags?post=10606"}],"curies":[{"name":"wp","href":"https:\/\/api.w.org\/{rel}","templated":true}]}}