{"id":10648,"date":"2023-09-15T13:34:25","date_gmt":"2023-09-15T11:34:25","guid":{"rendered":"http:\/\/przyjaznadolinaraby.info\/2014-2020\/?p=10648"},"modified":"2024-02-21T11:37:38","modified_gmt":"2024-02-21T10:37:38","slug":"nabory-na-podejmowanie-dzialalnosci-gospodarczejutworzenie-nowego-przedsiebiorstwa-i-utworzenie-nowego-przedsiebiorstwa-w-turystyce","status":"publish","type":"post","link":"https:\/\/przyjaznadolinaraby.info\/2014-2020\/nabory-na-podejmowanie-dzialalnosci-gospodarczejutworzenie-nowego-przedsiebiorstwa-i-utworzenie-nowego-przedsiebiorstwa-w-turystyce\/","title":{"rendered":"Nabory na Podejmowanie dzia\u0142alno\u015bci gospodarczej(utworzenie nowego przedsi\u0119biorstwa i utworzenie nowego przedsi\u0119biorstwa w turystyce) )."},"content":{"rendered":"<p>Masz pomys\u0142 na biznes i brakuje ci odpowiedniego finansowania?\u00a0 Je\u015bli chcesz za\u0142o\u017cy\u0107 <strong><u>dzia\u0142alno\u015b\u0107 gospodarcz\u0105<\/u><\/strong> oraz jeste\u015b mieszka\u0144cem Stowarzyszenia Przyjazna Dolina Raby i Czarnej Orawy (<strong>gminy: Rabka-Zdr\u00f3j, Raba Wy\u017cna, Spytkowice, Jab\u0142onka i Lipnica Wielka<\/strong>), <strong><span style=\"text-decoration: underline;\">nie podlegasz<\/span> ubezpieczeniu w KRUS<\/strong> w pe\u0142nym zakresie z mocy ustawy, w okresie 3 miesi\u0119cy poprzedzaj\u0105cych dzie\u0144 z\u0142o\u017cenia wniosku <strong>nie wykonywa\u0142e\u015b dzia\u0142alno\u015bci gospodarczej<\/strong> teraz jest doskona\u0142y moment by zawnioskowa\u0107 o dotacj\u0119 ( PREMIA- 100 000 z\u0142).<\/p>\n<p style=\"text-align: center;\"><a href=\"http:\/\/przyjaznadolinaraby.info\/2014-2020\/nabor-nr-2-2023-podejmowanie-dzialalnosci-gospodarczejutworzenie-nowego-przedsiebiorstwa\/\"><strong>Nab\u00f3r Nr 2\/2023 &#8211; Podejmowanie dzia\u0142alno\u015bci gospodarczej<strong class=\"bread-current bread-10636\" title=\"Nab\u00f3r nr 3\/2023 \u2013 Podejmowanie dzia\u0142alno\u015bci gospodarczej(utworzenie nowego przedsi\u0119biorstwa w turystyce )\">(utworzenie nowego przedsi\u0119biorstwa)<\/strong><\/strong><\/a><\/p>\n<p style=\"text-align: center;\"><strong>od 20-09-2023r. do 04-10-2023r.<\/strong><\/p>\n<p class=\"has-text-color has-medium-font-size has-vivid-red-color\" style=\"text-align: center;\"><strong>Wysoko\u015b\u0107 dost\u0119pnych \u015brodk\u00f3w w ramach naboru wynosi 25 012,43<\/strong>\u00a0<strong>\u20ac <\/strong><strong>(kwota indykatywna wyliczona po kursie sta\u0142ym 4,0 PLN\/Euro: 100 049,72 z\u0142)<\/strong><\/p>\n<p style=\"text-align: center;\"><strong>&#8212;&gt; jedna osoba otrzyma wsparcie<\/strong><\/p>\n<p style=\"text-align: center;\"><a href=\"http:\/\/przyjaznadolinaraby.info\/2014-2020\/nabor-nr-3-2023-podejmowanie-dzialalnosci-gospodarczejutworzenie-nowego-przedsiebiorstwa-w-turystyce\/\"><strong class=\"bread-current bread-10636\" title=\"Nab\u00f3r nr 3\/2023 \u2013 Podejmowanie dzia\u0142alno\u015bci gospodarczej(utworzenie nowego przedsi\u0119biorstwa w turystyce )\">Nab\u00f3r nr 3\/2023 \u2013 Podejmowanie dzia\u0142alno\u015bci gospodarczej(utworzenie nowego przedsi\u0119biorstwa w turystyce)<\/strong><\/a><\/p>\n<p style=\"text-align: center;\"><strong>od 20-09-2023r. do 04-10-2023r.<\/strong><\/p>\n<p class=\"has-text-color has-medium-font-size has-vivid-red-color\" style=\"text-align: center;\"><strong>Wysoko\u015b\u0107 dost\u0119pnych \u015brodk\u00f3w w ramach naboru wynosi 32 312,25<\/strong>\u00a0<strong>\u20ac <\/strong><strong>(kwota indykatywna wyliczona po kursie sta\u0142ym 4,0 PLN\/Euro: 129 249,00 z\u0142)<\/strong><\/p>\n<p style=\"text-align: center;\"><strong>&#8212;&gt; jedna osoba otrzyma wsparcie<\/strong><\/p>\n<p>&nbsp;<\/p>\n<p><strong>KWOTA WSPARCIA NA PODJ\u0118CIE DZIA\u0141ALNO\u015aCI GOSPODARCZEJ DLA JEDNEGO BENEFICJENTA ZOSTA\u0141A USTALONA NA POZIOMIE 100 000 z\u0142.<\/strong><\/p>\n<p>-&gt;Warunek :\u00a0 UTRZYMANIE FIRMY PRZEZ 2 LATA.<\/p>\n<p>-&gt;Pomoc wyp\u0142acana w formie rycza\u0142tu (2 transze, pierwsza po podpisaniu umowy \u2013 80%, druga po zrealizowaniu umowy- 20%)<strong>. <\/strong><\/p>\n<p><strong>-&gt;Konkurs dla os\u00f3b fizycznych, obywateli pa\u0144stwa cz\u0142onkowskiego UE maj\u0105cej miejsce zamieszkania na obszarze LGD.<\/strong><\/p>\n<p>Ka\u017cdy z\u0142o\u017cony projekt przejdzie ocen\u0119 wed\u0142ug <a href=\"https:\/\/drive.google.com\/file\/d\/1SdoQTS_hZRUYXP43hSS3H1LdnqL0PyIU\/view?usp=sharing\"><strong><u>kryteri\u00f3w wyboru operacji<\/u><\/strong><\/a> (dost\u0119pne na stronie przyjaznadolinaraby.info) .<\/p>\n<p>Nale\u017cy zaznaczy\u0107, \u017ce kryteria premiuj\u0105 w szczeg\u00f3lno\u015bci osoby nale\u017c\u0105ce do GRUPY DEFAWORYZOWANEJ tj.:<\/p>\n<ul>\n<li>niepe\u0142nosprawni,<\/li>\n<li>m\u0142odzi ludzie bez pracy ( do 35 roku \u017cycia),<\/li>\n<li>starsi ludzie (po 50 roku \u017cycia) ,<\/li>\n<li>m\u0142odzi rodzice, a szczeg\u00f3lnie m\u0142ode matki, w tym matki samotne ( do 35 roku \u017cycia).<\/li>\n<\/ul>\n<p>Ponadto stawiamy na<strong>\u00a0innowacyjno\u015b\u0107, ochron\u0119 \u015brodowiska oraz przeciwdzia\u0142anie zmianom klimatycznym.<\/strong><\/p>\n<p>Szczeg\u00f3\u0142owe informacje\u00a0 w Og\u0142oszeniu o Naborze na naszej stronie w Aktualno\u015bciach.<\/p>\n<p>&#8212;&#8212;&#8212;&#8212;&#8212;&#8212;&#8212;&#8212;&#8212;&#8212;&#8212;&#8212;&#8212;&#8212;&#8212;&#8212;-<\/p>\n<p>Kontakt do biura:<\/p>\n<p>lgd.rokiciny@interia.pl<\/p>\n<p>500 475\u00a0840<\/p>\n<p><img decoding=\"async\" class=\"wp-image-10773 size-full aligncenter\" src=\"http:\/\/przyjaznadolinaraby.info\/2014-2020\/wp-content\/uploads\/2023\/09\/Logotyp-2014-2020-male.jpg\" alt=\"\" width=\"600\" height=\"208\" srcset=\"https:\/\/przyjaznadolinaraby.info\/2014-2020\/wp-content\/uploads\/2023\/09\/Logotyp-2014-2020-male.jpg 600w, https:\/\/przyjaznadolinaraby.info\/2014-2020\/wp-content\/uploads\/2023\/09\/Logotyp-2014-2020-male-300x104.jpg 300w\" sizes=\"(max-width: 600px) 100vw, 600px\" \/><\/p>\n","protected":false},"excerpt":{"rendered":"<p>Masz pomys\u0142 na biznes i brakuje ci odpowiedniego finansowania?\u00a0 Je\u015bli chcesz za\u0142o\u017cy\u0107 dzia\u0142alno\u015b\u0107 gospodarcz\u0105 oraz jeste\u015b mieszka\u0144cem Stowarzyszenia Przyjazna Dolina Raby i Czarnej Orawy (gminy: Rabka-Zdr\u00f3j, Raba Wy\u017cna, Spytkowice, Jab\u0142onka i Lipnica Wielka), nie podlegasz ubezpieczeniu w KRUS w pe\u0142nym zakresie z mocy ustawy, w okresie 3 miesi\u0119cy poprzedzaj\u0105cych dzie\u0144 z\u0142o\u017cenia wniosku nie wykonywa\u0142e\u015b dzia\u0142alno\u015bci <a href=\"https:\/\/przyjaznadolinaraby.info\/2014-2020\/nabory-na-podejmowanie-dzialalnosci-gospodarczejutworzenie-nowego-przedsiebiorstwa-i-utworzenie-nowego-przedsiebiorstwa-w-turystyce\/\" class=\"more-link\">&#8230;<span class=\"screen-reader-text\">  Nabory na Podejmowanie dzia\u0142alno\u015bci gospodarczej(utworzenie nowego przedsi\u0119biorstwa i utworzenie nowego przedsi\u0119biorstwa w turystyce) ).<\/span><\/a><\/p>\n","protected":false},"author":6,"featured_media":10405,"comment_status":"open","ping_status":"open","sticky":false,"template":"","format":"standard","meta":{"_monsterinsights_skip_tracking":false,"_monsterinsights_sitenote_active":false,"_monsterinsights_sitenote_note":"","_monsterinsights_sitenote_category":0,"footnotes":""},"categories":[3,1],"tags":[],"acf":[],"_links":{"self":[{"href":"https:\/\/przyjaznadolinaraby.info\/2014-2020\/wp-json\/wp\/v2\/posts\/10648"}],"collection":[{"href":"https:\/\/przyjaznadolinaraby.info\/2014-2020\/wp-json\/wp\/v2\/posts"}],"about":[{"href":"https:\/\/przyjaznadolinaraby.info\/2014-2020\/wp-json\/wp\/v2\/types\/post"}],"author":[{"embeddable":true,"href":"https:\/\/przyjaznadolinaraby.info\/2014-2020\/wp-json\/wp\/v2\/users\/6"}],"replies":[{"embeddable":true,"href":"https:\/\/przyjaznadolinaraby.info\/2014-2020\/wp-json\/wp\/v2\/comments?post=10648"}],"version-history":[{"count":3,"href":"https:\/\/przyjaznadolinaraby.info\/2014-2020\/wp-json\/wp\/v2\/posts\/10648\/revisions"}],"predecessor-version":[{"id":10776,"href":"https:\/\/przyjaznadolinaraby.info\/2014-2020\/wp-json\/wp\/v2\/posts\/10648\/revisions\/10776"}],"wp:featuredmedia":[{"embeddable":true,"href":"https:\/\/przyjaznadolinaraby.info\/2014-2020\/wp-json\/wp\/v2\/media\/10405"}],"wp:attachment":[{"href":"https:\/\/przyjaznadolinaraby.info\/2014-2020\/wp-json\/wp\/v2\/media?parent=10648"}],"wp:term":[{"taxonomy":"category","embeddable":true,"href":"https:\/\/przyjaznadolinaraby.info\/2014-2020\/wp-json\/wp\/v2\/categories?post=10648"},{"taxonomy":"post_tag","embeddable":true,"href":"https:\/\/przyjaznadolinaraby.info\/2014-2020\/wp-json\/wp\/v2\/tags?post=10648"}],"curies":[{"name":"wp","href":"https:\/\/api.w.org\/{rel}","templated":true}]}}