{"id":10652,"date":"2023-10-04T08:27:27","date_gmt":"2023-10-04T06:27:27","guid":{"rendered":"http:\/\/przyjaznadolinaraby.info\/2014-2020\/?p=10652"},"modified":"2023-10-12T10:29:41","modified_gmt":"2023-10-12T08:29:41","slug":"zaproszenie-na-nadzwyczajne-walne-zebranie-czlonkow-stowarzyszenia-przyjazna-dolina-raby-i-czarnej-orawy-16","status":"publish","type":"post","link":"https:\/\/przyjaznadolinaraby.info\/2014-2020\/zaproszenie-na-nadzwyczajne-walne-zebranie-czlonkow-stowarzyszenia-przyjazna-dolina-raby-i-czarnej-orawy-16\/","title":{"rendered":"Zaproszenie na Nadzwyczajne Walne Zebranie Cz\u0142onk\u00f3w Stowarzyszenia Przyjazna Dolina Raby i Czarnej Orawy"},"content":{"rendered":"\r\n<p>Stowarzyszenie Przyjazna Dolina Raby i Czarnej Orawy serdecznie zaprasza na Nadzwyczajne Walne Zebranie Cz\u0142onk\u00f3w Stowarzyszenia, kt\u00f3re odb\u0119dzie si\u0119 <strong>11.10.2023 r. (\u015broda)<\/strong> <strong>o godzinie 11.00<\/strong> na Sali obrad Urz\u0119du Gminy w Rabie Wy\u017cnej.<\/p>\r\n<p>Proponowany porz\u0105dek obrad Nadzwyczajnego Walnego Zebrania\u00a0 przedstawia si\u0119 nast\u0119puj\u0105co:<\/p>\r\n<ol>\r\n<li>Otwarcie obrad i stwierdzenie prawomocno\u015bci obrad<\/li>\r\n<li>Wyb\u00f3r Przewodnicz\u0105cego Zebrania i Protokolanta<\/li>\r\n<li>Przedstawienie porz\u0105dku obrad<\/li>\r\n<li>Zg\u0142aszanie uwag do porz\u0105dku obrad<\/li>\r\n<li>Przyj\u0119cie porz\u0105dku obrad<\/li>\r\n<li>Wyb\u00f3r komisji skrutacyjnej.<\/li>\r\n<li>Podj\u0119cie uchwa\u0142y w sprawie zmiany uchwa\u0142y numer 29\/2023 z dnia 30.05.2023.<\/li>\r\n<li>Wolne wnioski<\/li>\r\n<li>Zamkni\u0119cie posiedzenia.<\/li>\r\n<\/ol>\r\n","protected":false},"excerpt":{"rendered":"<p>Stowarzyszenie Przyjazna Dolina Raby i Czarnej Orawy serdecznie zaprasza na Nadzwyczajne Walne Zebranie Cz\u0142onk\u00f3w Stowarzyszenia, kt\u00f3re odb\u0119dzie si\u0119 11.10.2023 r. (\u015broda) o godzinie 11.00 na Sali obrad Urz\u0119du Gminy w Rabie Wy\u017cnej. Proponowany porz\u0105dek obrad Nadzwyczajnego Walnego Zebrania\u00a0 przedstawia si\u0119 nast\u0119puj\u0105co: Otwarcie obrad i stwierdzenie prawomocno\u015bci obrad Wyb\u00f3r Przewodnicz\u0105cego Zebrania i Protokolanta Przedstawienie porz\u0105dku obrad <a href=\"https:\/\/przyjaznadolinaraby.info\/2014-2020\/zaproszenie-na-nadzwyczajne-walne-zebranie-czlonkow-stowarzyszenia-przyjazna-dolina-raby-i-czarnej-orawy-16\/\" class=\"more-link\">&#8230;<span class=\"screen-reader-text\">  Zaproszenie na Nadzwyczajne Walne Zebranie Cz\u0142onk\u00f3w Stowarzyszenia Przyjazna Dolina Raby i Czarnej Orawy<\/span><\/a><\/p>\n","protected":false},"author":6,"featured_media":10379,"comment_status":"open","ping_status":"open","sticky":false,"template":"","format":"standard","meta":{"_monsterinsights_skip_tracking":false,"_monsterinsights_sitenote_active":false,"_monsterinsights_sitenote_note":"","_monsterinsights_sitenote_category":0,"footnotes":""},"categories":[3,1],"tags":[],"acf":[],"_links":{"self":[{"href":"https:\/\/przyjaznadolinaraby.info\/2014-2020\/wp-json\/wp\/v2\/posts\/10652"}],"collection":[{"href":"https:\/\/przyjaznadolinaraby.info\/2014-2020\/wp-json\/wp\/v2\/posts"}],"about":[{"href":"https:\/\/przyjaznadolinaraby.info\/2014-2020\/wp-json\/wp\/v2\/types\/post"}],"author":[{"embeddable":true,"href":"https:\/\/przyjaznadolinaraby.info\/2014-2020\/wp-json\/wp\/v2\/users\/6"}],"replies":[{"embeddable":true,"href":"https:\/\/przyjaznadolinaraby.info\/2014-2020\/wp-json\/wp\/v2\/comments?post=10652"}],"version-history":[{"count":1,"href":"https:\/\/przyjaznadolinaraby.info\/2014-2020\/wp-json\/wp\/v2\/posts\/10652\/revisions"}],"predecessor-version":[{"id":10653,"href":"https:\/\/przyjaznadolinaraby.info\/2014-2020\/wp-json\/wp\/v2\/posts\/10652\/revisions\/10653"}],"wp:featuredmedia":[{"embeddable":true,"href":"https:\/\/przyjaznadolinaraby.info\/2014-2020\/wp-json\/wp\/v2\/media\/10379"}],"wp:attachment":[{"href":"https:\/\/przyjaznadolinaraby.info\/2014-2020\/wp-json\/wp\/v2\/media?parent=10652"}],"wp:term":[{"taxonomy":"category","embeddable":true,"href":"https:\/\/przyjaznadolinaraby.info\/2014-2020\/wp-json\/wp\/v2\/categories?post=10652"},{"taxonomy":"post_tag","embeddable":true,"href":"https:\/\/przyjaznadolinaraby.info\/2014-2020\/wp-json\/wp\/v2\/tags?post=10652"}],"curies":[{"name":"wp","href":"https:\/\/api.w.org\/{rel}","templated":true}]}}