{"id":1179,"date":"2017-06-07T09:59:19","date_gmt":"2017-06-07T07:59:19","guid":{"rendered":"http:\/\/przyjaznadolinaraby.info\/2014-2020\/?p=1179"},"modified":"2017-06-30T12:43:26","modified_gmt":"2017-06-30T10:43:26","slug":"posiedzenie-rady-stowarzyszenia-przyjazna-dolina-raby-i-czarnej-orawy-4","status":"publish","type":"post","link":"https:\/\/przyjaznadolinaraby.info\/2014-2020\/posiedzenie-rady-stowarzyszenia-przyjazna-dolina-raby-i-czarnej-orawy-4\/","title":{"rendered":"Posiedzenie Rady Stowarzyszenia Przyjazna Dolina Raby i Czarnej Orawy"},"content":{"rendered":"<p>Przewodnicz\u0105cy Rady Stowarzyszenia Przyjazna Dolina Raby i Czarnej Orawy zgodnie z \u00a7 19 ust. 1\u00a0 Regulaminu Rady, zaprasza cz\u0142onk\u00f3w Rady \u00a0na posiedzenie, kt\u00f3re odb\u0119dzie si\u0119 dnia <strong>14 czerwca\u00a0 2017r. \u00a0\/\u015broda\/\u00a0 o godz. 9:00 w biurze Stowarzyszenia Przyjazna Dolina Raby i Czarnej Orawy.<\/strong><\/p>\n<p><strong>Proponowany program Posiedzenia Rady\u00a0<\/strong><\/p>\n<ol>\n<li>Otwarcie obrad i powitanie zebranych cz\u0142onk\u00f3w Rady, stwierdzenie prawomocno\u015bci obrad.<\/li>\n<li>Przedstawienie porz\u0105dku i przyj\u0119cie porz\u0105dku obrad.<\/li>\n<li>Podpisanie deklaracji bezstronno\u015bci i poufno\u015bci.<\/li>\n<li>Ocena zgodno\u015bci z LSR z\u0142o\u017conych wniosk\u00f3w w ramach naboru 1\/2017.<\/li>\n<li>Ocena wed\u0142ug lokalnych kryteri\u00f3w wyboru operacji wniosk\u00f3w z\u0142o\u017conych w ramach naboru 1\/2017.<\/li>\n<li>Ustalenie wysoko\u015bci kwoty premii.<\/li>\n<li>Sporz\u0105dzenie list operacji.<\/li>\n<li>Podj\u0119cie uchwa\u0142 o wybraniu lub niewybraniu operacji do finansowania oraz ustaleniu kwoty premii.<\/li>\n<li>Wolne wnioski i zapytania.<\/li>\n<li>Zamkni\u0119cie obrad.<\/li>\n<\/ol>\n<p>&nbsp;<\/p>\n<p style=\"text-align: right;\">Przewodnicz\u0105cy Rady<\/p>\n<p style=\"text-align: right;\">Stowarzyszenia Przyjazna Dolina Raby i Czarnej Orawy<\/p>\n<p style=\"text-align: right;\">mgr Rafa\u0142 Grygorowicz<\/p>\n","protected":false},"excerpt":{"rendered":"<p>Przewodnicz\u0105cy Rady Stowarzyszenia Przyjazna Dolina Raby i Czarnej Orawy zgodnie z \u00a7 19 ust. 1\u00a0 Regulaminu Rady, zaprasza cz\u0142onk\u00f3w Rady \u00a0na posiedzenie, kt\u00f3re odb\u0119dzie si\u0119 dnia 14 czerwca\u00a0 2017r. \u00a0\/\u015broda\/\u00a0 o godz. 9:00 w biurze Stowarzyszenia Przyjazna Dolina Raby i Czarnej Orawy. Proponowany program Posiedzenia Rady\u00a0 Otwarcie obrad i powitanie zebranych cz\u0142onk\u00f3w Rady, stwierdzenie prawomocno\u015bci <a href=\"https:\/\/przyjaznadolinaraby.info\/2014-2020\/posiedzenie-rady-stowarzyszenia-przyjazna-dolina-raby-i-czarnej-orawy-4\/\" class=\"more-link\">&#8230;<span class=\"screen-reader-text\">  Posiedzenie Rady Stowarzyszenia Przyjazna Dolina Raby i Czarnej Orawy<\/span><\/a><\/p>\n","protected":false},"author":6,"featured_media":0,"comment_status":"open","ping_status":"open","sticky":false,"template":"","format":"standard","meta":{"_monsterinsights_skip_tracking":false,"_monsterinsights_sitenote_active":false,"_monsterinsights_sitenote_note":"","_monsterinsights_sitenote_category":0,"footnotes":""},"categories":[3,1],"tags":[],"acf":[],"_links":{"self":[{"href":"https:\/\/przyjaznadolinaraby.info\/2014-2020\/wp-json\/wp\/v2\/posts\/1179"}],"collection":[{"href":"https:\/\/przyjaznadolinaraby.info\/2014-2020\/wp-json\/wp\/v2\/posts"}],"about":[{"href":"https:\/\/przyjaznadolinaraby.info\/2014-2020\/wp-json\/wp\/v2\/types\/post"}],"author":[{"embeddable":true,"href":"https:\/\/przyjaznadolinaraby.info\/2014-2020\/wp-json\/wp\/v2\/users\/6"}],"replies":[{"embeddable":true,"href":"https:\/\/przyjaznadolinaraby.info\/2014-2020\/wp-json\/wp\/v2\/comments?post=1179"}],"version-history":[{"count":0,"href":"https:\/\/przyjaznadolinaraby.info\/2014-2020\/wp-json\/wp\/v2\/posts\/1179\/revisions"}],"wp:attachment":[{"href":"https:\/\/przyjaznadolinaraby.info\/2014-2020\/wp-json\/wp\/v2\/media?parent=1179"}],"wp:term":[{"taxonomy":"category","embeddable":true,"href":"https:\/\/przyjaznadolinaraby.info\/2014-2020\/wp-json\/wp\/v2\/categories?post=1179"},{"taxonomy":"post_tag","embeddable":true,"href":"https:\/\/przyjaznadolinaraby.info\/2014-2020\/wp-json\/wp\/v2\/tags?post=1179"}],"curies":[{"name":"wp","href":"https:\/\/api.w.org\/{rel}","templated":true}]}}