{"id":1259,"date":"2017-07-17T12:31:06","date_gmt":"2017-07-17T10:31:06","guid":{"rendered":"http:\/\/przyjaznadolinaraby.info\/2014-2020\/?p=1259"},"modified":"2017-12-06T10:21:20","modified_gmt":"2017-12-06T09:21:20","slug":"stanowisko-rady-ws-zlozonych-protestow-2","status":"publish","type":"post","link":"https:\/\/przyjaznadolinaraby.info\/2014-2020\/stanowisko-rady-ws-zlozonych-protestow-2\/","title":{"rendered":"Stanowisko Rady w\/s z\u0142o\u017conych protest\u00f3w."},"content":{"rendered":"<header class=\"entry-header\" style=\"box-sizing: border-box; display: block; color: #0c0c0c; font-family: 'Open Sans', sans-serif; font-size: 14px; font-style: normal; font-variant-ligatures: normal; font-variant-caps: normal; font-weight: normal; letter-spacing: normal; orphans: 2; text-align: start; text-indent: 0px; text-transform: none; white-space: normal; widows: 2; word-spacing: 0px; -webkit-text-stroke-width: 0px; background-color: #ffffff; text-decoration-style: initial; text-decoration-color: initial;\">Informujemy, \u017ce w dniu\u00a010\u00a0lipca 2017 roku w siedzibie LGD\u00a0Stowarzyszenia Przyjazna Dolina Raby i Czarnej Orawy\u00a0o godz. 9.00 odby\u0142o si\u0119 kolejne posiedzenie Rady w sprawie weryfikacji wynik\u00f3w oceny operacji w zakresie kryteri\u00f3w i zarzut\u00f3w podnoszonych w protestach z\u0142o\u017conych do naboru 1\/2017, 2\/2017 i 4\/2017.<\/header>\n<div class=\"entry-content\" style=\"box-sizing: border-box; color: #0c0c0c; font-family: 'Open Sans', sans-serif; font-size: 14px; font-style: normal; font-variant-ligatures: normal; font-variant-caps: normal; font-weight: normal; letter-spacing: normal; orphans: 2; text-align: start; text-indent: 0px; text-transform: none; white-space: normal; widows: 2; word-spacing: 0px; -webkit-text-stroke-width: 0px; background-color: #ffffff; text-decoration-style: initial; text-decoration-color: initial;\">\n<p>Z protoko\u0142em z posiedzenia Rady\u00a0 mo\u017cna zapozna\u0107 si\u0119 klikaj\u0105 w poni\u017cszy link:<\/p>\n<ul>\n<li><a href=\"http:\/\/przyjaznadolinaraby.info\/2014-2020\/wp-content\/uploads\/2017\/07\/protesty-protokol.pdf\">Protok\u00f3\u0142 Nr VI\/2017<\/a><\/li>\n<\/ul>\n<\/div>\n","protected":false},"excerpt":{"rendered":"<p>Informujemy, \u017ce w dniu\u00a010\u00a0lipca 2017 roku w siedzibie LGD\u00a0Stowarzyszenia Przyjazna Dolina Raby i Czarnej Orawy\u00a0o godz. 9.00 odby\u0142o si\u0119 kolejne posiedzenie Rady w sprawie weryfikacji wynik\u00f3w oceny operacji w zakresie kryteri\u00f3w i zarzut\u00f3w podnoszonych w protestach z\u0142o\u017conych do naboru 1\/2017, 2\/2017 i 4\/2017. Z protoko\u0142em z posiedzenia Rady\u00a0 mo\u017cna zapozna\u0107 si\u0119 klikaj\u0105 w poni\u017cszy link: <a href=\"https:\/\/przyjaznadolinaraby.info\/2014-2020\/stanowisko-rady-ws-zlozonych-protestow-2\/\" class=\"more-link\">&#8230;<span class=\"screen-reader-text\">  Stanowisko Rady w\/s z\u0142o\u017conych protest\u00f3w.<\/span><\/a><\/p>\n","protected":false},"author":6,"featured_media":0,"comment_status":"open","ping_status":"open","sticky":false,"template":"","format":"standard","meta":{"_monsterinsights_skip_tracking":false,"_monsterinsights_sitenote_active":false,"_monsterinsights_sitenote_note":"","_monsterinsights_sitenote_category":0,"footnotes":""},"categories":[3,1],"tags":[],"acf":[],"_links":{"self":[{"href":"https:\/\/przyjaznadolinaraby.info\/2014-2020\/wp-json\/wp\/v2\/posts\/1259"}],"collection":[{"href":"https:\/\/przyjaznadolinaraby.info\/2014-2020\/wp-json\/wp\/v2\/posts"}],"about":[{"href":"https:\/\/przyjaznadolinaraby.info\/2014-2020\/wp-json\/wp\/v2\/types\/post"}],"author":[{"embeddable":true,"href":"https:\/\/przyjaznadolinaraby.info\/2014-2020\/wp-json\/wp\/v2\/users\/6"}],"replies":[{"embeddable":true,"href":"https:\/\/przyjaznadolinaraby.info\/2014-2020\/wp-json\/wp\/v2\/comments?post=1259"}],"version-history":[{"count":0,"href":"https:\/\/przyjaznadolinaraby.info\/2014-2020\/wp-json\/wp\/v2\/posts\/1259\/revisions"}],"wp:attachment":[{"href":"https:\/\/przyjaznadolinaraby.info\/2014-2020\/wp-json\/wp\/v2\/media?parent=1259"}],"wp:term":[{"taxonomy":"category","embeddable":true,"href":"https:\/\/przyjaznadolinaraby.info\/2014-2020\/wp-json\/wp\/v2\/categories?post=1259"},{"taxonomy":"post_tag","embeddable":true,"href":"https:\/\/przyjaznadolinaraby.info\/2014-2020\/wp-json\/wp\/v2\/tags?post=1259"}],"curies":[{"name":"wp","href":"https:\/\/api.w.org\/{rel}","templated":true}]}}