{"id":1268,"date":"2017-02-20T11:01:40","date_gmt":"2017-02-20T10:01:40","guid":{"rendered":"http:\/\/przyjaznadolinaraby.info\/2014-2020\/?p=1268"},"modified":"2017-07-20T11:26:38","modified_gmt":"2017-07-20T09:26:38","slug":"dyzury-doradcze-czlonkow-zarzadu-stowarzyszenia-przyjazna-dolina-raby-i-czarnej-orawy","status":"publish","type":"post","link":"https:\/\/przyjaznadolinaraby.info\/2014-2020\/dyzury-doradcze-czlonkow-zarzadu-stowarzyszenia-przyjazna-dolina-raby-i-czarnej-orawy\/","title":{"rendered":"Dy\u017cury doradcze cz\u0142onk\u00f3w Zarz\u0105du Stowarzyszenia Przyjazna Dolina Raby i Czarnej Orawy"},"content":{"rendered":"<p style=\"box-sizing: border-box; margin: 0px 0px 10px; word-wrap: break-word; color: #555555; font-family: 'Open Sans'; font-size: 14px; font-style: normal; font-variant-ligatures: normal; font-variant-caps: normal; font-weight: normal; letter-spacing: normal; orphans: 2; text-align: start; text-indent: 0px; text-transform: none; white-space: normal; widows: 2; word-spacing: 0px; -webkit-text-stroke-width: 0px; background-color: #ffffff; text-decoration-style: initial; text-decoration-color: initial;\"><strong>Zapraszamy na dy\u017cury doradcze cz\u0142onk\u00f3w zarz\u0105du Stowarzyszenia Przyjazna Dolina Raby i Czarnej Orawy.<\/strong><\/p>\n<p style=\"box-sizing: border-box; margin: 0px 0px 10px; word-wrap: break-word; color: #555555; font-family: 'Open Sans'; font-size: 14px; font-style: normal; font-variant-ligatures: normal; font-variant-caps: normal; font-weight: normal; letter-spacing: normal; orphans: 2; text-align: start; text-indent: 0px; text-transform: none; white-space: normal; widows: 2; word-spacing: 0px; -webkit-text-stroke-width: 0px; background-color: #ffffff; text-decoration-style: initial; text-decoration-color: initial;\">Wszystkich zainteresowanych otrzymaniem dotacji ze \u015brodk\u00f3w UE w ramach PROW 2014 \u2013 2020 dzia\u0142anie: \u201eWsparcie na wdra\u017canie operacji w ramach strategii rozwoju lokalnego kierowanego przez spo\u0142eczno\u015b\u0107\u201d zapraszamy do skorzystania z bezp\u0142atnych\u00a0dy\u017cur\u00f3w doradczych, kt\u00f3re b\u0119d\u0105 si\u0119 odbywa\u0107 w poszczeg\u00f3lnych gminach a\u017c\u00a0do nabor\u00f3w wniosk\u00f3w.<\/p>\n<p style=\"box-sizing: border-box; margin: 0px 0px 10px; word-wrap: break-word; color: #555555; font-family: 'Open Sans'; font-size: 14px; font-style: normal; font-variant-ligatures: normal; font-variant-caps: normal; font-weight: normal; letter-spacing: normal; orphans: 2; text-align: start; text-indent: 0px; text-transform: none; white-space: normal; widows: 2; word-spacing: 0px; -webkit-text-stroke-width: 0px; background-color: #ffffff; text-decoration-style: initial; text-decoration-color: initial;\">\n<p style=\"box-sizing: border-box; margin: 0px 0px 10px; word-wrap: break-word; color: #555555; font-family: 'Open Sans'; font-size: 14px; font-style: normal; font-variant-ligatures: normal; font-variant-caps: normal; font-weight: normal; letter-spacing: normal; orphans: 2; text-align: start; text-indent: 0px; text-transform: none; white-space: normal; widows: 2; word-spacing: 0px; -webkit-text-stroke-width: 0px; background-color: #ffffff; text-decoration-style: initial; text-decoration-color: initial;\">\n<p style=\"box-sizing: border-box; margin: 0px 0px 10px; word-wrap: break-word; color: #555555; font-family: 'Open Sans'; font-size: 14px; font-style: normal; font-variant-ligatures: normal; font-variant-caps: normal; font-weight: normal; letter-spacing: normal; orphans: 2; text-align: start; text-indent: 0px; text-transform: none; white-space: normal; widows: 2; word-spacing: 0px; -webkit-text-stroke-width: 0px; background-color: #ffffff; text-decoration-style: initial; text-decoration-color: initial;\">\n<p style=\"box-sizing: border-box; margin: 0px 0px 10px; word-wrap: break-word; color: #555555; font-family: 'Open Sans'; font-size: 14px; font-style: normal; font-variant-ligatures: normal; font-variant-caps: normal; font-weight: normal; letter-spacing: normal; orphans: 2; text-align: start; text-indent: 0px; text-transform: none; white-space: normal; widows: 2; word-spacing: 0px; -webkit-text-stroke-width: 0px; background-color: #ffffff; text-decoration-style: initial; text-decoration-color: initial;\">Urz\u0105d Gminy Jab\u0142onka, ul. 3 maja 1 34-480 Jab\u0142onka\u00a0\u00a0\u00a0\u00a0\u00a0\u00a0\u00a0\u00a0\u00a0\u00a0\u00a0\u00a0\u00a0\u00a0\u00a0\u00a0\u00a0\u00a0\u00a0\u00a0 \u00a0Poniedzia\u0142ki od 8:00 do 9:00<\/p>\n<p style=\"box-sizing: border-box; margin: 0px 0px 10px; word-wrap: break-word; color: #555555; font-family: 'Open Sans'; font-size: 14px; font-style: normal; font-variant-ligatures: normal; font-variant-caps: normal; font-weight: normal; letter-spacing: normal; orphans: 2; text-align: start; text-indent: 0px; text-transform: none; white-space: normal; widows: 2; word-spacing: 0px; -webkit-text-stroke-width: 0px; background-color: #ffffff; text-decoration-style: initial; text-decoration-color: initial;\">Urz\u0105d Gminy Lipnica Wielka, Lipnica Wielka 518, 34-483\u00a0\u00a0\u00a0\u00a0\u00a0\u00a0\u00a0\u00a0\u00a0\u00a0 \u00a0\u00a0\u00a0 Poniedzia\u0142ek od 09:00 do 10:00<\/p>\n<p style=\"box-sizing: border-box; margin: 0px 0px 10px; word-wrap: break-word; color: #555555; font-family: 'Open Sans'; font-size: 14px; font-style: normal; font-variant-ligatures: normal; font-variant-caps: normal; font-weight: normal; letter-spacing: normal; orphans: 2; text-align: start; text-indent: 0px; text-transform: none; white-space: normal; widows: 2; word-spacing: 0px; -webkit-text-stroke-width: 0px; background-color: #ffffff; text-decoration-style: initial; text-decoration-color: initial;\">Urz\u0105d Gminy Spytkowice, Spytkowice 26, 34-745\u00a0\u00a0\u00a0\u00a0\u00a0\u00a0\u00a0\u00a0\u00a0\u00a0\u00a0\u00a0\u00a0\u00a0\u00a0\u00a0\u00a0\u00a0\u00a0\u00a0\u00a0\u00a0\u00a0 \u00a0\u00a0\u00a0 Poniedzia\u0142ki od 10:00 do 11:00<\/p>\n<p style=\"box-sizing: border-box; margin: 0px 0px 10px; word-wrap: break-word; color: #555555; font-family: 'Open Sans'; font-size: 14px; font-style: normal; font-variant-ligatures: normal; font-variant-caps: normal; font-weight: normal; letter-spacing: normal; orphans: 2; text-align: start; text-indent: 0px; text-transform: none; white-space: normal; widows: 2; word-spacing: 0px; -webkit-text-stroke-width: 0px; background-color: #ffffff; text-decoration-style: initial; text-decoration-color: initial;\">Urz\u0105d Gminy Raba Wy\u017cna ,\u00a0 Raba Wy\u017cna 41 34-721\u00a0\u00a0\u00a0\u00a0\u00a0\u00a0\u00a0\u00a0\u00a0\u00a0\u00a0\u00a0\u00a0\u00a0\u00a0\u00a0\u00a0\u00a0\u00a0\u00a0 \u00a0\u00a0 \u015arody od 9:00 do 10:00<\/p>\n<p style=\"box-sizing: border-box; margin: 0px 0px 10px; word-wrap: break-word; color: #555555; font-family: 'Open Sans'; font-size: 14px; font-style: normal; font-variant-ligatures: normal; font-variant-caps: normal; font-weight: normal; letter-spacing: normal; orphans: 2; text-align: start; text-indent: 0px; text-transform: none; white-space: normal; widows: 2; word-spacing: 0px; -webkit-text-stroke-width: 0px; background-color: #ffffff; text-decoration-style: initial; text-decoration-color: initial;\">Urz\u0105d Miasta Rabka-Zdr\u00f3j, ul. Parkowa 2, 34-700 Rabka-Zdr\u00f3j\u00a0\u00a0\u00a0\u00a0 \u015arody od 12:00 do 13:00<\/p>\n","protected":false},"excerpt":{"rendered":"<p>Zapraszamy na dy\u017cury doradcze cz\u0142onk\u00f3w zarz\u0105du Stowarzyszenia Przyjazna Dolina Raby i Czarnej Orawy. Wszystkich zainteresowanych otrzymaniem dotacji ze \u015brodk\u00f3w UE w ramach PROW 2014 \u2013 2020 dzia\u0142anie: \u201eWsparcie na wdra\u017canie operacji w ramach strategii rozwoju lokalnego kierowanego przez spo\u0142eczno\u015b\u0107\u201d zapraszamy do skorzystania z bezp\u0142atnych\u00a0dy\u017cur\u00f3w doradczych, kt\u00f3re b\u0119d\u0105 si\u0119 odbywa\u0107 w poszczeg\u00f3lnych gminach a\u017c\u00a0do nabor\u00f3w wniosk\u00f3w. <a href=\"https:\/\/przyjaznadolinaraby.info\/2014-2020\/dyzury-doradcze-czlonkow-zarzadu-stowarzyszenia-przyjazna-dolina-raby-i-czarnej-orawy\/\" class=\"more-link\">&#8230;<span class=\"screen-reader-text\">  Dy\u017cury doradcze cz\u0142onk\u00f3w Zarz\u0105du Stowarzyszenia Przyjazna Dolina Raby i Czarnej Orawy<\/span><\/a><\/p>\n","protected":false},"author":6,"featured_media":0,"comment_status":"open","ping_status":"open","sticky":false,"template":"","format":"standard","meta":{"_monsterinsights_skip_tracking":false,"_monsterinsights_sitenote_active":false,"_monsterinsights_sitenote_note":"","_monsterinsights_sitenote_category":0,"footnotes":""},"categories":[3],"tags":[],"acf":[],"_links":{"self":[{"href":"https:\/\/przyjaznadolinaraby.info\/2014-2020\/wp-json\/wp\/v2\/posts\/1268"}],"collection":[{"href":"https:\/\/przyjaznadolinaraby.info\/2014-2020\/wp-json\/wp\/v2\/posts"}],"about":[{"href":"https:\/\/przyjaznadolinaraby.info\/2014-2020\/wp-json\/wp\/v2\/types\/post"}],"author":[{"embeddable":true,"href":"https:\/\/przyjaznadolinaraby.info\/2014-2020\/wp-json\/wp\/v2\/users\/6"}],"replies":[{"embeddable":true,"href":"https:\/\/przyjaznadolinaraby.info\/2014-2020\/wp-json\/wp\/v2\/comments?post=1268"}],"version-history":[{"count":0,"href":"https:\/\/przyjaznadolinaraby.info\/2014-2020\/wp-json\/wp\/v2\/posts\/1268\/revisions"}],"wp:attachment":[{"href":"https:\/\/przyjaznadolinaraby.info\/2014-2020\/wp-json\/wp\/v2\/media?parent=1268"}],"wp:term":[{"taxonomy":"category","embeddable":true,"href":"https:\/\/przyjaznadolinaraby.info\/2014-2020\/wp-json\/wp\/v2\/categories?post=1268"},{"taxonomy":"post_tag","embeddable":true,"href":"https:\/\/przyjaznadolinaraby.info\/2014-2020\/wp-json\/wp\/v2\/tags?post=1268"}],"curies":[{"name":"wp","href":"https:\/\/api.w.org\/{rel}","templated":true}]}}