{"id":1324,"date":"2017-08-04T09:25:08","date_gmt":"2017-08-04T07:25:08","guid":{"rendered":"http:\/\/przyjaznadolinaraby.info\/2014-2020\/?p=1324"},"modified":"2017-08-07T08:37:19","modified_gmt":"2017-08-07T06:37:19","slug":"posiedzenie-rady-stowarzyszenia-przyjazna-dolina-raby-i-czarnej-orawy-8","status":"publish","type":"post","link":"https:\/\/przyjaznadolinaraby.info\/2014-2020\/posiedzenie-rady-stowarzyszenia-przyjazna-dolina-raby-i-czarnej-orawy-8\/","title":{"rendered":"Posiedzenie Rady Stowarzyszenia Przyjazna Dolina Raby i Czarnej Orawy"},"content":{"rendered":"<p>Przewodnicz\u0105cy Rady Stowarzyszenia Przyjazna Dolina Raby i Czarnej Orawy zgodnie z \u00a7 19 ust. 1\u00a0 Regulaminu Rady, zaprasza cz\u0142onk\u00f3w Rady \u00a0na posiedzenie, kt\u00f3re odb\u0119dzie si\u0119 dnia <strong>11\u00a0sierpnia 2017 r. \/pi\u0105tek\/\u00a0 o godz. 10:00 w biurze Stowarzyszenia Przyjazna Dolina Raby i Czarnej Orawy. <\/strong><br \/>\n<strong>Proponowany program Posiedzenia Rady\u00a0<\/strong><\/p>\n<p><b><u>Proponowany program Posiedzenia Rady:<br \/>\n<\/u><\/b> 1. Otwarcie obrad i powitanie zebranych cz\u0142onk\u00f3w Rady, stwierdzenie prawomocno\u015bci obrad.<br \/>\n2. Przedstawienie porz\u0105dku i przyj\u0119cie porz\u0105dku obrad.<br \/>\n3. Weryfikacja uwag ze strony UM w zakresie przekazanych dokumentacji do nabor\u00f3w nr 1\/2017, 2\/2017 oraz 4\/2017 i dokonanie stosownych wyja\u015bnie\u0144 w zakresie oceny operacji oraz podj\u0119cie stosownych uchwa\u0142.<br \/>\n4. Ponowna ocena operacji na wniosek SWM w zwi\u0105zku pozytywnym rozpatrzeniem protest\u00f3w przez SW oraz podj\u0119cie stosownych uchwa\u0142.<br \/>\n5. Wolne wnioski i zapytania<br \/>\n6. Zako\u0144czenie posiedzenia.<\/p>\n<p>Przewodnicz\u0105cy Rady<\/p>\n<p>Stowarzyszenia Przyjazna Dolina Raby i Czarnej Orawy<\/p>\n<p>mgr Rafa\u0142 Grygorowicz<\/p>\n","protected":false},"excerpt":{"rendered":"<p>Przewodnicz\u0105cy Rady Stowarzyszenia Przyjazna Dolina Raby i Czarnej Orawy zgodnie z \u00a7 19 ust. 1\u00a0 Regulaminu Rady, zaprasza cz\u0142onk\u00f3w Rady \u00a0na posiedzenie, kt\u00f3re odb\u0119dzie si\u0119 dnia 11\u00a0sierpnia 2017 r. \/pi\u0105tek\/\u00a0 o godz. 10:00 w biurze Stowarzyszenia Przyjazna Dolina Raby i Czarnej Orawy. Proponowany program Posiedzenia Rady\u00a0 Proponowany program Posiedzenia Rady: 1. Otwarcie obrad i powitanie <a href=\"https:\/\/przyjaznadolinaraby.info\/2014-2020\/posiedzenie-rady-stowarzyszenia-przyjazna-dolina-raby-i-czarnej-orawy-8\/\" class=\"more-link\">&#8230;<span class=\"screen-reader-text\">  Posiedzenie Rady Stowarzyszenia Przyjazna Dolina Raby i Czarnej Orawy<\/span><\/a><\/p>\n","protected":false},"author":6,"featured_media":0,"comment_status":"open","ping_status":"open","sticky":false,"template":"","format":"standard","meta":{"_monsterinsights_skip_tracking":false,"_monsterinsights_sitenote_active":false,"_monsterinsights_sitenote_note":"","_monsterinsights_sitenote_category":0,"footnotes":""},"categories":[3,1],"tags":[],"acf":[],"_links":{"self":[{"href":"https:\/\/przyjaznadolinaraby.info\/2014-2020\/wp-json\/wp\/v2\/posts\/1324"}],"collection":[{"href":"https:\/\/przyjaznadolinaraby.info\/2014-2020\/wp-json\/wp\/v2\/posts"}],"about":[{"href":"https:\/\/przyjaznadolinaraby.info\/2014-2020\/wp-json\/wp\/v2\/types\/post"}],"author":[{"embeddable":true,"href":"https:\/\/przyjaznadolinaraby.info\/2014-2020\/wp-json\/wp\/v2\/users\/6"}],"replies":[{"embeddable":true,"href":"https:\/\/przyjaznadolinaraby.info\/2014-2020\/wp-json\/wp\/v2\/comments?post=1324"}],"version-history":[{"count":0,"href":"https:\/\/przyjaznadolinaraby.info\/2014-2020\/wp-json\/wp\/v2\/posts\/1324\/revisions"}],"wp:attachment":[{"href":"https:\/\/przyjaznadolinaraby.info\/2014-2020\/wp-json\/wp\/v2\/media?parent=1324"}],"wp:term":[{"taxonomy":"category","embeddable":true,"href":"https:\/\/przyjaznadolinaraby.info\/2014-2020\/wp-json\/wp\/v2\/categories?post=1324"},{"taxonomy":"post_tag","embeddable":true,"href":"https:\/\/przyjaznadolinaraby.info\/2014-2020\/wp-json\/wp\/v2\/tags?post=1324"}],"curies":[{"name":"wp","href":"https:\/\/api.w.org\/{rel}","templated":true}]}}