{"id":1345,"date":"2017-08-17T09:22:52","date_gmt":"2017-08-17T07:22:52","guid":{"rendered":"http:\/\/przyjaznadolinaraby.info\/2014-2020\/?p=1345"},"modified":"2017-08-17T09:22:52","modified_gmt":"2017-08-17T07:22:52","slug":"zaproszenie-na-posiedzenie-rady-stowarzyszenia-przyjazna-dolina-raby-i-czarnej-orawy-25-sierpnia-2017-r-piatek-o-godz-0900","status":"publish","type":"post","link":"https:\/\/przyjaznadolinaraby.info\/2014-2020\/zaproszenie-na-posiedzenie-rady-stowarzyszenia-przyjazna-dolina-raby-i-czarnej-orawy-25-sierpnia-2017-r-piatek-o-godz-0900\/","title":{"rendered":"Zaproszenie na Posiedzenie Rady Stowarzyszenia Przyjazna Dolina Raby i Czarnej Orawy- 25 sierpnia 2017 r. \/pi\u0105tek\/ o godz. 09:00"},"content":{"rendered":"<p>Przewodnicz\u0105cy Rady Stowarzyszenia Przyjazna Dolina Raby i Czarnej Orawy zgodnie z \u00a7 19 ust. 1\u00a0 Regulaminu Rady, zaprasza cz\u0142onk\u00f3w Rady\u00a0na posiedzenie, kt\u00f3re odb\u0119dzie si\u0119 dnia <b>25 sierpnia 2017 r. \/pi\u0105tek\/\u00a0 o godz. 09:00<\/b> w biurze Stowarzyszenia Przyjazna Dolina Raby i Czarnej Orawy.\u00a0\u00a0\u00a0\u00a0\u00a0\u00a0\u00a0\u00a0\u00a0<b><br \/>\n<\/b><\/p>\n<p><b><u>Proponowany program Posiedzenia Rady:<\/u><\/b><br \/>\n1. Otwarcie obrad i powitanie zebranych cz\u0142onk\u00f3w Rady, stwierdzenie prawomocno\u015bci obrad.<br \/>\n2. Przedstawienie porz\u0105dku i przyj\u0119cie porz\u0105dku obrad.<br \/>\n3. Ponowna ocena operacji na wniosek SWM w zwi\u0105zku z pozytywnym rozpatrzeniem protest\u00f3w przez SWM oraz podj\u0119cie stosownych uchwa\u0142.<br \/>\n5. Wolne wnioski i zapytania.<br \/>\n6. Zako\u0144czenie posiedzenia.<\/p>\n<p>Przewodnicz\u0105cy Rady<br \/>\nStowarzyszenia Przyjazna Dolina Raby i Czarnej Orawy<br \/>\nmgr Rafa\u0142 Grygorowicz<\/p>\n","protected":false},"excerpt":{"rendered":"<p>Przewodnicz\u0105cy Rady Stowarzyszenia Przyjazna Dolina Raby i Czarnej Orawy zgodnie z \u00a7 19 ust. 1\u00a0 Regulaminu Rady, zaprasza cz\u0142onk\u00f3w Rady\u00a0na posiedzenie, kt\u00f3re odb\u0119dzie si\u0119 dnia 25 sierpnia 2017 r. \/pi\u0105tek\/\u00a0 o godz. 09:00 w biurze Stowarzyszenia Przyjazna Dolina Raby i Czarnej Orawy.\u00a0\u00a0\u00a0\u00a0\u00a0\u00a0\u00a0\u00a0\u00a0 Proponowany program Posiedzenia Rady: 1. Otwarcie obrad i powitanie zebranych cz\u0142onk\u00f3w Rady, stwierdzenie <a href=\"https:\/\/przyjaznadolinaraby.info\/2014-2020\/zaproszenie-na-posiedzenie-rady-stowarzyszenia-przyjazna-dolina-raby-i-czarnej-orawy-25-sierpnia-2017-r-piatek-o-godz-0900\/\" class=\"more-link\">&#8230;<span class=\"screen-reader-text\">  Zaproszenie na Posiedzenie Rady Stowarzyszenia Przyjazna Dolina Raby i Czarnej Orawy- 25 sierpnia 2017 r. \/pi\u0105tek\/ o godz. 09:00<\/span><\/a><\/p>\n","protected":false},"author":6,"featured_media":0,"comment_status":"open","ping_status":"open","sticky":false,"template":"","format":"standard","meta":{"_monsterinsights_skip_tracking":false,"_monsterinsights_sitenote_active":false,"_monsterinsights_sitenote_note":"","_monsterinsights_sitenote_category":0,"footnotes":""},"categories":[3],"tags":[],"acf":[],"_links":{"self":[{"href":"https:\/\/przyjaznadolinaraby.info\/2014-2020\/wp-json\/wp\/v2\/posts\/1345"}],"collection":[{"href":"https:\/\/przyjaznadolinaraby.info\/2014-2020\/wp-json\/wp\/v2\/posts"}],"about":[{"href":"https:\/\/przyjaznadolinaraby.info\/2014-2020\/wp-json\/wp\/v2\/types\/post"}],"author":[{"embeddable":true,"href":"https:\/\/przyjaznadolinaraby.info\/2014-2020\/wp-json\/wp\/v2\/users\/6"}],"replies":[{"embeddable":true,"href":"https:\/\/przyjaznadolinaraby.info\/2014-2020\/wp-json\/wp\/v2\/comments?post=1345"}],"version-history":[{"count":0,"href":"https:\/\/przyjaznadolinaraby.info\/2014-2020\/wp-json\/wp\/v2\/posts\/1345\/revisions"}],"wp:attachment":[{"href":"https:\/\/przyjaznadolinaraby.info\/2014-2020\/wp-json\/wp\/v2\/media?parent=1345"}],"wp:term":[{"taxonomy":"category","embeddable":true,"href":"https:\/\/przyjaznadolinaraby.info\/2014-2020\/wp-json\/wp\/v2\/categories?post=1345"},{"taxonomy":"post_tag","embeddable":true,"href":"https:\/\/przyjaznadolinaraby.info\/2014-2020\/wp-json\/wp\/v2\/tags?post=1345"}],"curies":[{"name":"wp","href":"https:\/\/api.w.org\/{rel}","templated":true}]}}