{"id":1420,"date":"2017-09-25T09:18:16","date_gmt":"2017-09-25T07:18:16","guid":{"rendered":"http:\/\/przyjaznadolinaraby.info\/2014-2020\/?p=1420"},"modified":"2017-09-25T09:18:16","modified_gmt":"2017-09-25T07:18:16","slug":"szkolenie-rady","status":"publish","type":"post","link":"https:\/\/przyjaznadolinaraby.info\/2014-2020\/szkolenie-rady\/","title":{"rendered":"Szkolenie Rady"},"content":{"rendered":"<p>Rada Stowarzyszenia Przyjazna Dolina Raby i Czarnej Orawy\u00a0wraz z Rad\u0105 <span class=\"_33vv\">LGD Stowarzyszenia Pi\u0119kna Ziemia Gorcza\u0144ska<\/span>\u00a0bra\u0142y udzia\u0142 w szkoleniu zorganizowanym przez UMWM. Szkolenie odby\u0142o si\u0119 w Urz\u0119dzie Gminy w Rabie Wy\u017cnej w dniu 13.09.2017.<\/p>\n<p><img decoding=\"async\" class=\"alignnone  wp-image-1422\" src=\"http:\/\/przyjaznadolinaraby.info\/2014-2020\/wp-content\/uploads\/2017\/09\/2.jpg\" alt=\"\" width=\"466\" height=\"349\" srcset=\"https:\/\/przyjaznadolinaraby.info\/2014-2020\/wp-content\/uploads\/2017\/09\/2.jpg 640w, https:\/\/przyjaznadolinaraby.info\/2014-2020\/wp-content\/uploads\/2017\/09\/2-300x225.jpg 300w\" sizes=\"(max-width: 466px) 100vw, 466px\" \/><\/p>\n<p><img decoding=\"async\" class=\"alignnone  wp-image-1421\" src=\"http:\/\/przyjaznadolinaraby.info\/2014-2020\/wp-content\/uploads\/2017\/09\/image1.jpg\" alt=\"\" width=\"463\" height=\"347\" srcset=\"https:\/\/przyjaznadolinaraby.info\/2014-2020\/wp-content\/uploads\/2017\/09\/image1.jpg 640w, https:\/\/przyjaznadolinaraby.info\/2014-2020\/wp-content\/uploads\/2017\/09\/image1-300x225.jpg 300w\" sizes=\"(max-width: 463px) 100vw, 463px\" \/><\/p>\n<p><img decoding=\"async\" class=\"alignnone  wp-image-1423\" src=\"http:\/\/przyjaznadolinaraby.info\/2014-2020\/wp-content\/uploads\/2017\/09\/1.jpg\" alt=\"\" width=\"463\" height=\"348\" srcset=\"https:\/\/przyjaznadolinaraby.info\/2014-2020\/wp-content\/uploads\/2017\/09\/1.jpg 640w, https:\/\/przyjaznadolinaraby.info\/2014-2020\/wp-content\/uploads\/2017\/09\/1-300x225.jpg 300w\" sizes=\"(max-width: 463px) 100vw, 463px\" \/><\/p>\n<p><img decoding=\"async\" class=\"alignnone  wp-image-1424\" src=\"http:\/\/przyjaznadolinaraby.info\/2014-2020\/wp-content\/uploads\/2017\/09\/image2.jpg\" alt=\"\" width=\"464\" height=\"348\" srcset=\"https:\/\/przyjaznadolinaraby.info\/2014-2020\/wp-content\/uploads\/2017\/09\/image2.jpg 640w, https:\/\/przyjaznadolinaraby.info\/2014-2020\/wp-content\/uploads\/2017\/09\/image2-300x225.jpg 300w\" sizes=\"(max-width: 464px) 100vw, 464px\" \/><\/p>\n","protected":false},"excerpt":{"rendered":"<p>Rada Stowarzyszenia Przyjazna Dolina Raby i Czarnej Orawy\u00a0wraz z Rad\u0105 LGD Stowarzyszenia Pi\u0119kna Ziemia Gorcza\u0144ska\u00a0bra\u0142y udzia\u0142 w szkoleniu zorganizowanym przez UMWM. Szkolenie odby\u0142o si\u0119 w Urz\u0119dzie Gminy w Rabie Wy\u017cnej w dniu 13.09.2017.<\/p>\n","protected":false},"author":6,"featured_media":0,"comment_status":"open","ping_status":"open","sticky":false,"template":"","format":"standard","meta":{"_monsterinsights_skip_tracking":false,"_monsterinsights_sitenote_active":false,"_monsterinsights_sitenote_note":"","_monsterinsights_sitenote_category":0,"footnotes":""},"categories":[3],"tags":[],"acf":[],"_links":{"self":[{"href":"https:\/\/przyjaznadolinaraby.info\/2014-2020\/wp-json\/wp\/v2\/posts\/1420"}],"collection":[{"href":"https:\/\/przyjaznadolinaraby.info\/2014-2020\/wp-json\/wp\/v2\/posts"}],"about":[{"href":"https:\/\/przyjaznadolinaraby.info\/2014-2020\/wp-json\/wp\/v2\/types\/post"}],"author":[{"embeddable":true,"href":"https:\/\/przyjaznadolinaraby.info\/2014-2020\/wp-json\/wp\/v2\/users\/6"}],"replies":[{"embeddable":true,"href":"https:\/\/przyjaznadolinaraby.info\/2014-2020\/wp-json\/wp\/v2\/comments?post=1420"}],"version-history":[{"count":0,"href":"https:\/\/przyjaznadolinaraby.info\/2014-2020\/wp-json\/wp\/v2\/posts\/1420\/revisions"}],"wp:attachment":[{"href":"https:\/\/przyjaznadolinaraby.info\/2014-2020\/wp-json\/wp\/v2\/media?parent=1420"}],"wp:term":[{"taxonomy":"category","embeddable":true,"href":"https:\/\/przyjaznadolinaraby.info\/2014-2020\/wp-json\/wp\/v2\/categories?post=1420"},{"taxonomy":"post_tag","embeddable":true,"href":"https:\/\/przyjaznadolinaraby.info\/2014-2020\/wp-json\/wp\/v2\/tags?post=1420"}],"curies":[{"name":"wp","href":"https:\/\/api.w.org\/{rel}","templated":true}]}}