{"id":1430,"date":"2017-09-27T12:40:16","date_gmt":"2017-09-27T10:40:16","guid":{"rendered":"http:\/\/przyjaznadolinaraby.info\/2014-2020\/?p=1430"},"modified":"2018-03-06T09:50:33","modified_gmt":"2018-03-06T08:50:33","slug":"zaproszenie-na-posiedzenie-rady-stowarzyszenia-przyjazna-dolina-raby-i-czarnej-orawy-4-pazdziernika-2017-r-sroda-o-godz-0900","status":"publish","type":"post","link":"https:\/\/przyjaznadolinaraby.info\/2014-2020\/zaproszenie-na-posiedzenie-rady-stowarzyszenia-przyjazna-dolina-raby-i-czarnej-orawy-4-pazdziernika-2017-r-sroda-o-godz-0900\/","title":{"rendered":"Zaproszenie na Posiedzenie Rady Stowarzyszenia Przyjazna Dolina Raby i Czarnej Orawy- 4 pa\u017adziernika 2017 r. \/\u015broda\/ o godz. 09:00"},"content":{"rendered":"<p>Przewodnicz\u0105cy Rady Stowarzyszenia Przyjazna Dolina Raby i Czarnej Orawy zgodnie z \u00a7 19 ust. 1\u00a0 Regulaminu Rady, zaprasza cz\u0142onk\u00f3w Rady \u00a0na posiedzenie, kt\u00f3re odb\u0119dzie si\u0119 dnia <strong>04 pa\u017adziernika 2017 r. \/\u015broda\/\u00a0 o godz. 9:00 w biurze Stowarzyszenia Przyjazna Dolina Raby i Czarnej Orawy. <\/strong><\/p>\n<p><strong>Proponowany program Posiedzenia Rady\u00a0<\/strong><\/p>\n<ol>\n<li>Otwarcie obrad i powitanie zebranych cz\u0142onk\u00f3w Rady, stwierdzenie prawomocno\u015bci obrad.<\/li>\n<li>Przedstawienie porz\u0105dku i przyj\u0119cie porz\u0105dku obrad.<\/li>\n<li>Podj\u0119cie uchwa\u0142y nr IX\/120\/17 Rady Stowarzyszenia Przyjazna Dolina Raby i Czarnej Orawy z dnia 04 pa\u017adziernika 2017 roku w sprawie:\u00a0 sprostowania oczywistych omy\u0142ek pisarskich w uchwale nr VII\/116\/17 Rady Stowarzyszenia Przyjazna Dolina Raby i Czarnej Orawy z dnia 11 sierpnia 2017 roku.<\/li>\n<li>Zaopiniowanie przez Rad\u0119 wniosku beneficjenta o zmian\u0119 umowy przyznania pomocy i podj\u0119cie decyzji w formie uchwa\u0142y.<\/li>\n<li>Wolne wnioski i zapytania.<\/li>\n<li>Zako\u0144czenie posiedzenia.<\/li>\n<\/ol>\n<p>&nbsp;<\/p>\n<p style=\"text-align: right;\">Przewodnicz\u0105cy Rady<\/p>\n<p style=\"text-align: right;\">Stowarzyszenia Przyjazna Dolina Raby i Czarnej Orawy<\/p>\n<p style=\"text-align: right;\">mgr Rafa\u0142 Grygorowicz<\/p>\n","protected":false},"excerpt":{"rendered":"<p>Przewodnicz\u0105cy Rady Stowarzyszenia Przyjazna Dolina Raby i Czarnej Orawy zgodnie z \u00a7 19 ust. 1\u00a0 Regulaminu Rady, zaprasza cz\u0142onk\u00f3w Rady \u00a0na posiedzenie, kt\u00f3re odb\u0119dzie si\u0119 dnia 04 pa\u017adziernika 2017 r. \/\u015broda\/\u00a0 o godz. 9:00 w biurze Stowarzyszenia Przyjazna Dolina Raby i Czarnej Orawy. Proponowany program Posiedzenia Rady\u00a0 Otwarcie obrad i powitanie zebranych cz\u0142onk\u00f3w Rady, stwierdzenie <a href=\"https:\/\/przyjaznadolinaraby.info\/2014-2020\/zaproszenie-na-posiedzenie-rady-stowarzyszenia-przyjazna-dolina-raby-i-czarnej-orawy-4-pazdziernika-2017-r-sroda-o-godz-0900\/\" class=\"more-link\">&#8230;<span class=\"screen-reader-text\">  Zaproszenie na Posiedzenie Rady Stowarzyszenia Przyjazna Dolina Raby i Czarnej Orawy- 4 pa\u017adziernika 2017 r. \/\u015broda\/ o godz. 09:00<\/span><\/a><\/p>\n","protected":false},"author":6,"featured_media":0,"comment_status":"open","ping_status":"open","sticky":false,"template":"","format":"standard","meta":{"_monsterinsights_skip_tracking":false,"_monsterinsights_sitenote_active":false,"_monsterinsights_sitenote_note":"","_monsterinsights_sitenote_category":0,"footnotes":""},"categories":[3,1],"tags":[],"acf":[],"_links":{"self":[{"href":"https:\/\/przyjaznadolinaraby.info\/2014-2020\/wp-json\/wp\/v2\/posts\/1430"}],"collection":[{"href":"https:\/\/przyjaznadolinaraby.info\/2014-2020\/wp-json\/wp\/v2\/posts"}],"about":[{"href":"https:\/\/przyjaznadolinaraby.info\/2014-2020\/wp-json\/wp\/v2\/types\/post"}],"author":[{"embeddable":true,"href":"https:\/\/przyjaznadolinaraby.info\/2014-2020\/wp-json\/wp\/v2\/users\/6"}],"replies":[{"embeddable":true,"href":"https:\/\/przyjaznadolinaraby.info\/2014-2020\/wp-json\/wp\/v2\/comments?post=1430"}],"version-history":[{"count":0,"href":"https:\/\/przyjaznadolinaraby.info\/2014-2020\/wp-json\/wp\/v2\/posts\/1430\/revisions"}],"wp:attachment":[{"href":"https:\/\/przyjaznadolinaraby.info\/2014-2020\/wp-json\/wp\/v2\/media?parent=1430"}],"wp:term":[{"taxonomy":"category","embeddable":true,"href":"https:\/\/przyjaznadolinaraby.info\/2014-2020\/wp-json\/wp\/v2\/categories?post=1430"},{"taxonomy":"post_tag","embeddable":true,"href":"https:\/\/przyjaznadolinaraby.info\/2014-2020\/wp-json\/wp\/v2\/tags?post=1430"}],"curies":[{"name":"wp","href":"https:\/\/api.w.org\/{rel}","templated":true}]}}