{"id":1454,"date":"2017-10-09T08:20:46","date_gmt":"2017-10-09T06:20:46","guid":{"rendered":"http:\/\/przyjaznadolinaraby.info\/2014-2020\/?p=1454"},"modified":"2017-10-25T14:53:18","modified_gmt":"2017-10-25T12:53:18","slug":"zaproszenie-na-nadzwyczajne-walne-zebranie-czlonkow-stowarzyszenia-przyjazna-dolina-raby-i-czarnej-orawy-3","status":"publish","type":"post","link":"https:\/\/przyjaznadolinaraby.info\/2014-2020\/zaproszenie-na-nadzwyczajne-walne-zebranie-czlonkow-stowarzyszenia-przyjazna-dolina-raby-i-czarnej-orawy-3\/","title":{"rendered":"Zaproszenie na Nadzwyczajne Walne Zebranie Cz\u0142onk\u00f3w Stowarzyszenia Przyjazna Dolina Raby i Czarnej Orawy"},"content":{"rendered":"<p>Stowarzyszenie Przyjazna Dolina Raby i Czarnej Orawy serdecznie zaprasza na Nadzwyczajne Walne Zebranie Cz\u0142onk\u00f3w Stowarzyszenia, kt\u00f3re odb\u0119dzie si\u0119 <strong>24.10.2017<\/strong> o godzinie<strong> 16.00\u00a0<\/strong> na Sali obrad Urz\u0119du Gminy w Rabie Wy\u017cnej.<\/p>\n<p><strong>\u00a0<\/strong><\/p>\n<p><strong>Proponowany porz\u0105dek obrad przedstawia si\u0119 nast\u0119puj\u0105co:<\/strong><\/p>\n<p>1.Otwarcie obrad i stwierdzenie prawomocno\u015bci.<br \/>\n2. Wyb\u00f3r Przewodnicz\u0105cego Zebrania i Protokolanta.<br \/>\n3. Przedstawienie porz\u0105dku obrad.<br \/>\n4. Zg\u0142aszanie uwag do porz\u0105dku obrad.<br \/>\n5. Przyj\u0119cie porz\u0105dku obrad.<br \/>\n6. Wyb\u00f3r komisji skrutacyjnej.<br \/>\n7. Podj\u0119cie uchwa\u0142y w sprawie zmiany uchwa\u0142y w sprawie przyj\u0119cia lokalnych kryteri\u00f3w wyboru projekt\u00f3w w ramach Programu Rozwoju Obszar\u00f3w Wiejskich na lata 2014 \u2013 2020.<br \/>\n8. Wolne wnioski.<br \/>\n9. Zamkni\u0119cie posiedzenia.<\/p>\n","protected":false},"excerpt":{"rendered":"<p>Stowarzyszenie Przyjazna Dolina Raby i Czarnej Orawy serdecznie zaprasza na Nadzwyczajne Walne Zebranie Cz\u0142onk\u00f3w Stowarzyszenia, kt\u00f3re odb\u0119dzie si\u0119 24.10.2017 o godzinie 16.00\u00a0 na Sali obrad Urz\u0119du Gminy w Rabie Wy\u017cnej. \u00a0 Proponowany porz\u0105dek obrad przedstawia si\u0119 nast\u0119puj\u0105co: 1.Otwarcie obrad i stwierdzenie prawomocno\u015bci. 2. Wyb\u00f3r Przewodnicz\u0105cego Zebrania i Protokolanta. 3. Przedstawienie porz\u0105dku obrad. 4. Zg\u0142aszanie uwag <a href=\"https:\/\/przyjaznadolinaraby.info\/2014-2020\/zaproszenie-na-nadzwyczajne-walne-zebranie-czlonkow-stowarzyszenia-przyjazna-dolina-raby-i-czarnej-orawy-3\/\" class=\"more-link\">&#8230;<span class=\"screen-reader-text\">  Zaproszenie na Nadzwyczajne Walne Zebranie Cz\u0142onk\u00f3w Stowarzyszenia Przyjazna Dolina Raby i Czarnej Orawy<\/span><\/a><\/p>\n","protected":false},"author":6,"featured_media":0,"comment_status":"open","ping_status":"open","sticky":false,"template":"","format":"standard","meta":{"_monsterinsights_skip_tracking":false,"_monsterinsights_sitenote_active":false,"_monsterinsights_sitenote_note":"","_monsterinsights_sitenote_category":0,"footnotes":""},"categories":[3,1],"tags":[],"acf":[],"_links":{"self":[{"href":"https:\/\/przyjaznadolinaraby.info\/2014-2020\/wp-json\/wp\/v2\/posts\/1454"}],"collection":[{"href":"https:\/\/przyjaznadolinaraby.info\/2014-2020\/wp-json\/wp\/v2\/posts"}],"about":[{"href":"https:\/\/przyjaznadolinaraby.info\/2014-2020\/wp-json\/wp\/v2\/types\/post"}],"author":[{"embeddable":true,"href":"https:\/\/przyjaznadolinaraby.info\/2014-2020\/wp-json\/wp\/v2\/users\/6"}],"replies":[{"embeddable":true,"href":"https:\/\/przyjaznadolinaraby.info\/2014-2020\/wp-json\/wp\/v2\/comments?post=1454"}],"version-history":[{"count":0,"href":"https:\/\/przyjaznadolinaraby.info\/2014-2020\/wp-json\/wp\/v2\/posts\/1454\/revisions"}],"wp:attachment":[{"href":"https:\/\/przyjaznadolinaraby.info\/2014-2020\/wp-json\/wp\/v2\/media?parent=1454"}],"wp:term":[{"taxonomy":"category","embeddable":true,"href":"https:\/\/przyjaznadolinaraby.info\/2014-2020\/wp-json\/wp\/v2\/categories?post=1454"},{"taxonomy":"post_tag","embeddable":true,"href":"https:\/\/przyjaznadolinaraby.info\/2014-2020\/wp-json\/wp\/v2\/tags?post=1454"}],"curies":[{"name":"wp","href":"https:\/\/api.w.org\/{rel}","templated":true}]}}