{"id":1668,"date":"2017-12-20T09:31:13","date_gmt":"2017-12-20T08:31:13","guid":{"rendered":"http:\/\/przyjaznadolinaraby.info\/2014-2020\/?p=1668"},"modified":"2018-03-06T09:49:11","modified_gmt":"2018-03-06T08:49:11","slug":"zaproszenie-na-nadzwyczajne-walne-zebranie-czlonkow-stowarzyszenia-przyjazna-dolina-raby-i-czarnej-orawy-4","status":"publish","type":"post","link":"https:\/\/przyjaznadolinaraby.info\/2014-2020\/zaproszenie-na-nadzwyczajne-walne-zebranie-czlonkow-stowarzyszenia-przyjazna-dolina-raby-i-czarnej-orawy-4\/","title":{"rendered":"Zaproszenie na Nadzwyczajne Walne Zebranie Cz\u0142onk\u00f3w Stowarzyszenia Przyjazna Dolina Raby i Czarnej Orawy"},"content":{"rendered":"<p>Stowarzyszenie Przyjazna Dolina Raby i Czarnej Orawy serdecznie zaprasza na Nadzwyczajne Walne Zebranie Cz\u0142onk\u00f3w Stowarzyszenia, kt\u00f3re odb\u0119dzie si\u0119 <b>04<\/b><strong>.01.2018<\/strong> o godzinie <strong>16.00<\/strong> na Sali obrad Urz\u0119du Gminy w Rabie Wy\u017cnej.<\/p>\n<p><strong>Proponowany porz\u0105dek obrad przedstawia si\u0119 nast\u0119puj\u0105co:<\/strong><\/p>\n<ol>\n<li>Otwarcie obrad i stwierdzenie prawomocno\u015bci<\/li>\n<li>Wyb\u00f3r Przewodnicz\u0105cego Zebrania i Protokolanta<\/li>\n<li>Przedstawienie porz\u0105dku obrad<\/li>\n<li>Zg\u0142aszanie uwag do porz\u0105dku obrad<\/li>\n<li>Przyj\u0119cie porz\u0105dku obrad<\/li>\n<li>Wyb\u00f3r komisji skrutacyjnej<\/li>\n<li>Podj\u0119cie uchwa\u0142y w sprawie zmiany uchwa\u0142y w sprawie zatwierdzenia Strategii Rozwoju Lokalnego Kierowanego przez Spo\u0142eczno\u015b\u0107 obj\u0119ta Programem Rozwoju Obszar\u00f3w Wiejskich na lata 2014\u20132020 Stowarzyszenia Przyjazna Dolina Raby i Czarnej Orawy<\/li>\n<li>Wyb\u00f3r komisji do spraw monitoringu i ewaluacji<\/li>\n<li>Wolne wnioski<\/li>\n<li>Zamkni\u0119cie posiedzenia<\/li>\n<\/ol>\n","protected":false},"excerpt":{"rendered":"<p>Stowarzyszenie Przyjazna Dolina Raby i Czarnej Orawy serdecznie zaprasza na Nadzwyczajne Walne Zebranie Cz\u0142onk\u00f3w Stowarzyszenia, kt\u00f3re odb\u0119dzie si\u0119 04.01.2018 o godzinie 16.00 na Sali obrad Urz\u0119du Gminy w Rabie Wy\u017cnej. Proponowany porz\u0105dek obrad przedstawia si\u0119 nast\u0119puj\u0105co: Otwarcie obrad i stwierdzenie prawomocno\u015bci Wyb\u00f3r Przewodnicz\u0105cego Zebrania i Protokolanta Przedstawienie porz\u0105dku obrad Zg\u0142aszanie uwag do porz\u0105dku obrad Przyj\u0119cie <a href=\"https:\/\/przyjaznadolinaraby.info\/2014-2020\/zaproszenie-na-nadzwyczajne-walne-zebranie-czlonkow-stowarzyszenia-przyjazna-dolina-raby-i-czarnej-orawy-4\/\" class=\"more-link\">&#8230;<span class=\"screen-reader-text\">  Zaproszenie na Nadzwyczajne Walne Zebranie Cz\u0142onk\u00f3w Stowarzyszenia Przyjazna Dolina Raby i Czarnej Orawy<\/span><\/a><\/p>\n","protected":false},"author":6,"featured_media":0,"comment_status":"open","ping_status":"open","sticky":false,"template":"","format":"standard","meta":{"_monsterinsights_skip_tracking":false,"_monsterinsights_sitenote_active":false,"_monsterinsights_sitenote_note":"","_monsterinsights_sitenote_category":0,"footnotes":""},"categories":[3,1],"tags":[],"acf":[],"_links":{"self":[{"href":"https:\/\/przyjaznadolinaraby.info\/2014-2020\/wp-json\/wp\/v2\/posts\/1668"}],"collection":[{"href":"https:\/\/przyjaznadolinaraby.info\/2014-2020\/wp-json\/wp\/v2\/posts"}],"about":[{"href":"https:\/\/przyjaznadolinaraby.info\/2014-2020\/wp-json\/wp\/v2\/types\/post"}],"author":[{"embeddable":true,"href":"https:\/\/przyjaznadolinaraby.info\/2014-2020\/wp-json\/wp\/v2\/users\/6"}],"replies":[{"embeddable":true,"href":"https:\/\/przyjaznadolinaraby.info\/2014-2020\/wp-json\/wp\/v2\/comments?post=1668"}],"version-history":[{"count":0,"href":"https:\/\/przyjaznadolinaraby.info\/2014-2020\/wp-json\/wp\/v2\/posts\/1668\/revisions"}],"wp:attachment":[{"href":"https:\/\/przyjaznadolinaraby.info\/2014-2020\/wp-json\/wp\/v2\/media?parent=1668"}],"wp:term":[{"taxonomy":"category","embeddable":true,"href":"https:\/\/przyjaznadolinaraby.info\/2014-2020\/wp-json\/wp\/v2\/categories?post=1668"},{"taxonomy":"post_tag","embeddable":true,"href":"https:\/\/przyjaznadolinaraby.info\/2014-2020\/wp-json\/wp\/v2\/tags?post=1668"}],"curies":[{"name":"wp","href":"https:\/\/api.w.org\/{rel}","templated":true}]}}