{"id":1757,"date":"2018-01-29T12:30:37","date_gmt":"2018-01-29T11:30:37","guid":{"rendered":"http:\/\/przyjaznadolinaraby.info\/2014-2020\/?p=1757"},"modified":"2018-03-06T09:48:40","modified_gmt":"2018-03-06T08:48:40","slug":"zaproszenie-na-posiedzenie-rady-stowarzyszenia-przyjazna-dolina-raby-i-czarnej-orawy-9-luty-2018-r-piatek-o-godz-1000","status":"publish","type":"post","link":"https:\/\/przyjaznadolinaraby.info\/2014-2020\/zaproszenie-na-posiedzenie-rady-stowarzyszenia-przyjazna-dolina-raby-i-czarnej-orawy-9-luty-2018-r-piatek-o-godz-1000\/","title":{"rendered":"Zaproszenie na Posiedzenie Rady Stowarzyszenia Przyjazna Dolina Raby i Czarnej Orawy- 9 luty 2018 r. \/pi\u0105tek\/ o godz. 10:00"},"content":{"rendered":"<p>Przewodnicz\u0105cy Rady Stowarzyszenia Przyjazna Dolina Raby i Czarnej Orawy zgodnie z \u00a7 19 ust. 1\u00a0 Regulaminu Rady, zaprasza cz\u0142onk\u00f3w Rady \u00a0na posiedzenie, kt\u00f3re odb\u0119dzie si\u0119 dnia <strong>9 lutego 2018 r. \/pi\u0105tek\/\u00a0 o godz. 10:00 w biurze Stowarzyszenia Przyjazna Dolina Raby i Czarnej Orawy. <\/strong><\/p>\n<p><strong>Proponowany program Posiedzenia Rady\u00a0<\/strong><\/p>\n<ol>\n<li>Otwarcie obrad i powitanie zebranych cz\u0142onk\u00f3w Rady, stwierdzenie prawomocno\u015bci obrad.<\/li>\n<li>Przedstawienie porz\u0105dku i przyj\u0119cie porz\u0105dku obrad.<\/li>\n<li>Podpisanie deklaracji bezstronno\u015bci i poufno\u015bci dotycz\u0105cych naboru nr 7\/2017.<\/li>\n<li>Ocena zgodno\u015bci z LSR z\u0142o\u017conego wniosku w ramach naboru 7\/2017.<\/li>\n<li>Ocena wed\u0142ug lokalnych kryteri\u00f3w wyboru operacji wniosku z\u0142o\u017conego w ramach naboru nr 7\/2017<\/li>\n<li>Ustalenie wysoko\u015bci kwoty wsparcia<\/li>\n<li>Sporz\u0105dzenie list operacji<\/li>\n<li>Podj\u0119cie uchwa\u0142 o wybraniu lub niewybraniu operacji do finansowania oraz ustaleniu kwoty wsparcia.<\/li>\n<li>Ponowna ocena operacji nr 15\/1\/2017 na wniosek Wojew\u00f3dzkiego S\u0105du Administracyjnego w zwi\u0105zku z uwzgl\u0119dnieniem skargi z\u0142o\u017conej przez Wnioskodawc\u0119 Ewelin\u0119 Rusnak oraz podj\u0119cie stosownych uchwa\u0142.<\/li>\n<li>Podpisanie deklaracji bezstronno\u015bci i poufno\u015bci dotycz\u0105cych naboru nr 2\/2018\/G, 4\/2018\/G, 5\/2018\/G, 6\/2018\/G, 7\/2018\/G<\/li>\n<li>Ocena zgodno\u015bci z LSR z\u0142o\u017conych wniosk\u00f3w w ramach nabor\u00f3w nr 2\/2018\/G, 4\/2018\/G, 5\/2018\/G, 6\/2018\/G, 7\/2018\/G<\/li>\n<li>Wolne wnioski i zapytania.<\/li>\n<li>Zako\u0144czenie posiedzenia.<\/li>\n<\/ol>\n<p>&nbsp;<\/p>\n<p style=\"text-align: right;\">Przewodnicz\u0105cy Rady<\/p>\n<p style=\"text-align: right;\">Stowarzyszenia Przyjazna Dolina Raby i Czarnej Orawy<\/p>\n<p style=\"text-align: right;\">mgr Rafa\u0142 Grygorowicz<\/p>\n","protected":false},"excerpt":{"rendered":"<p>Przewodnicz\u0105cy Rady Stowarzyszenia Przyjazna Dolina Raby i Czarnej Orawy zgodnie z \u00a7 19 ust. 1\u00a0 Regulaminu Rady, zaprasza cz\u0142onk\u00f3w Rady \u00a0na posiedzenie, kt\u00f3re odb\u0119dzie si\u0119 dnia 9 lutego 2018 r. \/pi\u0105tek\/\u00a0 o godz. 10:00 w biurze Stowarzyszenia Przyjazna Dolina Raby i Czarnej Orawy. Proponowany program Posiedzenia Rady\u00a0 Otwarcie obrad i powitanie zebranych cz\u0142onk\u00f3w Rady, stwierdzenie <a href=\"https:\/\/przyjaznadolinaraby.info\/2014-2020\/zaproszenie-na-posiedzenie-rady-stowarzyszenia-przyjazna-dolina-raby-i-czarnej-orawy-9-luty-2018-r-piatek-o-godz-1000\/\" class=\"more-link\">&#8230;<span class=\"screen-reader-text\">  Zaproszenie na Posiedzenie Rady Stowarzyszenia Przyjazna Dolina Raby i Czarnej Orawy- 9 luty 2018 r. \/pi\u0105tek\/ o godz. 10:00<\/span><\/a><\/p>\n","protected":false},"author":6,"featured_media":0,"comment_status":"open","ping_status":"open","sticky":false,"template":"","format":"standard","meta":{"_monsterinsights_skip_tracking":false,"_monsterinsights_sitenote_active":false,"_monsterinsights_sitenote_note":"","_monsterinsights_sitenote_category":0,"footnotes":""},"categories":[3,1],"tags":[],"acf":[],"_links":{"self":[{"href":"https:\/\/przyjaznadolinaraby.info\/2014-2020\/wp-json\/wp\/v2\/posts\/1757"}],"collection":[{"href":"https:\/\/przyjaznadolinaraby.info\/2014-2020\/wp-json\/wp\/v2\/posts"}],"about":[{"href":"https:\/\/przyjaznadolinaraby.info\/2014-2020\/wp-json\/wp\/v2\/types\/post"}],"author":[{"embeddable":true,"href":"https:\/\/przyjaznadolinaraby.info\/2014-2020\/wp-json\/wp\/v2\/users\/6"}],"replies":[{"embeddable":true,"href":"https:\/\/przyjaznadolinaraby.info\/2014-2020\/wp-json\/wp\/v2\/comments?post=1757"}],"version-history":[{"count":0,"href":"https:\/\/przyjaznadolinaraby.info\/2014-2020\/wp-json\/wp\/v2\/posts\/1757\/revisions"}],"wp:attachment":[{"href":"https:\/\/przyjaznadolinaraby.info\/2014-2020\/wp-json\/wp\/v2\/media?parent=1757"}],"wp:term":[{"taxonomy":"category","embeddable":true,"href":"https:\/\/przyjaznadolinaraby.info\/2014-2020\/wp-json\/wp\/v2\/categories?post=1757"},{"taxonomy":"post_tag","embeddable":true,"href":"https:\/\/przyjaznadolinaraby.info\/2014-2020\/wp-json\/wp\/v2\/tags?post=1757"}],"curies":[{"name":"wp","href":"https:\/\/api.w.org\/{rel}","templated":true}]}}