{"id":1797,"date":"2018-02-23T10:03:16","date_gmt":"2018-02-23T09:03:16","guid":{"rendered":"http:\/\/przyjaznadolinaraby.info\/2014-2020\/?p=1797"},"modified":"2018-03-06T09:47:42","modified_gmt":"2018-03-06T08:47:42","slug":"zaproszenie-na-posiedzenie-rady-stowarzyszenia-przyjazna-dolina-raby-i-czarnej-orawy-2-marzec-2018-r-piatek-o-godz-900","status":"publish","type":"post","link":"https:\/\/przyjaznadolinaraby.info\/2014-2020\/zaproszenie-na-posiedzenie-rady-stowarzyszenia-przyjazna-dolina-raby-i-czarnej-orawy-2-marzec-2018-r-piatek-o-godz-900\/","title":{"rendered":"Zaproszenie na Posiedzenie Rady Stowarzyszenia Przyjazna Dolina Raby i Czarnej Orawy- 2 marzec 2018 r. \/pi\u0105tek\/ o godz. 9:00"},"content":{"rendered":"<p>Przewodnicz\u0105cy Rady Stowarzyszenia Przyjazna Dolina Raby i Czarnej Orawy zgodnie z \u00a7 19 ust. 1 Regulaminu Rady, zaprasza cz\u0142onk\u00f3w Rady na posiedzenie, kt\u00f3re odb\u0119dzie si\u0119 dnia 2 marca 2018 r. \/pi\u0105tek\/ o godz. 9:00 w biurze Stowarzyszenia Przyjazna Dolina Raby i Czarnej Orawy.<\/p>\n<p><span style=\"text-decoration: underline;\">Proponowany program Posiedzenia Rady<\/span><br \/>\n1. Otwarcie obrad i powitanie zebranych cz\u0142onk\u00f3w Rady, stwierdzenie prawomocno\u015bci obrad.<br \/>\n2. Przedstawienie porz\u0105dku i przyj\u0119cie porz\u0105dku obrad.<br \/>\n3. Ocena merytoryczna pod k\u0105tem spe\u0142nienia kryteri\u00f3w wyboru grantobiorc\u00f3w, wyb\u00f3r zada\u0144 i ustalanie kwot wsparcia w ramach projekt\u00f3w grantowych obj\u0119tych naborami nr 2\/2018\/G, 4\/2018\/G, 5\/2018\/G, 6\/2018\/G<br \/>\n4. Sporz\u0105dzenie list grantobiorc\u00f3w w ramach nabor\u00f3w nr 2\/2018\/G, 4\/2018\/G, 5\/2018\/G, 6\/2018\/G<br \/>\n5. Podj\u0119cie uchwa\u0142 o wybraniu lub niewybraniu zadania do finansowania oraz ustaleniu kwoty wsparcia.<br \/>\n6. Wolne wnioski i zapytania.<br \/>\n7. Zako\u0144czenie posiedzenia.<\/p>\n<p style=\"text-align: right;\">Przewodnicz\u0105cy Rady<br \/>\nStowarzyszenia Przyjazna Dolina Raby i Czarnej Orawy<\/p>\n<p style=\"text-align: right;\">mgr Rafa\u0142 Grygorowicz<\/p>\n","protected":false},"excerpt":{"rendered":"<p>Przewodnicz\u0105cy Rady Stowarzyszenia Przyjazna Dolina Raby i Czarnej Orawy zgodnie z \u00a7 19 ust. 1 Regulaminu Rady, zaprasza cz\u0142onk\u00f3w Rady na posiedzenie, kt\u00f3re odb\u0119dzie si\u0119 dnia 2 marca 2018 r. \/pi\u0105tek\/ o godz. 9:00 w biurze Stowarzyszenia Przyjazna Dolina Raby i Czarnej Orawy. Proponowany program Posiedzenia Rady 1. Otwarcie obrad i powitanie zebranych cz\u0142onk\u00f3w Rady, <a href=\"https:\/\/przyjaznadolinaraby.info\/2014-2020\/zaproszenie-na-posiedzenie-rady-stowarzyszenia-przyjazna-dolina-raby-i-czarnej-orawy-2-marzec-2018-r-piatek-o-godz-900\/\" class=\"more-link\">&#8230;<span class=\"screen-reader-text\">  Zaproszenie na Posiedzenie Rady Stowarzyszenia Przyjazna Dolina Raby i Czarnej Orawy- 2 marzec 2018 r. \/pi\u0105tek\/ o godz. 9:00<\/span><\/a><\/p>\n","protected":false},"author":6,"featured_media":0,"comment_status":"open","ping_status":"open","sticky":false,"template":"","format":"standard","meta":{"_monsterinsights_skip_tracking":false,"_monsterinsights_sitenote_active":false,"_monsterinsights_sitenote_note":"","_monsterinsights_sitenote_category":0,"footnotes":""},"categories":[3,1],"tags":[],"acf":[],"_links":{"self":[{"href":"https:\/\/przyjaznadolinaraby.info\/2014-2020\/wp-json\/wp\/v2\/posts\/1797"}],"collection":[{"href":"https:\/\/przyjaznadolinaraby.info\/2014-2020\/wp-json\/wp\/v2\/posts"}],"about":[{"href":"https:\/\/przyjaznadolinaraby.info\/2014-2020\/wp-json\/wp\/v2\/types\/post"}],"author":[{"embeddable":true,"href":"https:\/\/przyjaznadolinaraby.info\/2014-2020\/wp-json\/wp\/v2\/users\/6"}],"replies":[{"embeddable":true,"href":"https:\/\/przyjaznadolinaraby.info\/2014-2020\/wp-json\/wp\/v2\/comments?post=1797"}],"version-history":[{"count":0,"href":"https:\/\/przyjaznadolinaraby.info\/2014-2020\/wp-json\/wp\/v2\/posts\/1797\/revisions"}],"wp:attachment":[{"href":"https:\/\/przyjaznadolinaraby.info\/2014-2020\/wp-json\/wp\/v2\/media?parent=1797"}],"wp:term":[{"taxonomy":"category","embeddable":true,"href":"https:\/\/przyjaznadolinaraby.info\/2014-2020\/wp-json\/wp\/v2\/categories?post=1797"},{"taxonomy":"post_tag","embeddable":true,"href":"https:\/\/przyjaznadolinaraby.info\/2014-2020\/wp-json\/wp\/v2\/tags?post=1797"}],"curies":[{"name":"wp","href":"https:\/\/api.w.org\/{rel}","templated":true}]}}