{"id":1904,"date":"2018-03-26T09:28:44","date_gmt":"2018-03-26T07:28:44","guid":{"rendered":"http:\/\/przyjaznadolinaraby.info\/2014-2020\/?p=1904"},"modified":"2018-03-27T10:06:52","modified_gmt":"2018-03-27T08:06:52","slug":"zaproszenie-na-walne-zebranie-czlonkow-stowarzyszenia-przyjazna-dolina-raby-i-czarnej-orawy-2","status":"publish","type":"post","link":"https:\/\/przyjaznadolinaraby.info\/2014-2020\/zaproszenie-na-walne-zebranie-czlonkow-stowarzyszenia-przyjazna-dolina-raby-i-czarnej-orawy-2\/","title":{"rendered":"Zaproszenie na Walne Zebranie Cz\u0142onk\u00f3w Stowarzyszenia Przyjazna Dolina Raby i Czarnej Orawy"},"content":{"rendered":"<p><span style=\"color: #000000;\">Stowarzyszenie Przyjazna Dolina Raby i Czarnej Orawy serdecznie zaprasza na Walne Zebranie Cz\u0142onk\u00f3w Stowarzyszenia, kt\u00f3re odb\u0119dzie si\u0119 <b>09<\/b><strong>.04.2018<\/strong> o godzinie <strong>16.00<\/strong> na Sali obrad Urz\u0119du Gminy w Rabie Wy\u017cnej.<\/span><\/p>\n<p><span style=\"color: #000000;\"><strong>Proponowany porz\u0105dek obrad przedstawia si\u0119 nast\u0119puj\u0105co:<\/strong><\/span><\/p>\n<p><span style=\"margin: 0px; color: #000000; font-family: 'Candara','sans-serif';\"><span style=\"font-size: medium;\">1. Otwarcie obrad i stwierdzenie prawomocno\u015bci.<\/span><\/span><\/p>\n<p><span style=\"margin: 0px; color: #000000; font-family: 'Candara','sans-serif';\"><span style=\"font-size: medium;\">2. Wyb\u00f3r Przewodnicz\u0105cego Zebrania i Protokolanta.<\/span><\/span><\/p>\n<p><span style=\"margin: 0px; color: #000000; font-family: 'Candara','sans-serif';\"><span style=\"font-size: medium;\">3. Przedstawienie porz\u0105dku obrad.<\/span><\/span><\/p>\n<p><span style=\"margin: 0px; color: #000000; font-family: 'Candara','sans-serif';\"><span style=\"font-size: medium;\">4. Zg\u0142aszanie uwag do porz\u0105dku obrad.<\/span><\/span><\/p>\n<p><span style=\"margin: 0px; color: #000000; font-family: 'Candara','sans-serif';\"><span style=\"font-size: medium;\">5. Przyj\u0119cie porz\u0105dku obrad.<\/span><\/span><\/p>\n<p><span style=\"margin: 0px; color: #000000; font-family: 'Candara','sans-serif';\"><span style=\"font-size: medium;\">6. Wyb\u00f3r komisji skrutacyjnej.<\/span><\/span><\/p>\n<p><span style=\"margin: 0px; color: #000000; font-family: 'Candara','sans-serif';\"><span style=\"font-size: medium;\">7. Sprawozdanie finansowe za 2017 rok:<\/span><\/span><\/p>\n<p><span style=\"margin: 0px; color: #000000; font-family: 'Candara','sans-serif';\"><span style=\"font-size: medium;\">a) om\u00f3wienie sprawozdania finansowego za 2017 rok<\/span><\/span><\/p>\n<p><span style=\"margin: 0px; color: #000000; font-family: 'Candara','sans-serif';\"><span style=\"font-size: medium;\">b) sprawozdanie z dzia\u0142alno\u015bci LGD w 2017 roku<\/span><\/span><\/p>\n<p><span style=\"margin: 0px; color: #000000; font-family: 'Candara','sans-serif';\"><span style=\"font-size: medium;\">c) raport z monitoringu 2017<\/span><\/span><\/p>\n<p><span style=\"margin: 0px; color: #000000; font-family: 'Candara','sans-serif';\"><span style=\"font-size: medium;\">d) opinia Komisji Rewizyjnej<\/span><\/span><\/p>\n<p><span style=\"margin: 0px; color: #000000; font-family: 'Candara','sans-serif';\"><span style=\"font-size: medium;\">e) podj\u0119cie uchwa\u0142y w sprawie zatwierdzenia sprawozdania finansowego za 2017 rok<\/span><\/span><\/p>\n<p><span style=\"margin: 0px; color: #000000; font-family: 'Candara','sans-serif';\"><span style=\"font-size: medium;\">f) podj\u0119cie uchwa\u0142y w sprawie zatwierdzenia sprawozdania z pracy Zarz\u0105du Stowarzyszenia<\/span><\/span><\/p>\n<p><span style=\"margin: 0px; color: #000000; font-family: 'Candara','sans-serif';\"><span style=\"font-size: medium;\">g) podj\u0119cie uchwa\u0142y w sprawie udzielenia absolutorium cz\u0142onkom Zarz\u0105du<\/span><\/span><\/p>\n<p><span style=\"margin: 0px; color: #000000; font-family: 'Candara','sans-serif';\"><span style=\"font-size: medium;\">h) podj\u0119cie uchwa\u0142y w sprawie zatwierdzenia sprawozdania z dzia\u0142alno\u015bci Rady<\/span><\/span><\/p>\n<p><span style=\"margin: 0px; color: #000000; font-family: 'Candara','sans-serif';\"><span style=\"font-size: medium;\">i) podj\u0119cie uchwa\u0142y w sprawie udzielenia absolutorium cz\u0142onkom Rady<\/span><\/span><\/p>\n<p><span style=\"margin: 0px; color: #000000; font-family: 'Candara','sans-serif';\"><span style=\"font-size: medium;\">j) podj\u0119cie uchwa\u0142y w sprawie zatwierdzenia sprawozdania z dzia\u0142alno\u015bci Komisji Rewizyjnej<\/span><\/span><\/p>\n<p><span style=\"margin: 0px; color: #000000; font-family: 'Candara','sans-serif';\"><span style=\"font-size: medium;\">k) podj\u0119cie uchwa\u0142y w sprawie udzielenia absolutorium cz\u0142onkom Komisji Rewizyjnej<\/span><\/span><\/p>\n<p><span style=\"margin: 0px; color: #000000; font-family: 'Candara','sans-serif';\"><span style=\"font-size: medium;\">8. Podj\u0119cie uchwa\u0142 w sprawie ustalenia wysoko\u015bci sk\u0142adki cz\u0142onkowskiej na rok 2018<\/span><\/span><\/p>\n<p><span style=\"margin: 0px; color: #000000; font-family: 'Candara','sans-serif';\"><span style=\"font-size: medium;\">9. Podj\u0119cie uchwa\u0142y w sprawie zmiany uchwa\u0142y w sprawie zatwierdzenia Strategii Rozwoju Lokalnego Kierowanego przez Spo\u0142eczno\u015b\u0107 obj\u0119ta Programem Rozwoju Obszar\u00f3w Wiejskich na lata 2014\u20132020 Stowarzyszenia Przyjazna Dolina Raby i Czarnej Orawy.<\/span><\/span><\/p>\n<p><span style=\"color: #000000; font-size: medium;\"><span style=\"margin: 0px; font-family: 'Candara','sans-serif';\">10. Podj\u0119cie uchwa\u0142y w <\/span><span style=\"margin: 0px; font-family: 'Candara','sans-serif';\">sprawie odwo\u0142ania cz\u0142onk\u00f3w Rady z pe\u0142nionych funkcji.<\/span><\/span><\/p>\n<p><span style=\"color: #000000; font-size: medium;\"><span style=\"margin: 0px; font-family: 'Candara','sans-serif';\">11. Podj\u0119cie uchwa\u0142y w sprawie<\/span> <span style=\"margin: 0px; font-family: 'Candara','sans-serif';\">wyboru cz\u0142onk\u00f3w Rady Stowarzyszenia.<br \/>\n12. Wolne wnioski.<br \/>\n13. Zamkni\u0119cie posiedzenia.<\/span><\/span><\/p>\n<p>&nbsp;<\/p>\n<p>&nbsp;<\/p>\n","protected":false},"excerpt":{"rendered":"<p>Stowarzyszenie Przyjazna Dolina Raby i Czarnej Orawy serdecznie zaprasza na Walne Zebranie Cz\u0142onk\u00f3w Stowarzyszenia, kt\u00f3re odb\u0119dzie si\u0119 09.04.2018 o godzinie 16.00 na Sali obrad Urz\u0119du Gminy w Rabie Wy\u017cnej. Proponowany porz\u0105dek obrad przedstawia si\u0119 nast\u0119puj\u0105co: 1. Otwarcie obrad i stwierdzenie prawomocno\u015bci. 2. Wyb\u00f3r Przewodnicz\u0105cego Zebrania i Protokolanta. 3. Przedstawienie porz\u0105dku obrad. 4. Zg\u0142aszanie uwag do <a href=\"https:\/\/przyjaznadolinaraby.info\/2014-2020\/zaproszenie-na-walne-zebranie-czlonkow-stowarzyszenia-przyjazna-dolina-raby-i-czarnej-orawy-2\/\" class=\"more-link\">&#8230;<span class=\"screen-reader-text\">  Zaproszenie na Walne Zebranie Cz\u0142onk\u00f3w Stowarzyszenia Przyjazna Dolina Raby i Czarnej Orawy<\/span><\/a><\/p>\n","protected":false},"author":6,"featured_media":0,"comment_status":"closed","ping_status":"closed","sticky":false,"template":"","format":"standard","meta":{"_monsterinsights_skip_tracking":false,"_monsterinsights_sitenote_active":false,"_monsterinsights_sitenote_note":"","_monsterinsights_sitenote_category":0,"footnotes":""},"categories":[3,1],"tags":[],"acf":[],"_links":{"self":[{"href":"https:\/\/przyjaznadolinaraby.info\/2014-2020\/wp-json\/wp\/v2\/posts\/1904"}],"collection":[{"href":"https:\/\/przyjaznadolinaraby.info\/2014-2020\/wp-json\/wp\/v2\/posts"}],"about":[{"href":"https:\/\/przyjaznadolinaraby.info\/2014-2020\/wp-json\/wp\/v2\/types\/post"}],"author":[{"embeddable":true,"href":"https:\/\/przyjaznadolinaraby.info\/2014-2020\/wp-json\/wp\/v2\/users\/6"}],"replies":[{"embeddable":true,"href":"https:\/\/przyjaznadolinaraby.info\/2014-2020\/wp-json\/wp\/v2\/comments?post=1904"}],"version-history":[{"count":0,"href":"https:\/\/przyjaznadolinaraby.info\/2014-2020\/wp-json\/wp\/v2\/posts\/1904\/revisions"}],"wp:attachment":[{"href":"https:\/\/przyjaznadolinaraby.info\/2014-2020\/wp-json\/wp\/v2\/media?parent=1904"}],"wp:term":[{"taxonomy":"category","embeddable":true,"href":"https:\/\/przyjaznadolinaraby.info\/2014-2020\/wp-json\/wp\/v2\/categories?post=1904"},{"taxonomy":"post_tag","embeddable":true,"href":"https:\/\/przyjaznadolinaraby.info\/2014-2020\/wp-json\/wp\/v2\/tags?post=1904"}],"curies":[{"name":"wp","href":"https:\/\/api.w.org\/{rel}","templated":true}]}}