{"id":1991,"date":"2018-04-24T11:57:24","date_gmt":"2018-04-24T09:57:24","guid":{"rendered":"http:\/\/przyjaznadolinaraby.info\/2014-2020\/?p=1991"},"modified":"2018-04-24T13:33:07","modified_gmt":"2018-04-24T11:33:07","slug":"zblizajace-sie-nabory","status":"publish","type":"post","link":"https:\/\/przyjaznadolinaraby.info\/2014-2020\/zblizajace-sie-nabory\/","title":{"rendered":"Zbli\u017caj\u0105ce si\u0119 nabory"},"content":{"rendered":"<p><em>Szanowni Pa\u0144stwo!<\/em><\/p>\n<p>Uprzejmie informujemy o planowanych naborach na operacje z zakresu:<\/p>\n<p><strong><u><span style=\"color: #000080;\">Rozwoju og\u00f3lnodost\u0119pnej i niekomercyjnej infrastruktury turystycznej lub rekreacyjnej, lub kulturalnej<\/span><\/u><\/strong><\/p>\n<ul>\n<li><span style=\"color: #000080;\"><strong>Nab\u00f3r nr 3\/2018<\/strong> &#8211; <\/span><strong><span style=\"color: #000080;\">Tworzenie i modernizacja turystycznych i rekreacyjnych szlak\u00f3w, tras, miejsc, \u015bcie\u017cek<\/span> <\/strong><\/li>\n<\/ul>\n<p><strong>WSKA\u0179NIK PRODUKTU<\/strong> <strong>w ramach kt\u00f3rego realizowany jest nab\u00f3r:<\/strong><\/p>\n<p><strong><em>Liczba nowych lub zmodernizowanych lub oznakowanych turystycznych i rekreacyjnych szlak\u00f3w, tras, miejsc i \u015bcie\u017cek<\/em><\/strong><\/p>\n<ul>\n<li><span style=\"color: #000080;\"><strong>Nab\u00f3r nr 4\/2018<\/strong> &#8211; <strong>Dzia\u0142ania promocyjne obszaru LGD i produkt\u00f3w lokalnych<\/strong><\/span><\/li>\n<\/ul>\n<p><strong>WSKA\u0179NIK PRODUKTU<\/strong> <strong>w ramach kt\u00f3rego realizowany jest nab\u00f3r:<\/strong><\/p>\n<p><strong><em>Liczba dzia\u0142a\u0144 promocyjnych dotycz\u0105cych produktu lokalnego <\/em><\/strong><strong><em>\u00a0\u00a0\u00a0\u00a0\u00a0\u00a0\u00a0\u00a0\u00a0\u00a0\u00a0\u00a0\u00a0\u00a0\u00a0\u00a0\u00a0\u00a0\u00a0\u00a0\u00a0\u00a0\u00a0\u00a0\u00a0\u00a0\u00a0\u00a0\u00a0\u00a0\u00a0\u00a0\u00a0\u00a0\u00a0\u00a0\u00a0\u00a0 <\/em><\/strong><\/p>\n<p>&nbsp;<\/p>\n<p>oraz w zakresie\u00a0<span style=\"margin: 0px; color: #000080; line-height: 115%; font-family: 'Times New Roman','serif'; font-size: 13pt;\"><b><i>Promowania obszaru obj\u0119tego LSR, w tym produkt\u00f3w lub us\u0142ug lokalnych:<\/i><\/b><\/span><\/p>\n<ul>\n<li><strong><span style=\"color: #000080;\">Nab\u00f3r nr 8\/2018\/G (grant): Wydarzenia rekreacyjno-sportowe.<\/span><\/strong><\/li>\n<\/ul>\n<p>w ramach poddzia\u0142ania \u201eWsparcie na wdra\u017canie operacji w ramach strategii rozwoju lokalnego kierowanego przez spo\u0142eczno\u015b\u0107\u201d, \u00a0obj\u0119tego Programem Rozwoju Obszar\u00f3w Wiejskich na lata 2014-2020 z udzia\u0142em \u015brodk\u00f3w Europejskiego Funduszu Rolnego na rzecz Rozwoju Obszar\u00f3w Wiejskich.<\/p>\n<p><b><span style=\"margin: 0px; font-family: 'Times New Roman','serif'; font-size: 12pt;\"><span style=\"color: #000000;\">Wnioski o przyznanie pomocy mo\u017cna sk\u0142ada\u0107 w terminie: <\/span><span style=\"color: #000080;\">od <u>14-05-2018 do 28-05-2018<\/u>.\u00a0<\/span><\/span><\/b><\/p>\n<p style=\"text-align: center;\"><b><span style=\"margin: 0px; font-family: 'Times New Roman','serif'; font-size: 12pt;\"><span style=\"color: #000000;\">***<\/span><\/span><\/b><\/p>\n<pre><span style=\"color: #000080; font-family: arial,helvetica,sans-serif;\"><strong>\u00a0<\/strong><strong><u>Informacje o konkursie z zakresu niekomercyjnej infrastruktury:<\/u><\/strong><\/span><\/pre>\n<p>Konkursy dla <strong>organizacji pozarz\u0105dowych<\/strong> i <strong>JST.<\/strong><\/p>\n<p>\u015arodki na inwestycj\u0119 w niekomercyjn\u0105 infrastruktur\u0119 turystyczn\u0105, rekreacyjn\u0105 i kulturaln\u0105 kt\u00f3ra\u00a0 <strong>nie b\u0119dzie nastawiona na zysk <\/strong>i pos\u0142u\u017cy wszystkim mieszka\u0144com obszaru LGD.<\/p>\n<p>Wnioskodawca musi mie\u0107 siedzib\u0119\/oddzia\u0142 na obszarze LGD i <strong><em>Posiada\u0107 prawo w\u0142asno\u015bci do dysponowania nieruchomo\u015bci\u0105 obj\u0119t\u0105 planowan\u0105 inwestycj\u0105. <\/em><\/strong><\/p>\n<p>Warto\u015b\u0107 zadania<strong> od 50\u00a0ty\u015b. z\u0142 do 300 ty\u015b. z\u0142<\/strong>.<\/p>\n<p><u>Intensywno\u015bci wsparcia:<\/u><\/p>\n<ol>\n<li>a) do 70% koszt\u00f3w kwalifikowalnych \u2013 w przypadku podmiotu wykonuj\u0105cego dzia\u0142alno\u015b\u0107 gospodarcz\u0105, do\u00a0kt\u00f3rej stosuje si\u0119 przepisy ustawy z dnia 2 lipca 2004 r. o swobodzie dzia\u0142alno\u015bci gospodarczej,<\/li>\n<li>b) do 63,63% koszt\u00f3w kwalifikowalnych \u2013 w przypadku jednostek sektora finans\u00f3w publicznych<\/li>\n<li>c) do 100% koszt\u00f3w kwalifikowalnych \u2013 w przypadku pozosta\u0142ych podmiot\u00f3w.<\/li>\n<\/ol>\n<p><strong>Wsparcie udzielane jest: w formie refundacji:<\/strong> czyli po zrealizowaniu ca\u0142o\u015bci projektu.<\/p>\n<p>Okres trwa\u0142o\u015bci projektu inwestycyjnego: <strong>5 lat<\/strong>.<\/p>\n<p>Ka\u017cdy z\u0142o\u017cony projekt przejdzie ocen\u0119. Nale\u017cy zaznaczy\u0107, \u017ce <strong>kryteria premiuj\u0105 w szczeg\u00f3lno\u015bci osoby nale\u017c\u0105ce do grupy defaworyzowanej<\/strong>\u00a0 tj.: <strong>niepe\u0142nosprawni, m\u0142odzi ludzie bez pracy<\/strong> ( do 35 roku \u017cycia), <strong>starsi ludzie<\/strong> (po 65 roku \u017cycia), <strong>m\u0142odzi rodzice<\/strong>, a szczeg\u00f3lnie <strong>m\u0142ode matki<\/strong>, w tym <strong>matki samotne<\/strong> ( do 35 roku \u017cycia).\u00a0 Ponadto stawiamy na innowacyjno\u015b\u0107, ochron\u0119 \u015brodowiska oraz przeciwdzia\u0142anie zmianom klimatycznym.<\/p>\n<p>Kryteria wyboru operacji realizowanych przez podmioty inne ni\u017c LGD- <a href=\"http:\/\/przyjaznadolinaraby.info\/2014-2020\/wp-content\/uploads\/2017\/09\/za\u0142-nr-2-kryteria-operacji-innych-ni\u017c-LGD-zmiany.pdf\">pobierz.<\/a><\/p>\n<p><strong><u>Beneficjent powinien wykaza\u0107, \u017ce:<\/u><\/strong><\/p>\n<ul>\n<li>posiada do\u015bwiadczenie w realizacji projekt\u00f3w o charakterze podobnym do operacji, kt\u00f3r\u0105 zamierza realizowa\u0107, <strong>lub<\/strong><\/li>\n<li>posiada zasoby odpowiednie do przedmiotu operacji, kt\u00f3r\u0105 zamierza realizowa\u0107, <strong>lub<\/strong><\/li>\n<li>posiada kwalifikacje odpowiednie do przedmiotu operacji, kt\u00f3r\u0105 zamierza realizowa\u0107, je\u017celi jest osob\u0105 fizyczn\u0105, <strong>lub<\/strong><\/li>\n<li>wykonuje dzia\u0142alno\u015b\u0107 odpowiedni\u0105 do przedmiotu operacji, kt\u00f3r\u0105 zamierza realizowa\u0107;<\/li>\n<\/ul>\n<pre><span style=\"text-decoration: underline;\"><span style=\"color: #000080; font-family: arial,helvetica,sans-serif;\"><strong>PROJEKTY GRANTOWE<\/strong><\/span><\/span><\/pre>\n<p>Konkurs grantowy w zakresie <strong><em>Promowania obszaru obj\u0119tego LSR, w tym produkt\u00f3w lub us\u0142ug lokalnych (Wydarzenia rekreacyjno-sportowe ).<\/em><\/strong><\/p>\n<table style=\"border-color: #000000; width: 692px; height: 160px;\" border=\"1\">\n<tbody>\n<tr style=\"height: 21px;\">\n<td style=\"width: 194.31px; height: 21px;\"><strong>Przedsi\u0119wzi\u0119cie:<\/strong><\/td>\n<td style=\"width: 481.69px; height: 21px;\">II.1.4. Promowanie aktywno\u015bci fizycznej i zdrowego trybu \u017cycia.<\/td>\n<\/tr>\n<tr style=\"height: 22px;\">\n<td style=\"width: 194.31px; height: 22px;\"><strong>Wska\u017anik produktu:<\/strong><\/td>\n<td style=\"width: 481.69px; height: 22px;\">Wydarzenia rekreacyjno-sportowe<\/td>\n<\/tr>\n<tr style=\"height: 19px;\">\n<td style=\"width: 194.31px; height: 19px;\"><strong>Bud\u017cet LGD<\/strong><\/td>\n<td style=\"width: 481.69px; height: 19px;\">96\u00a0000 z\u0142<\/td>\n<\/tr>\n<tr style=\"height: 38.36px;\">\n<td style=\"width: 194.31px; height: 38.36px;\"><strong>Warto\u015b\u0107 zadania:<\/strong><\/td>\n<td style=\"width: 481.69px; height: 38.36px;\">od 5 do 50 tys. z\u0142 &#8211; refundacja do 100 % koszt\u00f3w kwalifikowalnych<\/td>\n<\/tr>\n<\/tbody>\n<\/table>\n<p><strong>Beneficjentem (grantobiorc\u0105) mog\u0105 by\u0107:<\/strong><\/p>\n<ul>\n<li>Osoby fizyczne \u2013 pe\u0142noletni obywatele pa\u0144stwa cz\u0142onkowskiego UE, maj\u0105cy miejsce zamieszkania na obszarze wiejskim obj\u0119tym LSR<\/li>\n<li>Osoby prawne, w tym m.in. k\u00f3\u0142ka rolnicze, organizacje pozarz\u0105dowe, sp\u00f3\u0142dzielnie, ko\u015bcio\u0142y, zwi\u0105zki wyznaniowe.<\/li>\n<li>Jednostki organizacyjne nieposiadaj\u0105ce osobowo\u015bci prawnej, kt\u00f3rym ustawy przyznaj\u0105 zdolno\u015b\u0107 prawn\u0105, je\u017celi siedziba tej jednostki lub jej oddzia\u0142u znajduje si\u0119 na obszarze wiejskim obj\u0119tym LSR.<\/li>\n<\/ul>\n<p>Preferowane s\u0105 projekty skierowane do\/realizowane przez osoby z <strong>grupy defaworyzowanej :\u00a0\u00a0<\/strong><\/p>\n<ul>\n<li>Niepe\u0142nosprawni,<\/li>\n<li>M\u0142odzi ludzie bez pracy ( do 35 roku \u017cycia),<\/li>\n<li>Starsi ludzie(po 50 roku \u017cycia)<\/li>\n<li>M\u0142odzi rodzice ( do 35 roku \u017cycia), a szczeg\u00f3lnie m\u0142ode matki, w tym matki samotne.<\/li>\n<\/ul>\n<p><strong>Beneficjent powinien wykaza\u0107, \u017ce:<\/strong><\/p>\n<ul>\n<li>posiada do\u015bwiadczenie w realizacji projekt\u00f3w o charakterze podobnym do operacji, kt\u00f3r\u0105 zamierza realizowa\u0107, lub<\/li>\n<li>posiada zasoby odpowiednie do przedmiotu operacji, kt\u00f3r\u0105 zamierza realizowa\u0107, lub<\/li>\n<li>posiada kwalifikacje odpowiednie do przedmiotu operacji, kt\u00f3r\u0105 zamierza realizowa\u0107, je\u017celi jest osob\u0105 fizyczn\u0105, lub<\/li>\n<li>wykonuje dzia\u0142alno\u015b\u0107 odpowiedni\u0105 do przedmiotu operacji, kt\u00f3r\u0105 zamierza realizowa\u0107;<\/li>\n<\/ul>\n<p>Beneficjent nie mo\u017ce wykonywa\u0107 dzia\u0142alno\u015bci gospodarczej, z tym \u017ce w przypadku grantobiorcy, kt\u00f3ry zgodnie ze swoim statutem w ramach swojej struktury organizacyjnej powo\u0142a\u0142 jednostki organizacyjne takie jak sekcje lub ko\u0142a pomoc jest wyp\u0142acana nawet gdy:<\/p>\n<ul>\n<li>siedziba lub oddzia\u0142 osoby prawnej znajduje si\u0119 poza obszarem wiejskim LSR, je\u017celi obszar dzia\u0142alno\u015bci grantobiorcy i jego jednostki organizacyjnej pokrywa si\u0119 z obszarem wiejskim obj\u0119tym LSR, a realizacja zadania na kt\u00f3re udzielono grantu jest zwi\u0105zana z przedmiotem dzia\u0142alno\u015bci danej jednostki organizacyjnej<\/li>\n<li>grantobiorca wykonuje dzia\u0142alno\u015b\u0107 gospodarcz\u0105, je\u017celi realizacja zadania na kt\u00f3re jest udzielany grant, nie jest zwi\u0105zana z przedmiotem tej dzia\u0142alno\u015bci, ale jest zwi\u0105zana z przedmiotem dzia\u0142alno\u015bci jednostki organizacyjnej grantobiorcy.<\/li>\n<\/ul>\n<p>Beneficjent musi posiada\u0107 numer ewidencyjny w krajowym systemie ewidencji producent\u00f3w(ARiMR).<\/p>\n<p>Beneficjent musi posiada\u0107 tytu\u0142 prawny do nieruchomo\u015bci, na kt\u00f3rej b\u0119dzie realizowana operacja o charakterze inwestycyjnym na okres co najmniej 5 lat od wyp\u0142aty p\u0142atno\u015bci ko\u0144cowej na rzecz LGD w ramach rozliczenia ko\u0144cowego projektu grantowego przez LGD.<\/p>\n<p><strong>Co nale\u017cy zrobi\u0107?? <\/strong><\/p>\n<p><strong>1) Przygotuj dokumentacj\u0119 i wype\u0142nij wniosek w generatorze w platformie obs\u0142ugi projekt\u00f3w(POP) na lgd.witkac.pl.\u00a0 <\/strong><\/p>\n<p><strong>2) Z\u0142\u00f3\u017c wniosek w miejscu i w spos\u00f3b wskazany w procedurach i w og\u0142oszeniu o naborze <\/strong><\/p>\n<p><strong>3) Nast\u0119pnie czekaj na ocen\u0119 i wyb\u00f3r wniosku.<\/strong> Po zako\u0144czeniu nabor\u00f3w wniosk\u00f3w podanym w og\u0142oszeniu, LGD ma 45 dni na dokonanie oceny i ostatecznego wyboru operacji. Na podstawie operacji wybranych LGD sporz\u0105dza wniosek o dofinansowanie PROJEKTU GRANTOWEGO, KT\u00d3RY SK\u0141ADA DO SW. Po pozytywnym zweryfikowaniu tego\u017c wniosku przez SW i przyznaniu dofinansowania na Projekt Grantowy, LGD podpisuje umowy o powierzenie grant\u00f3w z\u00a0 wybranymi grantobiorcami.<\/p>\n<p>*<\/p>\n<p>Organ decyzyjny \u2013 Rada LGD dokonuje oceny i wyboru operacji pod k\u0105tem oceny:<\/p>\n<p>-zgodno\u015bci z PROW 2014-2020,\u00a0 -zgodno\u015bci z LSR,\u00a0 -zgodno\u015bci z lokalnymi kryteriami wyboru.<\/p>\n<p>Uwaga! W przypadku gdy kilka operacji uzyska w wyniku oceny jednakow\u0105 liczb\u0119 punkt\u00f3w o kolejno\u015bci i wyborze projektu decyduje kolejno\u015b\u0107 zg\u0142osze\u0144 (szczeg\u00f3lnie gdy pula \u015brodk\u00f3w nie pozwala na wybranie do realizacji wszystkich grant\u00f3w). Dat\u0105 wp\u0142ywu wniosku jest data i godzina jego z\u0142o\u017cenia poprzez Generator wniosk\u00f3w.<\/p>\n<p><strong>4.) Pilnuj termin\u00f3w i zobowi\u0105za\u0144 umowy przyznania pomocy: <\/strong><\/p>\n<p>Po podpisaniu umowy przyznania pomocy masz zapisany w umowie termin w jakim powiniene\u015b osi\u0105gn\u0105\u0107 cele operacji i z\u0142o\u017cy\u0107 wniosek o p\u0142atno\u015b\u0107 (refundacj\u0119 koszt\u00f3w kwalifikowalnych) oraz sprawozdanie.<\/p>\n<ul>\n<li>Przez okres minimum 5 lat od dnia wyp\u0142aty p\u0142atno\u015bci ko\u0144cowej (od dnia otrzymania na konto refundacji koszt\u00f3w) grantobiorca jest zobowi\u0105zany zachowa\u0107 trwa\u0142o\u015b\u0107 operacji \u2013 czyli zachowa\u0107 efekty i cele operacji\/inwestycji.<\/li>\n<li>Przez okres minimum 5 lat od dnia wyp\u0142aty p\u0142atno\u015bci ko\u0144cowej w razie potrzeby beneficjent powinien umo\u017cliwi\u0107 kontrol\u0119 przez SW lub inne uprawnione instytucje.<\/li>\n<li>Pami\u0119taj aby dokumentowa\u0107 ka\u017cdy etap realizacji operacji (np. dokumenty, zdj\u0119cia, filmy).<\/li>\n<\/ul>\n<p>Wyp\u0142ata \u015brodk\u00f3w finansowych &#8211; kwota grantu lub jego transza wyp\u0142acana jest w wysoko\u015bci wynikaj\u0105cej z zatwierdzonego wniosku o p\u0142atno\u015b\u0107 LGD w terminie 2 miesi\u0119cy od dnia z\u0142o\u017cenia WOP \u2013 uzupe\u0142nienia wstrzymuj\u0105 bieg w\/w terminu. W przypadku wyst\u0105pienia op\u00f3\u017anie\u0144 w otrzymaniu przez LGD \u015brodk\u00f3w finansowych na wyp\u0142at\u0119 kwoty grantu, p\u0142atno\u015bci dokonuje si\u0119 niezw\u0142ocznie po ich otrzymaniu. O op\u00f3\u017anieniach LGD zawiadamia Grantobiorc\u0119 za po\u015brednictwem POP.<\/p>\n<p>&nbsp;<\/p>\n<p>Pomoc jest przyznawana w formie refundacji koszt\u00f3w kwalifikowalnych, do kt\u00f3rych zalicza si\u0119 koszty:<\/p>\n<p>1) og\u00f3lne (dokumentacja techniczna, kosztorysy itp.)- do wysoko\u015bci 10% pozosta\u0142ych KK,<\/p>\n<p>2) zakupu rob\u00f3t budowlanych lub us\u0142ug,<\/p>\n<p>3) zakupu lub rozwoju oprogramowania komputerowego oraz zakupu patent\u00f3w, licencji lub wynagrodze\u0144 za przeniesienie autorskich praw maj\u0105tkowych lub znak\u00f3w towarowych,<\/p>\n<p>4) najmu lub dzier\u017cawy maszyn, wyposa\u017cenia lub nieruchomo\u015bci,<\/p>\n<p>5) zakupu nowych maszyn lub wyposa\u017cenia, a w przypadku operacji w zakresie zachowania dziedzictwa lokalnego &#8211; r\u00f3wnie\u017c u\u017cywanych maszyn lub wyposa\u017cenia, stanowi\u0105cych eksponaty,<\/p>\n<p>6) zakupu rzeczy innych ni\u017c wymienione w pkt 5 i 6, w tym materia\u0142\u00f3w,<\/p>\n<p>7) podatku od towar\u00f3w i us\u0142ug (VAT), z wyj\u0105tkiem podatku, kt\u00f3ry mo\u017cna odzyska\u0107 na mocy prawodawstwa krajowego VAT<\/p>\n<p>8) wynagrodzenia i innych \u015bwiadcze\u0144, o kt\u00f3rych mowa w Kodeksie Pracy, zwi\u0105zanych z prac\u0105 beneficjenta &#8211; kt\u00f3re s\u0105 uzasadnione zakresem operacji, niezb\u0119dne do osi\u0105gni\u0119cia jej celu oraz racjonalne.<\/p>\n<p>Koszty kwalifikowalne operacji nie mog\u0105 by\u0107 wsp\u00f3\u0142finansowane z innych \u017ar\u00f3de\u0142 publicznych.<\/p>\n<p>Wi\u0119cej informacji(wzory dokument\u00f3w):<\/p>\n<blockquote class=\"wp-embedded-content\" data-secret=\"pcZe9JwFqS\"><p><a href=\"http:\/\/przyjaznadolinaraby.info\/2014-2020\/projekty-grantowe\/\">Projekty grantowe<\/a><\/p><\/blockquote>\n<p><iframe class=\"wp-embedded-content\" sandbox=\"allow-scripts\" security=\"restricted\" style=\"position: absolute; clip: rect(1px, 1px, 1px, 1px);\" title=\"&#8222;Projekty grantowe&#8221; &#8212; Stowarzyszenie Przyjazna Dolina Raby i Czarnej Orawy\" src=\"http:\/\/przyjaznadolinaraby.info\/2014-2020\/projekty-grantowe\/embed\/#?secret=YfOUFTaEb9#?secret=pcZe9JwFqS\" data-secret=\"pcZe9JwFqS\" width=\"600\" height=\"338\" frameborder=\"0\" marginwidth=\"0\" marginheight=\"0\" scrolling=\"no\"><\/iframe><\/p>\n<p><a href=\"http:\/\/przyjaznadolinaraby.info\/2014-2020\/wp-content\/uploads\/2016\/07\/za\u0142-nr-1-kryteria-granty-zmiany-11.2017.pdf\">KRYTERIA<\/a><\/p>\n<p style=\"text-align: center;\">***<\/p>\n<p style=\"text-align: center;\">Szczeg\u00f3\u0142owe informacje nt. nabor\u00f3w i sk\u0142adania wniosk\u00f3w znajd\u0105 Pa\u0144stwo na stronie internetowej przyjaznadolinaraby.info i w biurze LGD.<\/p>\n<p>&nbsp;<\/p>\n","protected":false},"excerpt":{"rendered":"<p>Szanowni Pa\u0144stwo! Uprzejmie informujemy o planowanych naborach na operacje z zakresu: Rozwoju og\u00f3lnodost\u0119pnej i niekomercyjnej infrastruktury turystycznej lub rekreacyjnej, lub kulturalnej Nab\u00f3r nr 3\/2018 &#8211; Tworzenie i modernizacja turystycznych i rekreacyjnych szlak\u00f3w, tras, miejsc, \u015bcie\u017cek WSKA\u0179NIK PRODUKTU w ramach kt\u00f3rego realizowany jest nab\u00f3r: Liczba nowych lub zmodernizowanych lub oznakowanych turystycznych i rekreacyjnych szlak\u00f3w, tras, miejsc <a href=\"https:\/\/przyjaznadolinaraby.info\/2014-2020\/zblizajace-sie-nabory\/\" class=\"more-link\">&#8230;<span class=\"screen-reader-text\">  Zbli\u017caj\u0105ce si\u0119 nabory<\/span><\/a><\/p>\n","protected":false},"author":6,"featured_media":0,"comment_status":"open","ping_status":"open","sticky":false,"template":"","format":"standard","meta":{"_monsterinsights_skip_tracking":false,"_monsterinsights_sitenote_active":false,"_monsterinsights_sitenote_note":"","_monsterinsights_sitenote_category":0,"footnotes":""},"categories":[3,1],"tags":[],"acf":[],"_links":{"self":[{"href":"https:\/\/przyjaznadolinaraby.info\/2014-2020\/wp-json\/wp\/v2\/posts\/1991"}],"collection":[{"href":"https:\/\/przyjaznadolinaraby.info\/2014-2020\/wp-json\/wp\/v2\/posts"}],"about":[{"href":"https:\/\/przyjaznadolinaraby.info\/2014-2020\/wp-json\/wp\/v2\/types\/post"}],"author":[{"embeddable":true,"href":"https:\/\/przyjaznadolinaraby.info\/2014-2020\/wp-json\/wp\/v2\/users\/6"}],"replies":[{"embeddable":true,"href":"https:\/\/przyjaznadolinaraby.info\/2014-2020\/wp-json\/wp\/v2\/comments?post=1991"}],"version-history":[{"count":0,"href":"https:\/\/przyjaznadolinaraby.info\/2014-2020\/wp-json\/wp\/v2\/posts\/1991\/revisions"}],"wp:attachment":[{"href":"https:\/\/przyjaznadolinaraby.info\/2014-2020\/wp-json\/wp\/v2\/media?parent=1991"}],"wp:term":[{"taxonomy":"category","embeddable":true,"href":"https:\/\/przyjaznadolinaraby.info\/2014-2020\/wp-json\/wp\/v2\/categories?post=1991"},{"taxonomy":"post_tag","embeddable":true,"href":"https:\/\/przyjaznadolinaraby.info\/2014-2020\/wp-json\/wp\/v2\/tags?post=1991"}],"curies":[{"name":"wp","href":"https:\/\/api.w.org\/{rel}","templated":true}]}}