{"id":2035,"date":"2018-06-08T10:00:43","date_gmt":"2018-06-08T08:00:43","guid":{"rendered":"http:\/\/przyjaznadolinaraby.info\/2014-2020\/?p=2035"},"modified":"2018-06-08T10:00:43","modified_gmt":"2018-06-08T08:00:43","slug":"zaproszenie-na-posiedzenie-rady-stowarzyszenia-przyjazna-dolina-raby-i-czarnej-orawy-15-czerwiec-2018-r-piatek-o-godz-900","status":"publish","type":"post","link":"https:\/\/przyjaznadolinaraby.info\/2014-2020\/zaproszenie-na-posiedzenie-rady-stowarzyszenia-przyjazna-dolina-raby-i-czarnej-orawy-15-czerwiec-2018-r-piatek-o-godz-900\/","title":{"rendered":"Zaproszenie na Posiedzenie Rady Stowarzyszenia Przyjazna Dolina Raby i Czarnej Orawy- 15 czerwiec 2018 r. \/pi\u0105tek\/ o godz. 9:00"},"content":{"rendered":"<p>Przewodnicz\u0105cy Rady Stowarzyszenia Przyjazna Dolina Raby i Czarnej Orawy zgodnie z \u00a7 19 ust. 1\u00a0 Regulaminu Rady, zaprasza cz\u0142onk\u00f3w Rady \u00a0na posiedzenie, kt\u00f3re odb\u0119dzie si\u0119 dnia <strong>15.06.2018 r. \/pi\u0105tek\/ o godz. 9:00 w biurze Stowarzyszenia Przyjazna Dolina Raby i Czarnej Orawy. <\/strong><\/p>\n<p><strong>Proponowany program Posiedzenia Rady\u00a0<\/strong><\/p>\n<ol>\n<li>Otwarcie obrad i powitanie zebranych cz\u0142onk\u00f3w Rady, stwierdzenie prawomocno\u015bci obrad.<\/li>\n<li>Przedstawienie porz\u0105dku i przyj\u0119cie porz\u0105dku obrad.<\/li>\n<li>Podpisanie deklaracji\u00a0 bezstronno\u015bci i poufno\u015bci dotycz\u0105cych naboru nr 3\/2018.<\/li>\n<li>Ocena zgodno\u015bci z LSR z\u0142o\u017conych wniosk\u00f3w w ramach naboru 3\/2018.<\/li>\n<li>Ocena wed\u0142ug lokalnych kryteri\u00f3w wyboru operacji wniosk\u00f3w z\u0142o\u017conych w ramach naboru nr 3\/2018.<\/li>\n<li>Ustalenie wysoko\u015bci kwot wsparcia.<\/li>\n<li>Sporz\u0105dzenie list operacji.<\/li>\n<li>Podj\u0119cie uchwa\u0142 o wybraniu lub niewybraniu operacji do finansowania oraz ustaleniu kwoty wsparcia.<\/li>\n<li>Podpisanie deklaracji\u00a0 bezstronno\u015bci i poufno\u015bci dotycz\u0105cych naboru nr 8\/2018\/G<\/li>\n<li>Ocena zgodno\u015bci z LSR z\u0142o\u017conych wniosk\u00f3w w ramach naboru nr\u00a0 8\/2018\/G<\/li>\n<li>Ocena merytoryczna pod k\u0105tem spe\u0142nienia kryteri\u00f3w wyboru grantobiorc\u00f3w, wyb\u00f3r zada\u0144 i ustalanie kwot wsparcia w ramach projekt\u00f3w grantowych obj\u0119tych naborem\u00a0 nr 8\/2018\/G<\/li>\n<li>Sporz\u0105dzenie listy grantobiorc\u00f3w w ramach naboru nr 8\/2018\/G<\/li>\n<li>Podj\u0119cie uchwa\u0142 o wybraniu lub niewybraniu zadania do finansowania oraz ustaleniu kwoty wsparcia.<\/li>\n<li>Wolne wnioski i zapytania.<\/li>\n<li>Zako\u0144czenie posiedzenia.<\/li>\n<\/ol>\n<p>&nbsp;<\/p>\n<p style=\"text-align: right;\">Przewodnicz\u0105cy Rady<\/p>\n<p style=\"text-align: right;\">Stowarzyszenia Przyjazna Dolina Raby i Czarnej Orawy<\/p>\n<p style=\"text-align: right;\">mgr Rafa\u0142 Grygorowicz<\/p>\n","protected":false},"excerpt":{"rendered":"<p>Przewodnicz\u0105cy Rady Stowarzyszenia Przyjazna Dolina Raby i Czarnej Orawy zgodnie z \u00a7 19 ust. 1\u00a0 Regulaminu Rady, zaprasza cz\u0142onk\u00f3w Rady \u00a0na posiedzenie, kt\u00f3re odb\u0119dzie si\u0119 dnia 15.06.2018 r. \/pi\u0105tek\/ o godz. 9:00 w biurze Stowarzyszenia Przyjazna Dolina Raby i Czarnej Orawy. Proponowany program Posiedzenia Rady\u00a0 Otwarcie obrad i powitanie zebranych cz\u0142onk\u00f3w Rady, stwierdzenie prawomocno\u015bci obrad. <a href=\"https:\/\/przyjaznadolinaraby.info\/2014-2020\/zaproszenie-na-posiedzenie-rady-stowarzyszenia-przyjazna-dolina-raby-i-czarnej-orawy-15-czerwiec-2018-r-piatek-o-godz-900\/\" class=\"more-link\">&#8230;<span class=\"screen-reader-text\">  Zaproszenie na Posiedzenie Rady Stowarzyszenia Przyjazna Dolina Raby i Czarnej Orawy- 15 czerwiec 2018 r. \/pi\u0105tek\/ o godz. 9:00<\/span><\/a><\/p>\n","protected":false},"author":6,"featured_media":0,"comment_status":"open","ping_status":"open","sticky":false,"template":"","format":"standard","meta":{"_monsterinsights_skip_tracking":false,"_monsterinsights_sitenote_active":false,"_monsterinsights_sitenote_note":"","_monsterinsights_sitenote_category":0,"footnotes":""},"categories":[1],"tags":[],"acf":[],"_links":{"self":[{"href":"https:\/\/przyjaznadolinaraby.info\/2014-2020\/wp-json\/wp\/v2\/posts\/2035"}],"collection":[{"href":"https:\/\/przyjaznadolinaraby.info\/2014-2020\/wp-json\/wp\/v2\/posts"}],"about":[{"href":"https:\/\/przyjaznadolinaraby.info\/2014-2020\/wp-json\/wp\/v2\/types\/post"}],"author":[{"embeddable":true,"href":"https:\/\/przyjaznadolinaraby.info\/2014-2020\/wp-json\/wp\/v2\/users\/6"}],"replies":[{"embeddable":true,"href":"https:\/\/przyjaznadolinaraby.info\/2014-2020\/wp-json\/wp\/v2\/comments?post=2035"}],"version-history":[{"count":0,"href":"https:\/\/przyjaznadolinaraby.info\/2014-2020\/wp-json\/wp\/v2\/posts\/2035\/revisions"}],"wp:attachment":[{"href":"https:\/\/przyjaznadolinaraby.info\/2014-2020\/wp-json\/wp\/v2\/media?parent=2035"}],"wp:term":[{"taxonomy":"category","embeddable":true,"href":"https:\/\/przyjaznadolinaraby.info\/2014-2020\/wp-json\/wp\/v2\/categories?post=2035"},{"taxonomy":"post_tag","embeddable":true,"href":"https:\/\/przyjaznadolinaraby.info\/2014-2020\/wp-json\/wp\/v2\/tags?post=2035"}],"curies":[{"name":"wp","href":"https:\/\/api.w.org\/{rel}","templated":true}]}}