{"id":2151,"date":"2018-07-16T12:41:23","date_gmt":"2018-07-16T10:41:23","guid":{"rendered":"http:\/\/przyjaznadolinaraby.info\/2014-2020\/?p=2151"},"modified":"2018-07-16T12:41:23","modified_gmt":"2018-07-16T10:41:23","slug":"zaproszenie-na-posiedzenie-rady-stowarzyszenia-przyjazna-dolina-raby-i-czarnej-orawy-23-lipiec-2018-r-poniedzialek-o-godz-900","status":"publish","type":"post","link":"https:\/\/przyjaznadolinaraby.info\/2014-2020\/zaproszenie-na-posiedzenie-rady-stowarzyszenia-przyjazna-dolina-raby-i-czarnej-orawy-23-lipiec-2018-r-poniedzialek-o-godz-900\/","title":{"rendered":"Zaproszenie na Posiedzenie Rady Stowarzyszenia Przyjazna Dolina Raby i Czarnej Orawy- 23 lipiec 2018 r. \/poniedzia\u0142ek\/ o godz. 9:00"},"content":{"rendered":"<p>Zast\u0119pca Przewodnicz\u0105cego Rady Stowarzyszenia Przyjazna Dolina Raby i Czarnej Orawy zgodnie z \u00a7 19 ust. 1\u00a0 Regulaminu Rady, zaprasza cz\u0142onk\u00f3w Rady \u00a0na posiedzenie, kt\u00f3re odb\u0119dzie si\u0119 dnia <strong>23.07.2018 r. \/poniedzia\u0142ek\/ o godz. 9:00 w biurze Stowarzyszenia Przyjazna Dolina Raby i Czarnej Orawy. <\/strong><\/p>\n<p><strong>Proponowany program Posiedzenia Rady\u00a0<\/strong><\/p>\n<ol>\n<li>Otwarcie obrad i powitanie zebranych cz\u0142onk\u00f3w Rady, stwierdzenie prawomocno\u015bci obrad.<\/li>\n<li>Przedstawienie porz\u0105dku i przyj\u0119cie porz\u0105dku obrad.<\/li>\n<li>Podpisanie deklaracji\u00a0 bezstronno\u015bci i poufno\u015bci dotycz\u0105cych naboru nr 5\/2018.<\/li>\n<li>Ocena zgodno\u015bci z LSR z\u0142o\u017conych wniosk\u00f3w w ramach naboru nr 5\/2018.<\/li>\n<li>Ocena wed\u0142ug lokalnych kryteri\u00f3w wyboru operacji wniosk\u00f3w z\u0142o\u017conych w ramach naboru nr 5\/2018.<\/li>\n<li>Ustalenie wysoko\u015bci kwot wsparcia.<\/li>\n<li>Sporz\u0105dzenie list operacji.<\/li>\n<li>Podj\u0119cie uchwa\u0142 o wybraniu lub niewybraniu operacji do finansowania oraz ustaleniu kwoty wsparcia.<\/li>\n<li>Podj\u0119cie uchwa\u0142 w sprawie sprostowania oczywistych omy\u0142ek pisarskich dotycz\u0105cych uchwa\u0142 nr XIII\/167\/18, XIII\/170\/18, XIII\/171\/18, XIII\/172\/18, XIII\/173\/18, XIII\/176\/18<\/li>\n<li>Wolne wnioski i zapytania.<\/li>\n<li>Zako\u0144czenie posiedzenia.<\/li>\n<\/ol>\n<p style=\"text-align: right;\">Zast\u0119pca Przewodnicz\u0105cego Rady<\/p>\n<p style=\"text-align: right;\">Stowarzyszenia Przyjazna Dolina Raby i Czarnej Orawy<\/p>\n<p style=\"text-align: right;\">\n<p style=\"text-align: right;\">mgr in\u017c. Robert W\u00f3jciak<\/p>\n","protected":false},"excerpt":{"rendered":"<p>Zast\u0119pca Przewodnicz\u0105cego Rady Stowarzyszenia Przyjazna Dolina Raby i Czarnej Orawy zgodnie z \u00a7 19 ust. 1\u00a0 Regulaminu Rady, zaprasza cz\u0142onk\u00f3w Rady \u00a0na posiedzenie, kt\u00f3re odb\u0119dzie si\u0119 dnia 23.07.2018 r. \/poniedzia\u0142ek\/ o godz. 9:00 w biurze Stowarzyszenia Przyjazna Dolina Raby i Czarnej Orawy. Proponowany program Posiedzenia Rady\u00a0 Otwarcie obrad i powitanie zebranych cz\u0142onk\u00f3w Rady, stwierdzenie prawomocno\u015bci <a href=\"https:\/\/przyjaznadolinaraby.info\/2014-2020\/zaproszenie-na-posiedzenie-rady-stowarzyszenia-przyjazna-dolina-raby-i-czarnej-orawy-23-lipiec-2018-r-poniedzialek-o-godz-900\/\" class=\"more-link\">&#8230;<span class=\"screen-reader-text\">  Zaproszenie na Posiedzenie Rady Stowarzyszenia Przyjazna Dolina Raby i Czarnej Orawy- 23 lipiec 2018 r. \/poniedzia\u0142ek\/ o godz. 9:00<\/span><\/a><\/p>\n","protected":false},"author":6,"featured_media":0,"comment_status":"open","ping_status":"open","sticky":false,"template":"","format":"standard","meta":{"_monsterinsights_skip_tracking":false,"_monsterinsights_sitenote_active":false,"_monsterinsights_sitenote_note":"","_monsterinsights_sitenote_category":0,"footnotes":""},"categories":[1],"tags":[],"acf":[],"_links":{"self":[{"href":"https:\/\/przyjaznadolinaraby.info\/2014-2020\/wp-json\/wp\/v2\/posts\/2151"}],"collection":[{"href":"https:\/\/przyjaznadolinaraby.info\/2014-2020\/wp-json\/wp\/v2\/posts"}],"about":[{"href":"https:\/\/przyjaznadolinaraby.info\/2014-2020\/wp-json\/wp\/v2\/types\/post"}],"author":[{"embeddable":true,"href":"https:\/\/przyjaznadolinaraby.info\/2014-2020\/wp-json\/wp\/v2\/users\/6"}],"replies":[{"embeddable":true,"href":"https:\/\/przyjaznadolinaraby.info\/2014-2020\/wp-json\/wp\/v2\/comments?post=2151"}],"version-history":[{"count":0,"href":"https:\/\/przyjaznadolinaraby.info\/2014-2020\/wp-json\/wp\/v2\/posts\/2151\/revisions"}],"wp:attachment":[{"href":"https:\/\/przyjaznadolinaraby.info\/2014-2020\/wp-json\/wp\/v2\/media?parent=2151"}],"wp:term":[{"taxonomy":"category","embeddable":true,"href":"https:\/\/przyjaznadolinaraby.info\/2014-2020\/wp-json\/wp\/v2\/categories?post=2151"},{"taxonomy":"post_tag","embeddable":true,"href":"https:\/\/przyjaznadolinaraby.info\/2014-2020\/wp-json\/wp\/v2\/tags?post=2151"}],"curies":[{"name":"wp","href":"https:\/\/api.w.org\/{rel}","templated":true}]}}