{"id":2249,"date":"2018-08-08T13:38:34","date_gmt":"2018-08-08T11:38:34","guid":{"rendered":"http:\/\/przyjaznadolinaraby.info\/2014-2020\/?p=2249"},"modified":"2018-08-08T13:38:58","modified_gmt":"2018-08-08T11:38:58","slug":"skrocony-czas-pracy-biura-od-8-do-10-sierpnia","status":"publish","type":"post","link":"https:\/\/przyjaznadolinaraby.info\/2014-2020\/skrocony-czas-pracy-biura-od-8-do-10-sierpnia\/","title":{"rendered":"Skr\u00f3cony czas pracy biura od 8 do 10 sierpnia."},"content":{"rendered":"<p><span style=\"display: inline !important; float: none; background-color: transparent; color: #515456; font-family: 'Roboto Condensed'; font-size: 16px; font-style: normal; font-variant: normal; font-weight: 300; letter-spacing: normal; orphans: 2; text-align: left; text-decoration: none; text-indent: 0px; text-shadow: none; text-transform: none; -webkit-text-stroke-width: 0px; white-space: normal; word-spacing: 0px;\">W zwi\u0105zku z apelem G\u0142\u00f3wnego Inspektora Pracy o skracanie czasu pracy, informujemy \u017ce ze wzgl\u0119du na wyst\u0119puj\u0105ce wysokie temperatury powietrza oraz prognozowane upa\u0142y w dniach od 8 do 10 sierpnia czas pracy Stowarzyszenia Przyjazna Dolina Raby i Czarnej Orawy zostaje skr\u00f3cony do godziny 14.00.<\/span><\/p>\n","protected":false},"excerpt":{"rendered":"<p>W zwi\u0105zku z apelem G\u0142\u00f3wnego Inspektora Pracy o skracanie czasu pracy, informujemy \u017ce ze wzgl\u0119du na wyst\u0119puj\u0105ce wysokie temperatury powietrza oraz prognozowane upa\u0142y w dniach od 8 do 10 sierpnia czas pracy Stowarzyszenia Przyjazna Dolina Raby i Czarnej Orawy zostaje skr\u00f3cony do godziny 14.00.<\/p>\n","protected":false},"author":6,"featured_media":0,"comment_status":"open","ping_status":"open","sticky":false,"template":"","format":"standard","meta":{"_monsterinsights_skip_tracking":false,"_monsterinsights_sitenote_active":false,"_monsterinsights_sitenote_note":"","_monsterinsights_sitenote_category":0,"footnotes":""},"categories":[3,1],"tags":[],"acf":[],"_links":{"self":[{"href":"https:\/\/przyjaznadolinaraby.info\/2014-2020\/wp-json\/wp\/v2\/posts\/2249"}],"collection":[{"href":"https:\/\/przyjaznadolinaraby.info\/2014-2020\/wp-json\/wp\/v2\/posts"}],"about":[{"href":"https:\/\/przyjaznadolinaraby.info\/2014-2020\/wp-json\/wp\/v2\/types\/post"}],"author":[{"embeddable":true,"href":"https:\/\/przyjaznadolinaraby.info\/2014-2020\/wp-json\/wp\/v2\/users\/6"}],"replies":[{"embeddable":true,"href":"https:\/\/przyjaznadolinaraby.info\/2014-2020\/wp-json\/wp\/v2\/comments?post=2249"}],"version-history":[{"count":0,"href":"https:\/\/przyjaznadolinaraby.info\/2014-2020\/wp-json\/wp\/v2\/posts\/2249\/revisions"}],"wp:attachment":[{"href":"https:\/\/przyjaznadolinaraby.info\/2014-2020\/wp-json\/wp\/v2\/media?parent=2249"}],"wp:term":[{"taxonomy":"category","embeddable":true,"href":"https:\/\/przyjaznadolinaraby.info\/2014-2020\/wp-json\/wp\/v2\/categories?post=2249"},{"taxonomy":"post_tag","embeddable":true,"href":"https:\/\/przyjaznadolinaraby.info\/2014-2020\/wp-json\/wp\/v2\/tags?post=2249"}],"curies":[{"name":"wp","href":"https:\/\/api.w.org\/{rel}","templated":true}]}}