{"id":2251,"date":"2018-08-14T11:06:49","date_gmt":"2018-08-14T09:06:49","guid":{"rendered":"http:\/\/przyjaznadolinaraby.info\/2014-2020\/?p=2251"},"modified":"2018-08-16T12:46:41","modified_gmt":"2018-08-16T10:46:41","slug":"stoisko-lgd-na-18-jarmarku-podhalanskim","status":"publish","type":"post","link":"https:\/\/przyjaznadolinaraby.info\/2014-2020\/stoisko-lgd-na-18-jarmarku-podhalanskim\/","title":{"rendered":"Stoisko LGD na 18 Jarmarku Podhala\u0144skim"},"content":{"rendered":"<p>Serdecznie zapraszamy na 18 Jarmark Podhala\u0144ski na stoisko LGD. W pi\u0105tek 17 sierpnia w naszym punkcie informacyjnym b\u0119dzie mo\u017cna zasi\u0119gn\u0105\u0107 informacji o funduszach europejskich.<br \/>\nW sobot\u0119 18 sierpnia sw\u00f3j dorobek artystyczny przedstawi\u0105 tw\u00f3rcy ludowi z terenu Stowarzyszenia Przyjazna Dolina Raby i Czarnej Orawy.<\/p>\n<p>Wi\u0119cej informacji o 18 Jarmarku Podhala\u0144skim: \u00a0<a href=\"http:\/\/www.mok.nowytarg.pl\/index.php?option=com_content&amp;view=article&amp;id=2444%3A18-jarmark-podhalaski-program&amp;catid=48%3Ajarmark-podhalaski&amp;lang=pl\">http:\/\/www.mok.nowytarg.pl\/index.php?option=com_content&amp;view=article&amp;id=2444%3A18-jarmark-podhalaski-program&amp;catid=48%3Ajarmark-podhalaski&amp;lang=pl<\/a><\/p>\n<p><a href=\"http:\/\/przyjaznadolinaraby.info\/2014-2020\/2018\/08\/14\/stoisko-lgd-na-18-jarmarku-podhalanskim\/plakat-jarmarki\/\" rel=\"attachment wp-att-2254\"><img decoding=\"async\" class=\"alignnone size-large wp-image-2254\" src=\"http:\/\/przyjaznadolinaraby.info\/2014-2020\/wp-content\/uploads\/2018\/08\/plakat-jarmarki-725x1024.jpg\" alt=\"\" width=\"725\" height=\"1024\" srcset=\"https:\/\/przyjaznadolinaraby.info\/2014-2020\/wp-content\/uploads\/2018\/08\/plakat-jarmarki-725x1024.jpg 725w, https:\/\/przyjaznadolinaraby.info\/2014-2020\/wp-content\/uploads\/2018\/08\/plakat-jarmarki-212x300.jpg 212w, https:\/\/przyjaznadolinaraby.info\/2014-2020\/wp-content\/uploads\/2018\/08\/plakat-jarmarki.jpg 1228w\" sizes=\"(max-width: 725px) 100vw, 725px\" \/><\/a><\/p>\n","protected":false},"excerpt":{"rendered":"<p>Serdecznie zapraszamy na 18 Jarmark Podhala\u0144ski na stoisko LGD. W pi\u0105tek 17 sierpnia w naszym punkcie informacyjnym b\u0119dzie mo\u017cna zasi\u0119gn\u0105\u0107 informacji o funduszach europejskich. W sobot\u0119 18 sierpnia sw\u00f3j dorobek artystyczny przedstawi\u0105 tw\u00f3rcy ludowi z terenu Stowarzyszenia Przyjazna Dolina Raby i Czarnej Orawy. Wi\u0119cej informacji o 18 Jarmarku Podhala\u0144skim: \u00a0http:\/\/www.mok.nowytarg.pl\/index.php?option=com_content&amp;view=article&amp;id=2444%3A18-jarmark-podhalaski-program&amp;catid=48%3Ajarmark-podhalaski&amp;lang=pl<\/p>\n","protected":false},"author":6,"featured_media":0,"comment_status":"open","ping_status":"open","sticky":false,"template":"","format":"standard","meta":{"_monsterinsights_skip_tracking":false,"_monsterinsights_sitenote_active":false,"_monsterinsights_sitenote_note":"","_monsterinsights_sitenote_category":0,"footnotes":""},"categories":[1],"tags":[],"acf":[],"_links":{"self":[{"href":"https:\/\/przyjaznadolinaraby.info\/2014-2020\/wp-json\/wp\/v2\/posts\/2251"}],"collection":[{"href":"https:\/\/przyjaznadolinaraby.info\/2014-2020\/wp-json\/wp\/v2\/posts"}],"about":[{"href":"https:\/\/przyjaznadolinaraby.info\/2014-2020\/wp-json\/wp\/v2\/types\/post"}],"author":[{"embeddable":true,"href":"https:\/\/przyjaznadolinaraby.info\/2014-2020\/wp-json\/wp\/v2\/users\/6"}],"replies":[{"embeddable":true,"href":"https:\/\/przyjaznadolinaraby.info\/2014-2020\/wp-json\/wp\/v2\/comments?post=2251"}],"version-history":[{"count":0,"href":"https:\/\/przyjaznadolinaraby.info\/2014-2020\/wp-json\/wp\/v2\/posts\/2251\/revisions"}],"wp:attachment":[{"href":"https:\/\/przyjaznadolinaraby.info\/2014-2020\/wp-json\/wp\/v2\/media?parent=2251"}],"wp:term":[{"taxonomy":"category","embeddable":true,"href":"https:\/\/przyjaznadolinaraby.info\/2014-2020\/wp-json\/wp\/v2\/categories?post=2251"},{"taxonomy":"post_tag","embeddable":true,"href":"https:\/\/przyjaznadolinaraby.info\/2014-2020\/wp-json\/wp\/v2\/tags?post=2251"}],"curies":[{"name":"wp","href":"https:\/\/api.w.org\/{rel}","templated":true}]}}