{"id":2293,"date":"2018-09-12T13:33:08","date_gmt":"2018-09-12T11:33:08","guid":{"rendered":"http:\/\/przyjaznadolinaraby.info\/2014-2020\/?p=2293"},"modified":"2019-10-15T10:17:49","modified_gmt":"2019-10-15T08:17:49","slug":"bylismy-na-jarmarku-podhalanskim","status":"publish","type":"post","link":"https:\/\/przyjaznadolinaraby.info\/2014-2020\/bylismy-na-jarmarku-podhalanskim\/","title":{"rendered":"Byli\u015bmy na Jarmarku Podhala\u0144skim!"},"content":{"rendered":"<p>W dniach 17-19 sierpnia 2018 roku Stowarzyszenie Przyjazna Dolina Raby i Czarnej Orawy bra\u0142o udzia\u0142 w 18 Jarmarku Podhala\u0144skim, kt\u00f3ry odby\u0142 si\u0119&nbsp; na Rynku G\u0142\u00f3wnym w Nowym Targu. Stowarzyszenie mog\u0142o pochwali\u0107 si\u0119 kolorowym stoiskiem, kt\u00f3re w pierwszy dzie\u0144 imprezy oferowa\u0142o pocz\u0119stunek zwi\u0105zany z kuchni\u0105 regionalna tj. sery, oscypki, domowe ciasta, itp. a tak\u017ce informowa\u0142o o \u015brodkach unijnych dost\u0119pnych w LGD.<\/p>\n<p>&nbsp;<\/p>\n<p><a href=\"http:\/\/przyjaznadolinaraby.info\/2014-2020\/2018\/09\/12\/bylismy-na-jarmarku-podhalanskim\/1-19\/\" rel=\"attachment wp-att-2294\"><img decoding=\"async\" width=\"254\" height=\"190\" class=\"alignnone wp-image-2294\" alt=\"\" src=\"http:\/\/przyjaznadolinaraby.info\/2014-2020\/wp-content\/uploads\/2018\/09\/1.jpg\" srcset=\"https:\/\/przyjaznadolinaraby.info\/2014-2020\/wp-content\/uploads\/2018\/09\/1.jpg 612w, https:\/\/przyjaznadolinaraby.info\/2014-2020\/wp-content\/uploads\/2018\/09\/1-300x225.jpg 300w\" sizes=\"(max-width: 254px) 100vw, 254px\" \/><\/a> &nbsp;<a href=\"http:\/\/przyjaznadolinaraby.info\/2014-2020\/2018\/09\/12\/bylismy-na-jarmarku-podhalanskim\/2-16\/\" rel=\"attachment wp-att-2295\"><img decoding=\"async\" width=\"251\" height=\"188\" class=\"alignnone wp-image-2295\" alt=\"\" src=\"http:\/\/przyjaznadolinaraby.info\/2014-2020\/wp-content\/uploads\/2018\/09\/2.jpg\" srcset=\"https:\/\/przyjaznadolinaraby.info\/2014-2020\/wp-content\/uploads\/2018\/09\/2.jpg 615w, https:\/\/przyjaznadolinaraby.info\/2014-2020\/wp-content\/uploads\/2018\/09\/2-300x225.jpg 300w\" sizes=\"(max-width: 251px) 100vw, 251px\" \/><\/a><!--more--><\/p>\n<p>Natomiast w kolejne dni wraz z tw\u00f3rcami ludowymi z obszaru LGD, prezentowali\u015bmy r\u0119kodzie\u0142o i tw\u00f3rczo\u015b\u0107 regionaln\u0105 wyst\u0119puj\u0105c\u0105 na naszym terenie.<\/p>\n<p><a href=\"http:\/\/przyjaznadolinaraby.info\/2014-2020\/2018\/09\/12\/bylismy-na-jarmarku-podhalanskim\/4-6\/\" rel=\"attachment wp-att-2297\"><img decoding=\"async\" width=\"284\" height=\"189\" class=\"alignnone wp-image-2297\" alt=\"\" src=\"http:\/\/przyjaznadolinaraby.info\/2014-2020\/wp-content\/uploads\/2018\/09\/4.jpg\" srcset=\"https:\/\/przyjaznadolinaraby.info\/2014-2020\/wp-content\/uploads\/2018\/09\/4.jpg 420w, https:\/\/przyjaznadolinaraby.info\/2014-2020\/wp-content\/uploads\/2018\/09\/4-300x200.jpg 300w\" sizes=\"(max-width: 284px) 100vw, 284px\" \/>&nbsp;&nbsp;<\/a><a href=\"http:\/\/przyjaznadolinaraby.info\/2014-2020\/2018\/09\/12\/bylismy-na-jarmarku-podhalanskim\/3-12\/\" rel=\"attachment wp-att-2296\"><img decoding=\"async\" width=\"277\" height=\"184\" class=\"alignnone wp-image-2296\" alt=\"\" src=\"http:\/\/przyjaznadolinaraby.info\/2014-2020\/wp-content\/uploads\/2018\/09\/3.jpg\" srcset=\"https:\/\/przyjaznadolinaraby.info\/2014-2020\/wp-content\/uploads\/2018\/09\/3.jpg 720w, https:\/\/przyjaznadolinaraby.info\/2014-2020\/wp-content\/uploads\/2018\/09\/3-300x200.jpg 300w\" sizes=\"(max-width: 277px) 100vw, 277px\" \/><\/a><\/p>\n<p>Na jarmarku mo\u017cna by\u0142o zobaczy\u0107 kolorowe stoiska, dobiegaj\u0105ce d\u017awi\u0119ki folkowej muzyki czy zapach smakowitego jedzenia, wszechobecny gwar i ruch sk\u0142adaj\u0105 si\u0119 na niepowtarzaln\u0105 atmosfer\u0119 jarmarku.<\/p>\n<p><a href=\"http:\/\/przyjaznadolinaraby.info\/2014-2020\/2018\/09\/12\/bylismy-na-jarmarku-podhalanskim\/5-2\/\" rel=\"attachment wp-att-2298\"><img decoding=\"async\" width=\"284\" height=\"194\" class=\"alignnone wp-image-2298\" alt=\"\" src=\"http:\/\/przyjaznadolinaraby.info\/2014-2020\/wp-content\/uploads\/2018\/09\/5.jpg\" srcset=\"https:\/\/przyjaznadolinaraby.info\/2014-2020\/wp-content\/uploads\/2018\/09\/5.jpg 791w, https:\/\/przyjaznadolinaraby.info\/2014-2020\/wp-content\/uploads\/2018\/09\/5-300x206.jpg 300w\" sizes=\"(max-width: 284px) 100vw, 284px\" \/><\/a><\/p>\n<p>By\u0142a to r\u00f3wnie\u017c rzadka okazja spr\u00f3bowania smakowitych da\u0144 kuchni regionalnej i zakupu oryginalnego r\u0119kodzie\u0142a, a tak\u017ce poznania sztuki ludowej.<\/p>\n<p><a href=\"http:\/\/przyjaznadolinaraby.info\/2014-2020\/2018\/09\/12\/bylismy-na-jarmarku-podhalanskim\/attachment\/6\/\" rel=\"attachment wp-att-2299\"><img decoding=\"async\" width=\"279\" height=\"209\" class=\"alignnone wp-image-2299\" alt=\"\" src=\"http:\/\/przyjaznadolinaraby.info\/2014-2020\/wp-content\/uploads\/2018\/09\/6.png\" srcset=\"https:\/\/przyjaznadolinaraby.info\/2014-2020\/wp-content\/uploads\/2018\/09\/6.png 525w, https:\/\/przyjaznadolinaraby.info\/2014-2020\/wp-content\/uploads\/2018\/09\/6-300x225.png 300w\" sizes=\"(max-width: 279px) 100vw, 279px\" \/><\/a><\/p>\n<p>Dzieci z pewno\u015bci\u0105 ucieszy\u0142a specjalna strefa, gdzie czeka\u0142y na nie liczne gry, zabawy i atrakcje.<\/p>\n<p><a href=\"http:\/\/przyjaznadolinaraby.info\/2014-2020\/2018\/09\/12\/bylismy-na-jarmarku-podhalanskim\/attachment\/7\/\" rel=\"attachment wp-att-2300\"><img decoding=\"async\" width=\"268\" height=\"151\" class=\"alignnone wp-image-2300\" alt=\"\" src=\"http:\/\/przyjaznadolinaraby.info\/2014-2020\/wp-content\/uploads\/2018\/09\/7.png\" srcset=\"https:\/\/przyjaznadolinaraby.info\/2014-2020\/wp-content\/uploads\/2018\/09\/7.png 549w, https:\/\/przyjaznadolinaraby.info\/2014-2020\/wp-content\/uploads\/2018\/09\/7-300x169.png 300w\" sizes=\"(max-width: 268px) 100vw, 268px\" \/><\/a><\/p>\n<p>Wieczorem Jarmark Podhala\u0144ski to przede wszystkim koncerty. Na scenie pojawi\u0142y si\u0119 gwiazdy polskiej muzyki. Mo\u017cna by\u0142o te\u017c pos\u0142ucha\u0107 lokalnych zespo\u0142\u00f3w i artyst\u00f3w.<\/p>\n<p>&nbsp;<\/p>\n","protected":false},"excerpt":{"rendered":"<p>W dniach 17-19 sierpnia 2018 roku Stowarzyszenie Przyjazna Dolina Raby i Czarnej Orawy bra\u0142o udzia\u0142 w 18 Jarmarku Podhala\u0144skim, kt\u00f3ry odby\u0142 si\u0119&nbsp; na Rynku G\u0142\u00f3wnym w Nowym Targu. Stowarzyszenie mog\u0142o pochwali\u0107 si\u0119 kolorowym stoiskiem, kt\u00f3re w pierwszy dzie\u0144 imprezy oferowa\u0142o pocz\u0119stunek zwi\u0105zany z kuchni\u0105 regionalna tj. sery, oscypki, domowe ciasta, itp. a tak\u017ce informowa\u0142o o <a href=\"https:\/\/przyjaznadolinaraby.info\/2014-2020\/bylismy-na-jarmarku-podhalanskim\/\" class=\"more-link\">&#8230;<span class=\"screen-reader-text\">  Byli\u015bmy na Jarmarku Podhala\u0144skim!<\/span><\/a><\/p>\n","protected":false},"author":6,"featured_media":0,"comment_status":"open","ping_status":"open","sticky":false,"template":"","format":"standard","meta":{"_monsterinsights_skip_tracking":false,"_monsterinsights_sitenote_active":false,"_monsterinsights_sitenote_note":"","_monsterinsights_sitenote_category":0,"footnotes":""},"categories":[3,1],"tags":[],"acf":[],"_links":{"self":[{"href":"https:\/\/przyjaznadolinaraby.info\/2014-2020\/wp-json\/wp\/v2\/posts\/2293"}],"collection":[{"href":"https:\/\/przyjaznadolinaraby.info\/2014-2020\/wp-json\/wp\/v2\/posts"}],"about":[{"href":"https:\/\/przyjaznadolinaraby.info\/2014-2020\/wp-json\/wp\/v2\/types\/post"}],"author":[{"embeddable":true,"href":"https:\/\/przyjaznadolinaraby.info\/2014-2020\/wp-json\/wp\/v2\/users\/6"}],"replies":[{"embeddable":true,"href":"https:\/\/przyjaznadolinaraby.info\/2014-2020\/wp-json\/wp\/v2\/comments?post=2293"}],"version-history":[{"count":0,"href":"https:\/\/przyjaznadolinaraby.info\/2014-2020\/wp-json\/wp\/v2\/posts\/2293\/revisions"}],"wp:attachment":[{"href":"https:\/\/przyjaznadolinaraby.info\/2014-2020\/wp-json\/wp\/v2\/media?parent=2293"}],"wp:term":[{"taxonomy":"category","embeddable":true,"href":"https:\/\/przyjaznadolinaraby.info\/2014-2020\/wp-json\/wp\/v2\/categories?post=2293"},{"taxonomy":"post_tag","embeddable":true,"href":"https:\/\/przyjaznadolinaraby.info\/2014-2020\/wp-json\/wp\/v2\/tags?post=2293"}],"curies":[{"name":"wp","href":"https:\/\/api.w.org\/{rel}","templated":true}]}}