{"id":2365,"date":"2018-06-27T12:16:51","date_gmt":"2018-06-27T10:16:51","guid":{"rendered":"http:\/\/przyjaznadolinaraby.info\/2014-2020\/?p=2365"},"modified":"2018-10-08T12:20:43","modified_gmt":"2018-10-08T10:20:43","slug":"sprawozdanie-z-wycieczki-do-wroclawia-i-w-gory-stolowe-w-dniach-25-26-czerwca-2018-r","status":"publish","type":"post","link":"https:\/\/przyjaznadolinaraby.info\/2014-2020\/sprawozdanie-z-wycieczki-do-wroclawia-i-w-gory-stolowe-w-dniach-25-26-czerwca-2018-r\/","title":{"rendered":"Sprawozdanie z wycieczki do Wroc\u0142awia i w G\u00f3ry Sto\u0142owe w dniach 25-26 czerwca 2018 r."},"content":{"rendered":"<p>W dniach 25-26 czerwca dzieci z Gminy Raba Wy\u017cna przebywa\u0142y na wycieczce zorganizowanej przez Stowarzyszenie Przyjazna Dolina Raby i Czarnej Orawy, a wsp\u00f3\u0142finansowanej ze \u015brodk\u00f3w Fundacji PZU. W ramach wyjazdu w pierwszy dzie\u0144 dzieci mog\u0142y zwiedzi\u0107 Stare Miasto, Aule Uniwersytetu Wroc\u0142awskiego, p\u00f3\u017anogotycki ratusz rynek, Panoram\u0119 Rac\u0142awick\u0105, w drugi dzie\u0144 Zwiedzali\u015bmy kopalnie Z\u0142ota w Z\u0142otym Stoku oraz Twierdz\u0119 K\u0142odzk\u0105. Dzi\u0119ki realizacji zadania mo\u017cliwe by\u0142o : wyksztalcenie w uczestnikach nawyk\u00f3w racjonalnego zagospodarowania wolnego czasu,\u00a0 budowanie wsp\u00f3lnoty r\u00f3wie\u015bniczej i powi\u0119kszenie wiedzy o otaczaj\u0105cym nas \u015bwiecie.<\/p>\n<p><a href=\"http:\/\/przyjaznadolinaraby.info\/2014-2020\/2018\/10\/08\/sprawozdanie-z-wycieczki-do-wroclawia-i-w-gory-stolowe-w-dniach-25-26-czerwca-2018-r\/wroclaw3\/\" rel=\"attachment wp-att-2368\"><img decoding=\"async\" class=\"alignnone wp-image-2368\" src=\"http:\/\/przyjaznadolinaraby.info\/2014-2020\/wp-content\/uploads\/2018\/10\/wroclaw3-768x1024.jpg\" alt=\"\" width=\"255\" height=\"340\" \/>\u00a0<\/a><a href=\"http:\/\/przyjaznadolinaraby.info\/2014-2020\/2018\/10\/08\/sprawozdanie-z-wycieczki-do-wroclawia-i-w-gory-stolowe-w-dniach-25-26-czerwca-2018-r\/wroclaw2\/\" rel=\"attachment wp-att-2367\"><img decoding=\"async\" class=\"alignnone wp-image-2367\" src=\"http:\/\/przyjaznadolinaraby.info\/2014-2020\/wp-content\/uploads\/2018\/10\/wroclaw2.png\" alt=\"\" width=\"252\" height=\"336\" srcset=\"https:\/\/przyjaznadolinaraby.info\/2014-2020\/wp-content\/uploads\/2018\/10\/wroclaw2.png 326w, https:\/\/przyjaznadolinaraby.info\/2014-2020\/wp-content\/uploads\/2018\/10\/wroclaw2-225x300.png 225w\" sizes=\"(max-width: 252px) 100vw, 252px\" \/><\/a><\/p>\n<p><a href=\"http:\/\/przyjaznadolinaraby.info\/2014-2020\/2018\/10\/08\/sprawozdanie-z-wycieczki-do-wroclawia-i-w-gory-stolowe-w-dniach-25-26-czerwca-2018-r\/wroclaw1\/\" rel=\"attachment wp-att-2366\">\u00a0<img decoding=\"async\" class=\"alignnone wp-image-2366\" src=\"http:\/\/przyjaznadolinaraby.info\/2014-2020\/wp-content\/uploads\/2018\/10\/wroclaw1.jpg\" alt=\"\" width=\"507\" height=\"381\" srcset=\"https:\/\/przyjaznadolinaraby.info\/2014-2020\/wp-content\/uploads\/2018\/10\/wroclaw1.jpg 636w, https:\/\/przyjaznadolinaraby.info\/2014-2020\/wp-content\/uploads\/2018\/10\/wroclaw1-300x225.jpg 300w\" sizes=\"(max-width: 507px) 100vw, 507px\" \/><\/a><\/p>\n","protected":false},"excerpt":{"rendered":"<p>W dniach 25-26 czerwca dzieci z Gminy Raba Wy\u017cna przebywa\u0142y na wycieczce zorganizowanej przez Stowarzyszenie Przyjazna Dolina Raby i Czarnej Orawy, a wsp\u00f3\u0142finansowanej ze \u015brodk\u00f3w Fundacji PZU. W ramach wyjazdu w pierwszy dzie\u0144 dzieci mog\u0142y zwiedzi\u0107 Stare Miasto, Aule Uniwersytetu Wroc\u0142awskiego, p\u00f3\u017anogotycki ratusz rynek, Panoram\u0119 Rac\u0142awick\u0105, w drugi dzie\u0144 Zwiedzali\u015bmy kopalnie Z\u0142ota w Z\u0142otym Stoku <a href=\"https:\/\/przyjaznadolinaraby.info\/2014-2020\/sprawozdanie-z-wycieczki-do-wroclawia-i-w-gory-stolowe-w-dniach-25-26-czerwca-2018-r\/\" class=\"more-link\">&#8230;<span class=\"screen-reader-text\">  Sprawozdanie z wycieczki do Wroc\u0142awia i w G\u00f3ry Sto\u0142owe w dniach 25-26 czerwca 2018 r.<\/span><\/a><\/p>\n","protected":false},"author":6,"featured_media":0,"comment_status":"open","ping_status":"open","sticky":false,"template":"","format":"standard","meta":{"_monsterinsights_skip_tracking":false,"_monsterinsights_sitenote_active":false,"_monsterinsights_sitenote_note":"","_monsterinsights_sitenote_category":0,"footnotes":""},"categories":[1],"tags":[],"acf":[],"_links":{"self":[{"href":"https:\/\/przyjaznadolinaraby.info\/2014-2020\/wp-json\/wp\/v2\/posts\/2365"}],"collection":[{"href":"https:\/\/przyjaznadolinaraby.info\/2014-2020\/wp-json\/wp\/v2\/posts"}],"about":[{"href":"https:\/\/przyjaznadolinaraby.info\/2014-2020\/wp-json\/wp\/v2\/types\/post"}],"author":[{"embeddable":true,"href":"https:\/\/przyjaznadolinaraby.info\/2014-2020\/wp-json\/wp\/v2\/users\/6"}],"replies":[{"embeddable":true,"href":"https:\/\/przyjaznadolinaraby.info\/2014-2020\/wp-json\/wp\/v2\/comments?post=2365"}],"version-history":[{"count":0,"href":"https:\/\/przyjaznadolinaraby.info\/2014-2020\/wp-json\/wp\/v2\/posts\/2365\/revisions"}],"wp:attachment":[{"href":"https:\/\/przyjaznadolinaraby.info\/2014-2020\/wp-json\/wp\/v2\/media?parent=2365"}],"wp:term":[{"taxonomy":"category","embeddable":true,"href":"https:\/\/przyjaznadolinaraby.info\/2014-2020\/wp-json\/wp\/v2\/categories?post=2365"},{"taxonomy":"post_tag","embeddable":true,"href":"https:\/\/przyjaznadolinaraby.info\/2014-2020\/wp-json\/wp\/v2\/tags?post=2365"}],"curies":[{"name":"wp","href":"https:\/\/api.w.org\/{rel}","templated":true}]}}