{"id":2408,"date":"2018-10-31T09:34:15","date_gmt":"2018-10-31T08:34:15","guid":{"rendered":"http:\/\/przyjaznadolinaraby.info\/2014-2020\/?p=2408"},"modified":"2018-11-14T09:24:14","modified_gmt":"2018-11-14T08:24:14","slug":"zaproszenie-na-posiedzenie-rady-stowarzyszenia-przyjazna-dolina-raby-i-czarnej-orawy-8-listopad-2018-r-czwartek-o-godz-900","status":"publish","type":"post","link":"https:\/\/przyjaznadolinaraby.info\/2014-2020\/zaproszenie-na-posiedzenie-rady-stowarzyszenia-przyjazna-dolina-raby-i-czarnej-orawy-8-listopad-2018-r-czwartek-o-godz-900\/","title":{"rendered":"Zaproszenie na Posiedzenie Rady Stowarzyszenia Przyjazna Dolina Raby i Czarnej Orawy \u2013 8 listopad 2018 r. \/czwartek\/ o godz. 9:00"},"content":{"rendered":"<p>Przewodnicz\u0105cy Rady Stowarzyszenia Przyjazna Dolina Raby i Czarnej Orawy zgodnie z \u00a7 19 ust. 1\u00a0 Regulaminu Rady, zaprasza cz\u0142onk\u00f3w Rady \u00a0na posiedzenie, kt\u00f3re odb\u0119dzie si\u0119 dnia <strong>08.11.2018 r. \/czwartek\/ o godz. 9:00 w biurze Stowarzyszenia Przyjazna Dolina Raby i Czarnej Orawy. <\/strong><\/p>\n<p><strong>Proponowany program Posiedzenia Rady\u00a0<\/strong><\/p>\n<ol>\n<li>Otwarcie obrad i powitanie zebranych cz\u0142onk\u00f3w Rady, stwierdzenie prawomocno\u015bci obrad.<\/li>\n<li>Przedstawienie porz\u0105dku i przyj\u0119cie porz\u0105dku obrad.<\/li>\n<li>Podpisanie deklaracji\u00a0 bezstronno\u015bci i poufno\u015bci dotycz\u0105cych operacji w\u0142asnej.<\/li>\n<li>Ocena i wyb\u00f3r wniosku o przyznanie pomocy na operacje w\u0142asn\u0105 nr 1\/2017\/OW.<\/li>\n<li>Wolne wnioski i zapytania.<\/li>\n<li>Zako\u0144czenie posiedzenia.<\/li>\n<\/ol>\n<p>&nbsp;<\/p>\n<p style=\"text-align: right;\">Przewodnicz\u0105cy Rady<\/p>\n<p style=\"text-align: right;\">Stowarzyszenia Przyjazna Dolina Raby i Czarnej Orawy<\/p>\n<p style=\"text-align: right;\">mgr Rafa\u0142 Grygorowicz<\/p>\n","protected":false},"excerpt":{"rendered":"<p>Przewodnicz\u0105cy Rady Stowarzyszenia Przyjazna Dolina Raby i Czarnej Orawy zgodnie z \u00a7 19 ust. 1\u00a0 Regulaminu Rady, zaprasza cz\u0142onk\u00f3w Rady \u00a0na posiedzenie, kt\u00f3re odb\u0119dzie si\u0119 dnia 08.11.2018 r. \/czwartek\/ o godz. 9:00 w biurze Stowarzyszenia Przyjazna Dolina Raby i Czarnej Orawy. Proponowany program Posiedzenia Rady\u00a0 Otwarcie obrad i powitanie zebranych cz\u0142onk\u00f3w Rady, stwierdzenie prawomocno\u015bci obrad. <a href=\"https:\/\/przyjaznadolinaraby.info\/2014-2020\/zaproszenie-na-posiedzenie-rady-stowarzyszenia-przyjazna-dolina-raby-i-czarnej-orawy-8-listopad-2018-r-czwartek-o-godz-900\/\" class=\"more-link\">&#8230;<span class=\"screen-reader-text\">  Zaproszenie na Posiedzenie Rady Stowarzyszenia Przyjazna Dolina Raby i Czarnej Orawy \u2013 8 listopad 2018 r. \/czwartek\/ o godz. 9:00<\/span><\/a><\/p>\n","protected":false},"author":6,"featured_media":0,"comment_status":"open","ping_status":"open","sticky":false,"template":"","format":"standard","meta":{"_monsterinsights_skip_tracking":false,"_monsterinsights_sitenote_active":false,"_monsterinsights_sitenote_note":"","_monsterinsights_sitenote_category":0,"footnotes":""},"categories":[3,1],"tags":[],"acf":[],"_links":{"self":[{"href":"https:\/\/przyjaznadolinaraby.info\/2014-2020\/wp-json\/wp\/v2\/posts\/2408"}],"collection":[{"href":"https:\/\/przyjaznadolinaraby.info\/2014-2020\/wp-json\/wp\/v2\/posts"}],"about":[{"href":"https:\/\/przyjaznadolinaraby.info\/2014-2020\/wp-json\/wp\/v2\/types\/post"}],"author":[{"embeddable":true,"href":"https:\/\/przyjaznadolinaraby.info\/2014-2020\/wp-json\/wp\/v2\/users\/6"}],"replies":[{"embeddable":true,"href":"https:\/\/przyjaznadolinaraby.info\/2014-2020\/wp-json\/wp\/v2\/comments?post=2408"}],"version-history":[{"count":0,"href":"https:\/\/przyjaznadolinaraby.info\/2014-2020\/wp-json\/wp\/v2\/posts\/2408\/revisions"}],"wp:attachment":[{"href":"https:\/\/przyjaznadolinaraby.info\/2014-2020\/wp-json\/wp\/v2\/media?parent=2408"}],"wp:term":[{"taxonomy":"category","embeddable":true,"href":"https:\/\/przyjaznadolinaraby.info\/2014-2020\/wp-json\/wp\/v2\/categories?post=2408"},{"taxonomy":"post_tag","embeddable":true,"href":"https:\/\/przyjaznadolinaraby.info\/2014-2020\/wp-json\/wp\/v2\/tags?post=2408"}],"curies":[{"name":"wp","href":"https:\/\/api.w.org\/{rel}","templated":true}]}}