{"id":2413,"date":"2018-10-17T08:19:04","date_gmt":"2018-10-17T06:19:04","guid":{"rendered":"http:\/\/przyjaznadolinaraby.info\/2014-2020\/?p=2413"},"modified":"2018-11-07T09:12:04","modified_gmt":"2018-11-07T08:12:04","slug":"zaproszenie-na-nadzwyczajne-walne-zebranie-czlonkow-stowarzyszenia-przyjazna-dolina-raby-i-czarnej-orawy-5","status":"publish","type":"post","link":"https:\/\/przyjaznadolinaraby.info\/2014-2020\/zaproszenie-na-nadzwyczajne-walne-zebranie-czlonkow-stowarzyszenia-przyjazna-dolina-raby-i-czarnej-orawy-5\/","title":{"rendered":"Zaproszenie na Nadzwyczajne Walne Zebranie Cz\u0142onk\u00f3w Stowarzyszenia Przyjazna Dolina Raby i Czarnej Orawy"},"content":{"rendered":"<header class=\"entry-header\">\n<div class=\"entry-meta\"><span style=\"color: #000000;\">Stowarzyszenie Przyjazna Dolina Raby i Czarnej Orawy serdecznie zaprasza na Nadzwyczajne Walne Zebranie Cz\u0142onk\u00f3w Stowarzyszenia, kt\u00f3re odb\u0119dzie si\u0119 07.11.2018 o godzinie 08:00 w biurze Stowarzyszenia Przyjazna Dolina Raby i Czarnej Orawy.<\/span><\/p>\n<p><span style=\"color: #000000;\">Proponowany porz\u0105dek obrad:<br \/>\n1.Otwarcie obrad i stwierdzenie prawomocno\u015bci.<br \/>\n2.Wyb\u00f3r Przewodnicz\u0105cego Zebrania i Protokolanta<br \/>\n3.Przedstawienie porz\u0105dku obrad<br \/>\n4.Zg\u0142aszanie uwag do porz\u0105dku obrad<br \/>\n5.Przyj\u0119cie porz\u0105dku obrad<br \/>\n6.Wyb\u00f3r komisji skrutacyjnej.<br \/>\n7.Podj\u0119cie uchwa\u0142y w sprawie zmiany uchwa\u0142y w sprawie zatwierdzenia Strategii Rozwoju Lokalnego Kierowanego przez Spo\u0142eczno\u015b\u0107 obj\u0119ta Programem Rozwoju Obszar\u00f3w Wiejskich na lata 2014\u20132020 Stowarzyszenia Przyjazna Dolina Raby i Czarnej Orawy.<br \/>\n8.Wyb\u00f3r komisji do spraw monitoringu i ewaluacji<br \/>\n9.Wolne wnioski.<br \/>\n10.Zamkni\u0119cie posiedzenia.<br \/>\n<\/span><\/div>\n<\/header>\n","protected":false},"excerpt":{"rendered":"<p>Stowarzyszenie Przyjazna Dolina Raby i Czarnej Orawy serdecznie zaprasza na Nadzwyczajne Walne Zebranie Cz\u0142onk\u00f3w Stowarzyszenia, kt\u00f3re odb\u0119dzie si\u0119 07.11.2018 o godzinie 08:00 w biurze Stowarzyszenia Przyjazna Dolina Raby i Czarnej Orawy. Proponowany porz\u0105dek obrad: 1.Otwarcie obrad i stwierdzenie prawomocno\u015bci. 2.Wyb\u00f3r Przewodnicz\u0105cego Zebrania i Protokolanta 3.Przedstawienie porz\u0105dku obrad 4.Zg\u0142aszanie uwag do porz\u0105dku obrad 5.Przyj\u0119cie porz\u0105dku obrad <a href=\"https:\/\/przyjaznadolinaraby.info\/2014-2020\/zaproszenie-na-nadzwyczajne-walne-zebranie-czlonkow-stowarzyszenia-przyjazna-dolina-raby-i-czarnej-orawy-5\/\" class=\"more-link\">&#8230;<span class=\"screen-reader-text\">  Zaproszenie na Nadzwyczajne Walne Zebranie Cz\u0142onk\u00f3w Stowarzyszenia Przyjazna Dolina Raby i Czarnej Orawy<\/span><\/a><\/p>\n","protected":false},"author":6,"featured_media":0,"comment_status":"open","ping_status":"open","sticky":false,"template":"","format":"standard","meta":{"_monsterinsights_skip_tracking":false,"_monsterinsights_sitenote_active":false,"_monsterinsights_sitenote_note":"","_monsterinsights_sitenote_category":0,"footnotes":""},"categories":[3,1],"tags":[],"acf":[],"_links":{"self":[{"href":"https:\/\/przyjaznadolinaraby.info\/2014-2020\/wp-json\/wp\/v2\/posts\/2413"}],"collection":[{"href":"https:\/\/przyjaznadolinaraby.info\/2014-2020\/wp-json\/wp\/v2\/posts"}],"about":[{"href":"https:\/\/przyjaznadolinaraby.info\/2014-2020\/wp-json\/wp\/v2\/types\/post"}],"author":[{"embeddable":true,"href":"https:\/\/przyjaznadolinaraby.info\/2014-2020\/wp-json\/wp\/v2\/users\/6"}],"replies":[{"embeddable":true,"href":"https:\/\/przyjaznadolinaraby.info\/2014-2020\/wp-json\/wp\/v2\/comments?post=2413"}],"version-history":[{"count":0,"href":"https:\/\/przyjaznadolinaraby.info\/2014-2020\/wp-json\/wp\/v2\/posts\/2413\/revisions"}],"wp:attachment":[{"href":"https:\/\/przyjaznadolinaraby.info\/2014-2020\/wp-json\/wp\/v2\/media?parent=2413"}],"wp:term":[{"taxonomy":"category","embeddable":true,"href":"https:\/\/przyjaznadolinaraby.info\/2014-2020\/wp-json\/wp\/v2\/categories?post=2413"},{"taxonomy":"post_tag","embeddable":true,"href":"https:\/\/przyjaznadolinaraby.info\/2014-2020\/wp-json\/wp\/v2\/tags?post=2413"}],"curies":[{"name":"wp","href":"https:\/\/api.w.org\/{rel}","templated":true}]}}