{"id":2420,"date":"2018-11-09T14:59:49","date_gmt":"2018-11-09T13:59:49","guid":{"rendered":"http:\/\/przyjaznadolinaraby.info\/2014-2020\/?p=2420"},"modified":"2018-11-09T15:14:02","modified_gmt":"2018-11-09T14:14:02","slug":"informacja-nr-1-2018-ow-o-zamiarze-realizacji-operacji-wlasnej","status":"publish","type":"post","link":"https:\/\/przyjaznadolinaraby.info\/2014-2020\/informacja-nr-1-2018-ow-o-zamiarze-realizacji-operacji-wlasnej\/","title":{"rendered":"Informacja nr 1\/2018\/OW o zamiarze realizacji operacji w\u0142asnej"},"content":{"rendered":"<p style=\"text-align: center;\"><strong>Informacja nr 1\/2018\/OW<\/strong><\/p>\n<p style=\"text-align: center;\"><strong>o planowanej do realizacji operacji w\u0142asnej<\/strong><\/p>\n<p style=\"text-align: center;\"><strong>Stowarzyszenie Przyjazna Dolina Raby i Czarnej Orawy<\/strong>, realizuj\u0105c strategi\u0119 Rozwoju Lokalnego Kierowanego przez Spo\u0142eczno\u015b\u0107 (LSR) na lata 2014-2020 ze \u015brodk\u00f3w Programu Rozwoju Obszar\u00f3w Wiejskich na lata 2014-2020,\u00a0<strong>informuje o zamiarze realizacji operacji w\u0142asnej<\/strong>, o kt\u00f3rej mowa w art. 17 ust 6 Ustawy z dn. 20 lutego 2015 r. o rozwoju lokalnym z udzia\u0142em lokalnej spo\u0142eczno\u015bci (Dz. U. poz. 378 ze zm.) w ramach poddzia\u0142ania 19.2 \u201eWsparcie na wdra\u017canie operacji w ramach strategii rozwoju lokalnego kierowanego przez spo\u0142eczno\u015b\u0107\u201d.<\/p>\n<p>Operacja b\u0119dzie realizowana przez <strong>Stowarzyszenie Przyjazna Dolina Raby i Czarnej Orawy<\/strong> jako operacja w\u0142asna pod warunkiem, \u017ce \u017caden inny podmiot uprawniony do otrzymania wsparcia w terminie 30 dni od dnia opublikowania niniejszej informacji na stronie www.przyjaznadolinaraby.info, nie zg\u0142osi LGD zamiaru realizacji takiej operacji.<\/p>\n<p>Je\u017celi chocia\u017c jeden podmiot, uprawniony do otrzymania wsparcia, zg\u0142osi zamiar realizacji ww. operacji, LGD w terminie 3 miesi\u0119cy og\u0142osi nab\u00f3r wniosk\u00f3w w tym zakresie.<\/p>\n<p>&nbsp;<\/p>\n<p>Informacje udzielane s\u0105 w Biurze <strong>Stowarzyszenia Przyjazna Dolina Raby i Czarnej Orawy<\/strong>.<\/p>\n<p>&nbsp;<\/p>\n<table style=\"border-color: #000000; width: 651px;\" border=\"2\">\n<tbody>\n<tr style=\"height: 84px;\">\n<td style=\"height: 84px; width: 263px;\"><span style=\"font-family: arial, helvetica, sans-serif;\"><strong>Termin sk\u0142adania zg\u0142oszenia zamiaru realizacji operacji <\/strong><\/span><\/td>\n<td style=\"height: 84px; width: 390px;\"><span style=\"font-family: arial, helvetica, sans-serif;\">Od 10.11.2018 do 09.12.2018 do godziny 14.00<\/span><\/td>\n<\/tr>\n<tr style=\"height: 129px;\">\n<td style=\"height: 129px; width: 263px;\"><span style=\"font-family: arial, helvetica, sans-serif;\"><strong>Miejsce sk\u0142adania zg\u0142oszenia<\/strong><\/span><\/td>\n<td style=\"height: 129px; width: 390px;\"><span style=\"font-family: arial, helvetica, sans-serif;\">bezpo\u015brednio w biurze Stowarzyszenia Przyjazna Dolina Raby i Czarnej Orawy miejscowo\u015b\u0107: Raba Wy\u017cna 45 B w godz. od 8:00 do 14:00, od poniedzia\u0142ku do pi\u0105tku<\/span><\/td>\n<\/tr>\n<tr style=\"height: 373px;\">\n<td style=\"height: 373px; width: 263px;\"><span style=\"font-family: arial, helvetica, sans-serif;\"><strong>Zakres tematyczny operacji<\/strong><\/span><\/td>\n<td style=\"height: 373px; width: 390px;\"><span style=\"font-family: arial, helvetica, sans-serif;\">Rozw\u00f3j og\u00f3lnodost\u0119pnej i niekomercyjnej infrastruktury turystycznej lub rekreacyjnej, lub kulturalnej &#8211; w tym wyposa\u017cenie podmiot\u00f3w dzia\u0142aj\u0105cych w sferze kultury<\/span><span style=\"font-family: arial, helvetica, sans-serif;\">. Wsparcie dotyczy operacji realizowanej w ramach zakresu okre\u015blonego w \u00a7 2 ust. 1 pkt. 6 rozporz\u0105dzenia Ministra Rolnictwa i Rozwoju Wsi z dnia 24 wrze\u015bnia 2015 r. w sprawie szczeg\u00f3\u0142owych warunk\u00f3w i trybu przyznawania pomocy finansowej w ramach poddzia\u0142ania \u201eWsparcie na wdra\u017canie operacji w ramach strategii rozwoju lokalnego kierowanego przez spo\u0142eczno\u015b\u0107\u201d obj\u0119tego PROW na lata 2014-2020 (Dz. U. 2015 poz. 1570 z p\u00f3\u017an. zm.), zwanym dalej rozporz\u0105dzeniem.<\/span><\/td>\n<\/tr>\n<tr style=\"height: 363px;\">\n<td style=\"height: 363px; width: 263px;\"><span style=\"font-family: arial, helvetica, sans-serif;\"><strong>Operacja ma realizowa\u0107 nast\u0119puj\u0105ce cele i przedsi\u0119wzi\u0119cia uj\u0119te w LSR<\/strong><\/span><\/td>\n<td style=\"height: 363px; width: 390px;\"><span style=\"font-family: arial, helvetica, sans-serif;\">CEL OG\u00d3LNY :<\/span><\/p>\n<p><span style=\"font-family: arial, helvetica, sans-serif;\">II. Wspieranie i integrowanie mieszka\u0144c\u00f3w obszaru Przyjaznej Doliny Raby i Czarnej Orawy<\/span><\/p>\n<p><span style=\"font-family: arial, helvetica, sans-serif;\">CEL SZCZEG\u00d3\u0141OWY:<\/span><\/p>\n<p><span style=\"font-family: arial, helvetica, sans-serif;\">II.1 Wzmacnianie wi\u0119zi, to\u017csamo\u015bci kulturowej i lokalnej w szczeg\u00f3lno\u015bci poprzez integracj\u0119 i aktywne \u017cycie spo\u0142eczno\u015bci<\/span><\/p>\n<p><span style=\"font-family: arial, helvetica, sans-serif;\">PRZEDSI\u0118WZI\u0118CIE :<\/span><\/p>\n<p><span style=\"font-family: arial, helvetica, sans-serif;\">II.1.1. Poprawa infrastruktury spo\u0142ecznej s\u0142u\u017c\u0105cej kultywowaniu tradycji, renowacja zabytk\u00f3w<\/span><\/td>\n<\/tr>\n<tr style=\"height: 193.8px;\">\n<td style=\"height: 193.8px; width: 263px;\"><span style=\"font-family: arial, helvetica, sans-serif;\"><strong>Planowane do osi\u0105gni\u0119cia w wyniku realizacji operacji w\u0142asnej wska\u017aniki<\/strong><\/span><\/td>\n<td style=\"height: 193.8px; width: 390px;\"><span style=\"font-family: arial, helvetica, sans-serif;\"><strong>Wska\u017anik produktu:<\/strong> Liczba operacji w zakresie infrastruktury kulturalnej w wyniku wsparcia w ramach LSR \u2013 1 sztuka<\/span><\/p>\n<p><span style=\"font-family: arial, helvetica, sans-serif;\"><strong>Wska\u017anik rezultatu:<\/strong> Wzrost liczby os\u00f3b odwiedzaj\u0105cych zabytki i obiekty<\/span><\/td>\n<\/tr>\n<tr style=\"height: 129px;\">\n<td style=\"height: 129px; width: 263px;\"><span style=\"font-family: arial, helvetica, sans-serif;\"><strong>Wysoko\u015b\u0107 \u015brodk\u00f3w na realizacj\u0119 operacji<\/strong><\/span><\/td>\n<td style=\"height: 129px; width: 390px;\"><span style=\"font-family: arial, helvetica, sans-serif;\">Wysoko\u015b\u0107 \u015brodk\u00f3w na realizacj\u0119 operacji wynosi:\u00a0<\/span><span style=\"font-family: arial, helvetica, sans-serif;\">50 000,00 z\u0142, przy czym minimalna ca\u0142kowita warto\u015b\u0107 operacji wynosi nie mniej ni\u017c 50\u00a0000,00 z\u0142, zgodnie z \u00a74 ust. 1 pkt. 6 rozporz\u0105dzenia.<\/span><\/td>\n<\/tr>\n<tr style=\"height: 62px;\">\n<td style=\"height: 62px; width: 263px;\"><span style=\"font-family: arial, helvetica, sans-serif;\"><strong>Termin realizacji<\/strong><\/span><\/td>\n<td style=\"height: 62px; width: 390px;\"><span style=\"font-family: arial, helvetica, sans-serif;\">Projekt musi by\u0107 zrealizowany do czerwca 2020 r.<\/span><\/td>\n<\/tr>\n<tr style=\"height: 62px;\">\n<td style=\"height: 62px; width: 263px;\"><span style=\"font-family: arial, helvetica, sans-serif;\"><strong>Forma wsparcia<\/strong><\/span><\/td>\n<td style=\"height: 62px; width: 390px;\"><span style=\"font-family: arial, helvetica, sans-serif;\">Refundacja<\/span><\/td>\n<\/tr>\n<tr style=\"height: 84px;\">\n<td style=\"height: 84px; width: 263px;\"><span style=\"font-family: arial, helvetica, sans-serif;\"><strong>Maksymalne poziomy wsparcia operacji<\/strong><\/span><\/td>\n<td style=\"height: 84px; width: 390px;\"><span style=\"font-family: arial, helvetica, sans-serif;\">95 % koszt\u00f3w kwalifikowalnych<\/span><\/td>\n<\/tr>\n<tr style=\"height: 458px;\">\n<td style=\"height: 458px; width: 263px;\"><span style=\"font-family: arial, helvetica, sans-serif;\"><strong>Kryteria wyboru operacji wraz ze wskazaniem minimalnej liczby punkt\u00f3w, kt\u00f3rej uzyskanie jest warunkiem wyboru operacji<\/strong><\/span><\/td>\n<td style=\"height: 458px; width: 390px;\"><span style=\"font-family: arial, helvetica, sans-serif;\">Kryteria wyboru operacji znajduj\u0105 si\u0119 na stronie www.przyjaznadolinaraby.info i b\u0119d\u0105 mia\u0142y zastosowanie zgodnie z procedur\u0105 wyboru i oceny projekt\u00f3w w\u0142asnych<\/span><\/p>\n<p><span style=\"font-family: arial, helvetica, sans-serif;\">\u2022 W sytuacji kiedy nie zg\u0142osi si\u0119 realizator operacji w\u0142asnej uprawniony do wsparcia, projekt mo\u017ce by\u0107 realizowany przez LGD. W takiej sytuacji zastosowanie maj\u0105 lokalne kryteria wyboru operacji w\u0142asnej.<\/span><\/p>\n<p><span style=\"font-family: arial, helvetica, sans-serif;\">\u2022 W sytuacji, kiedy zg\u0142osi si\u0119 realizator operacji w\u0142asnej, uprawniony do wsparcia, operacja w\u0142asna zostaje przeniesiona na tryb konkursowy z tym zastrze\u017ceniem \u017ce zastosowanie maj\u0105 lokalne kryteria wyboru ustalone dla operacji innych.<\/span><\/p>\n<p><span style=\"font-family: arial, helvetica, sans-serif;\"><strong>Minimalna liczba punkt\u00f3w, kt\u00f3rej uzyskanie jest warunkiem wyboru operacji wynosi: 60% mo\u017cliwej do uzyskania maksymalnej liczby punkt\u00f3w.<\/strong><\/span><\/td>\n<\/tr>\n<tr style=\"height: 174px;\">\n<td style=\"height: 174px; width: 263px;\"><span style=\"font-family: arial, helvetica, sans-serif;\"><strong>Spos\u00f3b zg\u0142aszania zamiaru realizacji operacji<\/strong><\/span><\/td>\n<td style=\"height: 174px; width: 390px;\"><span style=\"font-family: arial, helvetica, sans-serif;\">Zg\u0142oszenie zamiaru realizacji operacji w\u0142asnej nale\u017cy sk\u0142ada\u0107 w formie pisemnej, na formularzu, b\u0119d\u0105cym za\u0142. nr 1 do niniejszej informacji, w jednym egzemplarzu osobi\u015bcie b\u0105d\u017a przez pe\u0142nomocnika lub osob\u0119 upowa\u017cnion\u0105. O przyj\u0119ciu zg\u0142oszenia decyduje data wp\u0142ywu do Biura LGD.<\/span><\/td>\n<\/tr>\n<tr style=\"height: 174px;\">\n<td style=\"height: 174px; width: 263px;\"><span style=\"font-family: arial, helvetica, sans-serif;\"><strong>Informacje o wymaganych dokumentach<\/strong><\/span><\/td>\n<td style=\"height: 174px; width: 390px;\"><span style=\"font-family: arial, helvetica, sans-serif;\">Formularz zg\u0142oszenia zamiaru realizacji operacji odpowiadaj\u0105cej zakresowi operacji w\u0142asnej LGD \u2013 (znajduje si\u0119 w za\u0142\u0105czniku nr 1 do informacji) wraz z za\u0142\u0105cznikami niezb\u0119dnymi do potwierdzenia spe\u0142nienia kryteri\u00f3w podmiotowych uprawniaj\u0105cych do ubiegania si\u0119 o wsparcie w ramach operacji.<\/span><\/td>\n<\/tr>\n<tr style=\"height: 154px;\">\n<td style=\"height: 154px; width: 263px;\"><span style=\"font-family: arial, helvetica, sans-serif;\"><strong>Zadania do zrealizowania<\/strong><\/span><\/td>\n<td style=\"height: 154px; width: 390px;\">\n<p style=\"text-align: justify; line-height: 16.5pt;\"><span style=\"font-family: arial, helvetica, sans-serif;\">Celem planowanej operacji b\u0119dzie wyposa\u017cenie obiektu infrastruktury kulturalnej.<\/span><\/p>\n<p style=\"margin: 0cm; margin-bottom: .0001pt; text-align: justify; line-height: 16.5pt;\"><span style=\"font-family: arial, helvetica, sans-serif;\">W ramach realizacji operacji planuje si\u0119:<\/span><\/p>\n<p style=\"margin: 0cm; margin-bottom: .0001pt; line-height: 16.5pt;\"><span style=\"font-family: arial, helvetica, sans-serif;\">&#8211; zakup systemu nag\u0142o\u015bnieniowego do obiektu b\u0119d\u0105cego infrastruktur\u0105 kulturaln\u0105.<\/span><\/p>\n<\/td>\n<\/tr>\n<\/tbody>\n<\/table>\n<p>&nbsp;<\/p>\n<p><strong><span style=\"text-decoration: underline; color: #000000;\">Dokumenty do pobrania:<\/span><\/strong><\/p>\n<p><a href=\"http:\/\/przyjaznadolinaraby.info\/2014-2020\/wp-content\/uploads\/2018\/11\/informacja-1.pdf\">Informacja nr 1\/2018\/OW<\/a><\/p>\n<p><a href=\"http:\/\/przyjaznadolinaraby.info\/2014-2020\/wp-content\/uploads\/2017\/12\/za\u0142\u0105cznik-nr-1.docx\">Za\u0142\u0105cznik 1. Formularz zg\u0142oszenia zamiaru realizacji operacji odpowiadaj\u0105cej zakresowi operacji w\u0142asnej<\/a><\/p>\n<p><a style=\"font-size: 0.875rem;\" href=\"http:\/\/przyjaznadolinaraby.info\/2014-2020\/wp-content\/uploads\/2017\/12\/Warunki_podmiotowe_konieczne_do_spenienia.pdf\">Warunki podmiotowe konieczne do spe\u0142nienia<\/a><\/p>\n<p><a href=\"http:\/\/przyjaznadolinaraby.info\/2014-2020\/wp-content\/uploads\/2017\/12\/PROCEDURA-OPERACJE-W\u0141ASNE.docx\">Procedura oceny i wyboru operacji w\u0142asnych LGD w ramach poddzia\u0142ania \u201eWsparcie na wdra\u017canie operacji w ramach strategii rozwoju lokalnego kierowanego przez spo\u0142eczno\u015b\u0107\u201d obj\u0119tego PROW 2014-2020<\/a><\/p>\n<p><a href=\"http:\/\/przyjaznadolinaraby.info\/2014-2020\/wp-content\/uploads\/2017\/12\/za\u0142-nr-3-kryteria-operacje-w\u0142asne-inne.doc\">Kryteria wyboru operacji w\u0142asnych LGD<\/a><\/p>\n<p>&nbsp;<\/p>\n","protected":false},"excerpt":{"rendered":"<p>Informacja nr 1\/2018\/OW o planowanej do realizacji operacji w\u0142asnej Stowarzyszenie Przyjazna Dolina Raby i Czarnej Orawy, realizuj\u0105c strategi\u0119 Rozwoju Lokalnego Kierowanego przez Spo\u0142eczno\u015b\u0107 (LSR) na lata 2014-2020 ze \u015brodk\u00f3w Programu Rozwoju Obszar\u00f3w Wiejskich na lata 2014-2020,\u00a0informuje o zamiarze realizacji operacji w\u0142asnej, o kt\u00f3rej mowa w art. 17 ust 6 Ustawy z dn. 20 lutego 2015 <a href=\"https:\/\/przyjaznadolinaraby.info\/2014-2020\/informacja-nr-1-2018-ow-o-zamiarze-realizacji-operacji-wlasnej\/\" class=\"more-link\">&#8230;<span class=\"screen-reader-text\">  Informacja nr 1\/2018\/OW o zamiarze realizacji operacji w\u0142asnej<\/span><\/a><\/p>\n","protected":false},"author":6,"featured_media":0,"comment_status":"open","ping_status":"open","sticky":false,"template":"","format":"image","meta":{"_monsterinsights_skip_tracking":false,"_monsterinsights_sitenote_active":false,"_monsterinsights_sitenote_note":"","_monsterinsights_sitenote_category":0,"footnotes":""},"categories":[1],"tags":[],"acf":[],"_links":{"self":[{"href":"https:\/\/przyjaznadolinaraby.info\/2014-2020\/wp-json\/wp\/v2\/posts\/2420"}],"collection":[{"href":"https:\/\/przyjaznadolinaraby.info\/2014-2020\/wp-json\/wp\/v2\/posts"}],"about":[{"href":"https:\/\/przyjaznadolinaraby.info\/2014-2020\/wp-json\/wp\/v2\/types\/post"}],"author":[{"embeddable":true,"href":"https:\/\/przyjaznadolinaraby.info\/2014-2020\/wp-json\/wp\/v2\/users\/6"}],"replies":[{"embeddable":true,"href":"https:\/\/przyjaznadolinaraby.info\/2014-2020\/wp-json\/wp\/v2\/comments?post=2420"}],"version-history":[{"count":0,"href":"https:\/\/przyjaznadolinaraby.info\/2014-2020\/wp-json\/wp\/v2\/posts\/2420\/revisions"}],"wp:attachment":[{"href":"https:\/\/przyjaznadolinaraby.info\/2014-2020\/wp-json\/wp\/v2\/media?parent=2420"}],"wp:term":[{"taxonomy":"category","embeddable":true,"href":"https:\/\/przyjaznadolinaraby.info\/2014-2020\/wp-json\/wp\/v2\/categories?post=2420"},{"taxonomy":"post_tag","embeddable":true,"href":"https:\/\/przyjaznadolinaraby.info\/2014-2020\/wp-json\/wp\/v2\/tags?post=2420"}],"curies":[{"name":"wp","href":"https:\/\/api.w.org\/{rel}","templated":true}]}}