{"id":2443,"date":"2018-11-19T09:27:18","date_gmt":"2018-11-19T08:27:18","guid":{"rendered":"http:\/\/przyjaznadolinaraby.info\/2014-2020\/?p=2443"},"modified":"2018-11-21T12:57:41","modified_gmt":"2018-11-21T11:57:41","slug":"informacja-o-planowanym-naborze-operacje-w-zakresie-infrastruktury-kulturalnej","status":"publish","type":"post","link":"https:\/\/przyjaznadolinaraby.info\/2014-2020\/informacja-o-planowanym-naborze-operacje-w-zakresie-infrastruktury-kulturalnej\/","title":{"rendered":"Informacja o planowanym naborze &#8211; operacje w zakresie infrastruktury kulturalnej"},"content":{"rendered":"<p><em>Szanowni Pa\u0144stwo!<\/em><\/p>\n<p>Uprzejmie informujemy o planowanym naborze na operacje z zakresu:<strong> <u>Rozwoju og\u00f3lnodost\u0119pnej i niekomercyjnej infrastruktury turystycznej lub rekreacyjnej, lub kulturalnej<\/u><\/strong><\/p>\n<ul>\n<li><span style=\"color: #0000ff;\"><strong>operacje w zakresie infrastruktury kulturalnej<\/strong><\/span><\/li>\n<\/ul>\n<p>w ramach poddzia\u0142ania \u201eWsparcie na wdra\u017canie operacji w ramach strategii rozwoju lokalnego kierowanego przez spo\u0142eczno\u015b\u0107\u201d, \u00a0obj\u0119tego Programem Rozwoju Obszar\u00f3w Wiejskich na lata 2014-2020 z udzia\u0142em \u015brodk\u00f3w Europejskiego Funduszu Rolnego na rzecz Rozwoju Obszar\u00f3w Wiejskich.<\/p>\n<p>&nbsp;<\/p>\n<p><strong><span style=\"color: #0000ff;\">Wnioski o przyznanie pomocy mo\u017cna sk\u0142ada\u0107 w terminie: <\/span><\/strong><strong><span style=\"color: #0000ff;\">od <u>06-12-2018<\/u> do <u>20-12-2018<\/u>.<\/span> <\/strong><\/p>\n<p>&nbsp;<\/p>\n<p><strong>Szczeg\u00f3\u0142owe informacje nt. naboru i sk\u0142adania wniosk\u00f3w znajd\u0105 Pa\u0144stwo w og\u0142oszeniu o naborze i w biurze LGD.<\/strong><\/p>\n<p><strong>***<\/strong><\/p>\n<p><strong><u>Informacje o konkursie:<\/u><\/strong><\/p>\n<p>Konkursy dla <strong>organizacji pozarz\u0105dowych<\/strong> i <strong>JST.<\/strong><\/p>\n<p>\u015arodki na inwestycj\u0119 w niekomercyjn\u0105 infrastruktur\u0119 turystyczn\u0105, rekreacyjn\u0105 i kulturaln\u0105 kt\u00f3ra\u00a0 <strong>nie b\u0119dzie nastawiona na zysk <\/strong>i pos\u0142u\u017cy wszystkim mieszka\u0144com obszaru LGD.<\/p>\n<p>Wnioskodawca musi mie\u0107 siedzib\u0119\/oddzia\u0142 na obszarze LGD i <strong><em>Posiada\u0107 prawo w\u0142asno\u015bci do dysponowania nieruchomo\u015bci\u0105 obj\u0119t\u0105 planowan\u0105 inwestycj\u0105. <\/em><\/strong><\/p>\n<p>Warto\u015b\u0107 zadania<strong> od 50\u00a0ty\u015b. z\u0142 do 250 ty\u015b. z\u0142<\/strong>.<\/p>\n<p><u>Intensywno\u015bci wsparcia:<\/u><\/p>\n<ol>\n<li>a) do 70% koszt\u00f3w kwalifikowalnych \u2013 w przypadku podmiotu wykonuj\u0105cego dzia\u0142alno\u015b\u0107 gospodarcz\u0105, do\u00a0kt\u00f3rej stosuje si\u0119 przepisy ustawy z dnia 2 lipca 2004 r. o swobodzie dzia\u0142alno\u015bci gospodarczej,<\/li>\n<li>b) do 63,63% koszt\u00f3w kwalifikowalnych \u2013 w przypadku jednostek sektora finans\u00f3w publicznych<\/li>\n<li>c) do 100% koszt\u00f3w kwalifikowalnych \u2013 w przypadku pozosta\u0142ych podmiot\u00f3w.<\/li>\n<\/ol>\n<p><strong>Wsparcie udzielane jest: w formie refundacji:<\/strong> czyli po zrealizowaniu ca\u0142o\u015bci projektu.<\/p>\n<p>Okres trwa\u0142o\u015bci projektu inwestycyjnego: <strong>5 lat<\/strong>.<\/p>\n<p><strong>Planowany bud\u017cet:<\/strong><\/p>\n<table width=\"586\">\n<tbody>\n<tr>\n<td width=\"235\">Przedsi\u0119wzi\u0119cie<\/td>\n<td width=\"238\">Wska\u017anik<\/td>\n<td width=\"113\">Bud\u017cet<\/td>\n<\/tr>\n<tr>\n<td width=\"235\">&nbsp;<\/p>\n<p>Poprawa infrastruktury spo\u0142ecznej s\u0142u\u017c\u0105cej kultywowaniu tradycji, renowacja zabytk\u00f3w<\/td>\n<td width=\"238\">&nbsp;<\/p>\n<p>Operacje w zakresie infrastruktury kulturalnej w wyniku wsparcia w ramach LSR<\/td>\n<td width=\"113\">&nbsp;<\/p>\n<p>250\u00a0000 z\u0142<\/td>\n<\/tr>\n<\/tbody>\n<\/table>\n<p>&nbsp;<\/p>\n<p>Ka\u017cdy z\u0142o\u017cony projekt przejdzie ocen\u0119. Nale\u017cy zaznaczy\u0107, \u017ce <strong>kryteria premiuj\u0105 w szczeg\u00f3lno\u015bci osoby nale\u017c\u0105ce do grupy defaworyzowanej<\/strong>\u00a0 tj.: <strong>niepe\u0142nosprawni, m\u0142odzi ludzie bez pracy<\/strong> ( do 35 roku \u017cycia), <strong>starsi ludzie<\/strong> (po 65 roku \u017cycia), <strong>m\u0142odzi rodzice<\/strong>, a szczeg\u00f3lnie <strong>m\u0142ode matki<\/strong>, w tym <strong>matki samotne<\/strong> ( do 35 roku \u017cycia).\u00a0 Ponadto stawiamy na innowacyjno\u015b\u0107, ochron\u0119 \u015brodowiska oraz przeciwdzia\u0142anie zmianom klimatycznym.<\/p>\n<p>Kryteria wyboru operacji realizowanych przez podmioty inne ni\u017c LGD- <a href=\"http:\/\/przyjaznadolinaraby.info\/2014-2020\/wp-content\/uploads\/2017\/09\/za\u0142-nr-2-kryteria-operacji-innych-ni\u017c-LGD-zmiany.pdf\">pobierz.<\/a><\/p>\n<p><strong><u>Beneficjent powinien wykaza\u0107, \u017ce:<\/u><\/strong><\/p>\n<ul>\n<li>posiada do\u015bwiadczenie w realizacji projekt\u00f3w o charakterze podobnym do operacji, kt\u00f3r\u0105 zamierza realizowa\u0107, <strong>lub<\/strong><\/li>\n<li>posiada zasoby odpowiednie do przedmiotu operacji, kt\u00f3r\u0105 zamierza realizowa\u0107, <strong>lub<\/strong><\/li>\n<li>posiada kwalifikacje odpowiednie do przedmiotu operacji, kt\u00f3r\u0105 zamierza realizowa\u0107, je\u017celi jest osob\u0105 fizyczn\u0105, <strong>lub<\/strong><\/li>\n<li>wykonuje dzia\u0142alno\u015b\u0107 odpowiedni\u0105 do przedmiotu operacji, kt\u00f3r\u0105 zamierza realizowa\u0107;<\/li>\n<\/ul>\n<p>&nbsp;<\/p>\n<p><strong><u>Informacje o Lokalnej Grupie Dzia\u0142ania<\/u><\/strong><\/p>\n<p><strong>LGD powo\u0142ane jest do realizacji cel\u00f3w na terenie gmin cz\u0142onkowskich:<\/strong><\/p>\n<ul>\n<li>dzia\u0142anie na rzecz zr\u00f3wnowa\u017conego rozwoju obszar\u00f3w wiejskich<\/li>\n<li>opracowanie i realizacja strategii rozwoju lokalnego kierowanego przez spo\u0142eczno\u015b\u0107 (LSR)<\/li>\n<li>wspieranie i wdra\u017canie dzia\u0142a\u0144 na rzecz realizacji LSR<\/li>\n<li>promocja obszar\u00f3w wiejskich<\/li>\n<li>aktywizowanie i mobilizowanie ludno\u015bci do wzi\u0119cia aktywnego udzia\u0142u w procesie rozwoju obszar\u00f3w wiejskich<\/li>\n<li>upowszechnianie i wymiana informacji zwi\u0105zanych z aktywizacj\u0105 ludno\u015bci na obszarach wiejskich<\/li>\n<li>rozw\u00f3j infrastruktury<\/li>\n<li>wyb\u00f3r grantobiorc\u00f3w i operacji, kt\u00f3re maj\u0105 by\u0107 realizowane w ramach LSR opracowanej przez Stowarzyszenie<\/li>\n<\/ul>\n<p>&nbsp;<\/p>\n<p><strong>Cele <\/strong>strategiczne dla LSR<strong>:<\/strong><\/p>\n<p>Cel og\u00f3lny I<strong>:\u00a0 Zr\u00f3wnowa\u017cony rozw\u00f3j gospodarki, turystyki oraz rekreacji obszaru Przyjaznej Doliny Raby i Czarnej Orawy<\/strong><\/p>\n<p>I.1 Zwi\u0119kszenie atrakcyjno\u015bci obszaru poprzez inwestycje w infrastruktur\u0119 turystyczn\u0105 i\u00a0 rekreacyjn\u0105 oraz promocja obszaru<\/p>\n<p>I.2 Wsparcie dla rozwoju konkurencyjno\u015bci i przedsi\u0119biorczo\u015bci na obszarze LGD<\/p>\n<p>Cel og\u00f3lny II:\u00a0 <strong>Wspieranie i integrowanie mieszka\u0144c\u00f3w obszaru Przyjaznej Doliny Raby i Czarnej Orawy<\/strong><\/p>\n<p>II.1. Wzmacnianie wi\u0119zi, to\u017csamo\u015bci kulturowej i lokalnej w szczeg\u00f3lno\u015bci poprzez integracj\u0119 i aktywne \u017cycie spo\u0142eczno\u015bci<\/p>\n<p>II.2. Wzmacnianie kapita\u0142u spo\u0142ecznego i promocja partnerstwa na obszarze LGD<\/p>\n<p>&nbsp;<\/p>\n<p>&nbsp;<\/p>\n","protected":false},"excerpt":{"rendered":"<p>Szanowni Pa\u0144stwo! Uprzejmie informujemy o planowanym naborze na operacje z zakresu: Rozwoju og\u00f3lnodost\u0119pnej i niekomercyjnej infrastruktury turystycznej lub rekreacyjnej, lub kulturalnej operacje w zakresie infrastruktury kulturalnej w ramach poddzia\u0142ania \u201eWsparcie na wdra\u017canie operacji w ramach strategii rozwoju lokalnego kierowanego przez spo\u0142eczno\u015b\u0107\u201d, \u00a0obj\u0119tego Programem Rozwoju Obszar\u00f3w Wiejskich na lata 2014-2020 z udzia\u0142em \u015brodk\u00f3w Europejskiego Funduszu Rolnego <a href=\"https:\/\/przyjaznadolinaraby.info\/2014-2020\/informacja-o-planowanym-naborze-operacje-w-zakresie-infrastruktury-kulturalnej\/\" class=\"more-link\">&#8230;<span class=\"screen-reader-text\">  Informacja o planowanym naborze &#8211; operacje w zakresie infrastruktury kulturalnej<\/span><\/a><\/p>\n","protected":false},"author":6,"featured_media":0,"comment_status":"open","ping_status":"open","sticky":false,"template":"","format":"standard","meta":{"_monsterinsights_skip_tracking":false,"_monsterinsights_sitenote_active":false,"_monsterinsights_sitenote_note":"","_monsterinsights_sitenote_category":0,"footnotes":""},"categories":[3],"tags":[],"acf":[],"_links":{"self":[{"href":"https:\/\/przyjaznadolinaraby.info\/2014-2020\/wp-json\/wp\/v2\/posts\/2443"}],"collection":[{"href":"https:\/\/przyjaznadolinaraby.info\/2014-2020\/wp-json\/wp\/v2\/posts"}],"about":[{"href":"https:\/\/przyjaznadolinaraby.info\/2014-2020\/wp-json\/wp\/v2\/types\/post"}],"author":[{"embeddable":true,"href":"https:\/\/przyjaznadolinaraby.info\/2014-2020\/wp-json\/wp\/v2\/users\/6"}],"replies":[{"embeddable":true,"href":"https:\/\/przyjaznadolinaraby.info\/2014-2020\/wp-json\/wp\/v2\/comments?post=2443"}],"version-history":[{"count":0,"href":"https:\/\/przyjaznadolinaraby.info\/2014-2020\/wp-json\/wp\/v2\/posts\/2443\/revisions"}],"wp:attachment":[{"href":"https:\/\/przyjaznadolinaraby.info\/2014-2020\/wp-json\/wp\/v2\/media?parent=2443"}],"wp:term":[{"taxonomy":"category","embeddable":true,"href":"https:\/\/przyjaznadolinaraby.info\/2014-2020\/wp-json\/wp\/v2\/categories?post=2443"},{"taxonomy":"post_tag","embeddable":true,"href":"https:\/\/przyjaznadolinaraby.info\/2014-2020\/wp-json\/wp\/v2\/tags?post=2443"}],"curies":[{"name":"wp","href":"https:\/\/api.w.org\/{rel}","templated":true}]}}