{"id":2487,"date":"2018-12-07T15:05:44","date_gmt":"2018-12-07T14:05:44","guid":{"rendered":"http:\/\/przyjaznadolinaraby.info\/2014-2020\/?p=2487"},"modified":"2018-12-10T13:08:13","modified_gmt":"2018-12-10T12:08:13","slug":"zaproszenie-na-nadzwyczajne-posiedzenie-rady-stowarzyszenia-przyjazna-dolina-raby-i-czarnej-orawy-10-grudzien-2018-r-poniedzialek-o-godz-815","status":"publish","type":"post","link":"https:\/\/przyjaznadolinaraby.info\/2014-2020\/zaproszenie-na-nadzwyczajne-posiedzenie-rady-stowarzyszenia-przyjazna-dolina-raby-i-czarnej-orawy-10-grudzien-2018-r-poniedzialek-o-godz-815\/","title":{"rendered":"Zaproszenie na Nadzwyczajne Posiedzenie Rady Stowarzyszenia Przyjazna Dolina Raby i Czarnej Orawy \u2013 10 grudzie\u0144 2018 r. \/poniedzia\u0142ek\/ o godz. 8:15"},"content":{"rendered":"<p>Przewodnicz\u0105cy Rady Stowarzyszenia Przyjazna Dolina Raby i Czarnej Orawy zgodnie z \u00a7 22 ust. 1\u00a0 Regulaminu Rady, zaprasza cz\u0142onk\u00f3w Rady \u00a0na posiedzenie, kt\u00f3re odb\u0119dzie si\u0119 dnia <strong>10.12.2018 r. \/poniedzia\u0142ek\/ o godz. 8:15 w biurze Stowarzyszenia Przyjazna Dolina Raby i Czarnej Orawy. <\/strong><\/p>\n<p><strong>Proponowany program Posiedzenia Rady\u00a0<\/strong><\/p>\n<ol>\n<li>Otwarcie obrad i powitanie zebranych cz\u0142onk\u00f3w Rady, stwierdzenie prawomocno\u015bci obrad.<\/li>\n<li>Przedstawienie porz\u0105dku i przyj\u0119cie porz\u0105dku obrad.<\/li>\n<li>Podpisanie deklaracji\u00a0 bezstronno\u015bci i poufno\u015bci dotycz\u0105cych operacji w\u0142asnej.<\/li>\n<li>Ocena i wyb\u00f3r wniosku o przyznanie pomocy na operacje w\u0142asn\u0105 nr 1\/2018\/OW\/1.<\/li>\n<li>Wolne wnioski i zapytania.<\/li>\n<li>Zako\u0144czenie posiedzenia.<\/li>\n<\/ol>\n<p>&nbsp;<\/p>\n<p style=\"text-align: right;\">Przewodnicz\u0105cy Rady<\/p>\n<p style=\"text-align: right;\">Stowarzyszenia Przyjazna Dolina Raby i Czarnej Orawy<\/p>\n<p style=\"text-align: right;\">mgr Rafa\u0142 Grygorowicz<\/p>\n","protected":false},"excerpt":{"rendered":"<p>Przewodnicz\u0105cy Rady Stowarzyszenia Przyjazna Dolina Raby i Czarnej Orawy zgodnie z \u00a7 22 ust. 1\u00a0 Regulaminu Rady, zaprasza cz\u0142onk\u00f3w Rady \u00a0na posiedzenie, kt\u00f3re odb\u0119dzie si\u0119 dnia 10.12.2018 r. \/poniedzia\u0142ek\/ o godz. 8:15 w biurze Stowarzyszenia Przyjazna Dolina Raby i Czarnej Orawy. Proponowany program Posiedzenia Rady\u00a0 Otwarcie obrad i powitanie zebranych cz\u0142onk\u00f3w Rady, stwierdzenie prawomocno\u015bci obrad. <a href=\"https:\/\/przyjaznadolinaraby.info\/2014-2020\/zaproszenie-na-nadzwyczajne-posiedzenie-rady-stowarzyszenia-przyjazna-dolina-raby-i-czarnej-orawy-10-grudzien-2018-r-poniedzialek-o-godz-815\/\" class=\"more-link\">&#8230;<span class=\"screen-reader-text\">  Zaproszenie na Nadzwyczajne Posiedzenie Rady Stowarzyszenia Przyjazna Dolina Raby i Czarnej Orawy \u2013 10 grudzie\u0144 2018 r. \/poniedzia\u0142ek\/ o godz. 8:15<\/span><\/a><\/p>\n","protected":false},"author":6,"featured_media":0,"comment_status":"open","ping_status":"open","sticky":false,"template":"","format":"standard","meta":{"_monsterinsights_skip_tracking":false,"_monsterinsights_sitenote_active":false,"_monsterinsights_sitenote_note":"","_monsterinsights_sitenote_category":0,"footnotes":""},"categories":[1],"tags":[],"acf":[],"_links":{"self":[{"href":"https:\/\/przyjaznadolinaraby.info\/2014-2020\/wp-json\/wp\/v2\/posts\/2487"}],"collection":[{"href":"https:\/\/przyjaznadolinaraby.info\/2014-2020\/wp-json\/wp\/v2\/posts"}],"about":[{"href":"https:\/\/przyjaznadolinaraby.info\/2014-2020\/wp-json\/wp\/v2\/types\/post"}],"author":[{"embeddable":true,"href":"https:\/\/przyjaznadolinaraby.info\/2014-2020\/wp-json\/wp\/v2\/users\/6"}],"replies":[{"embeddable":true,"href":"https:\/\/przyjaznadolinaraby.info\/2014-2020\/wp-json\/wp\/v2\/comments?post=2487"}],"version-history":[{"count":0,"href":"https:\/\/przyjaznadolinaraby.info\/2014-2020\/wp-json\/wp\/v2\/posts\/2487\/revisions"}],"wp:attachment":[{"href":"https:\/\/przyjaznadolinaraby.info\/2014-2020\/wp-json\/wp\/v2\/media?parent=2487"}],"wp:term":[{"taxonomy":"category","embeddable":true,"href":"https:\/\/przyjaznadolinaraby.info\/2014-2020\/wp-json\/wp\/v2\/categories?post=2487"},{"taxonomy":"post_tag","embeddable":true,"href":"https:\/\/przyjaznadolinaraby.info\/2014-2020\/wp-json\/wp\/v2\/tags?post=2487"}],"curies":[{"name":"wp","href":"https:\/\/api.w.org\/{rel}","templated":true}]}}