{"id":2509,"date":"2019-01-02T13:13:14","date_gmt":"2019-01-02T12:13:14","guid":{"rendered":"http:\/\/przyjaznadolinaraby.info\/2014-2020\/?p=2509"},"modified":"2019-01-16T16:01:06","modified_gmt":"2019-01-16T15:01:06","slug":"zaproszenie-na-nadzwyczajne-walne-zebranie-czlonkow-stowarzyszenia-przyjazna-dolina-raby-i-czarnej-orawy-6","status":"publish","type":"post","link":"https:\/\/przyjaznadolinaraby.info\/2014-2020\/zaproszenie-na-nadzwyczajne-walne-zebranie-czlonkow-stowarzyszenia-przyjazna-dolina-raby-i-czarnej-orawy-6\/","title":{"rendered":"Zaproszenie na Nadzwyczajne Walne Zebranie Cz\u0142onk\u00f3w Stowarzyszenia Przyjazna Dolina Raby i Czarnej Orawy"},"content":{"rendered":"<p>Stowarzyszenie Przyjazna Dolina Raby i Czarnej Orawy serdecznie zaprasza na Nadzwyczajne Walne Zebranie Cz\u0142onk\u00f3w Stowarzyszenia, kt\u00f3re odb\u0119dzie si\u0119 21.01.2019 o godzinie 16:00 na Sali Obrad Urz\u0119du Gminy w Rabie Wy\u017cnej.<\/p>\n<p>Proponowany porz\u0105dek obrad:<\/p>\n<p>1. Otwarcie obrad i stwierdzenie prawomocno\u015bci.<br \/>\n2. Wyb\u00f3r Przewodnicz\u0105cego Zebrania i Protokolanta.<br \/>\n3. Przedstawienie porz\u0105dku obrad.<br \/>\n4. Zg\u0142aszanie uwag do porz\u0105dku obrad.<br \/>\n5. Przyj\u0119cie porz\u0105dku obrad.<br \/>\n6. Wyb\u00f3r komisji skrutacyjnej.<br \/>\n7. Podj\u0119cie uchwa\u0142y w sprawie zmiany uchwa\u0142y w sprawie zatwierdzenia Strategii Rozwoju Lokalnego Kierowanego przez Spo\u0142eczno\u015b\u0107 obj\u0119ta Programem Rozwoju Obszar\u00f3w Wiejskich na lata 2014\u20132020 Stowarzyszenia Przyjazna Dolina Raby i Czarnej Orawy.<br \/>\n8. Wyb\u00f3r komisji do spraw monitoringu i ewaluacji.<br \/>\n9. Podj\u0119cie uchwa\u0142 w sprawie ustalenia wysoko\u015bci sk\u0142adki cz\u0142onkowskiej na rok 2019.<br \/>\n10. Wolne wnioski.<br \/>\n11. Zamkni\u0119cie posiedzenia.<\/p>\n","protected":false},"excerpt":{"rendered":"<p>Stowarzyszenie Przyjazna Dolina Raby i Czarnej Orawy serdecznie zaprasza na Nadzwyczajne Walne Zebranie Cz\u0142onk\u00f3w Stowarzyszenia, kt\u00f3re odb\u0119dzie si\u0119 21.01.2019 o godzinie 16:00 na Sali Obrad Urz\u0119du Gminy w Rabie Wy\u017cnej. Proponowany porz\u0105dek obrad: 1. Otwarcie obrad i stwierdzenie prawomocno\u015bci. 2. Wyb\u00f3r Przewodnicz\u0105cego Zebrania i Protokolanta. 3. Przedstawienie porz\u0105dku obrad. 4. Zg\u0142aszanie uwag do porz\u0105dku obrad. <a href=\"https:\/\/przyjaznadolinaraby.info\/2014-2020\/zaproszenie-na-nadzwyczajne-walne-zebranie-czlonkow-stowarzyszenia-przyjazna-dolina-raby-i-czarnej-orawy-6\/\" class=\"more-link\">&#8230;<span class=\"screen-reader-text\">  Zaproszenie na Nadzwyczajne Walne Zebranie Cz\u0142onk\u00f3w Stowarzyszenia Przyjazna Dolina Raby i Czarnej Orawy<\/span><\/a><\/p>\n","protected":false},"author":6,"featured_media":0,"comment_status":"open","ping_status":"open","sticky":false,"template":"","format":"standard","meta":{"_monsterinsights_skip_tracking":false,"_monsterinsights_sitenote_active":false,"_monsterinsights_sitenote_note":"","_monsterinsights_sitenote_category":0,"footnotes":""},"categories":[3,1],"tags":[],"acf":[],"_links":{"self":[{"href":"https:\/\/przyjaznadolinaraby.info\/2014-2020\/wp-json\/wp\/v2\/posts\/2509"}],"collection":[{"href":"https:\/\/przyjaznadolinaraby.info\/2014-2020\/wp-json\/wp\/v2\/posts"}],"about":[{"href":"https:\/\/przyjaznadolinaraby.info\/2014-2020\/wp-json\/wp\/v2\/types\/post"}],"author":[{"embeddable":true,"href":"https:\/\/przyjaznadolinaraby.info\/2014-2020\/wp-json\/wp\/v2\/users\/6"}],"replies":[{"embeddable":true,"href":"https:\/\/przyjaznadolinaraby.info\/2014-2020\/wp-json\/wp\/v2\/comments?post=2509"}],"version-history":[{"count":0,"href":"https:\/\/przyjaznadolinaraby.info\/2014-2020\/wp-json\/wp\/v2\/posts\/2509\/revisions"}],"wp:attachment":[{"href":"https:\/\/przyjaznadolinaraby.info\/2014-2020\/wp-json\/wp\/v2\/media?parent=2509"}],"wp:term":[{"taxonomy":"category","embeddable":true,"href":"https:\/\/przyjaznadolinaraby.info\/2014-2020\/wp-json\/wp\/v2\/categories?post=2509"},{"taxonomy":"post_tag","embeddable":true,"href":"https:\/\/przyjaznadolinaraby.info\/2014-2020\/wp-json\/wp\/v2\/tags?post=2509"}],"curies":[{"name":"wp","href":"https:\/\/api.w.org\/{rel}","templated":true}]}}