{"id":2598,"date":"2019-04-01T12:29:40","date_gmt":"2019-04-01T10:29:40","guid":{"rendered":"http:\/\/przyjaznadolinaraby.info\/2014-2020\/?p=2598"},"modified":"2019-05-08T08:52:06","modified_gmt":"2019-05-08T06:52:06","slug":"operacja-wlasna-lgd-brak-zgloszen-2","status":"publish","type":"post","link":"https:\/\/przyjaznadolinaraby.info\/2014-2020\/operacja-wlasna-lgd-brak-zgloszen-2\/","title":{"rendered":"Operacja w\u0142asna LGD \u2013 brak zg\u0142osze\u0144"},"content":{"rendered":"<div class=\"opis_minic\">\n<div>W zwi\u0105zku z umieszczeniem w dniu 28 lutego 2019 roku na stronie internetowej Stowarzyszenia Przyjazna Dolina Raby i Czarnej Orawy\u00a0 informacji\u00a0 nr 1\/2019\/OW\u00a0o planowanej do realizacji operacji w\u0142asnej LGD w ramach przedsi\u0119wzi\u0119cia: Dzia\u0142ania ukierunkowane na przeciwdzia\u0142anie wykluczeniu os\u00f3b z grupy defaworyzowanych informujemy, \u017ce w terminie 30 dni od dnia zamieszczenia w\/w informacji, tj. do dnia 30 marca 2019 roku, \u017caden podmiot inny ni\u017c LGD, a uprawniony do wsparcia, nie zg\u0142osi\u0142 zamiaru realizacji operacji w\u0142asnej.<\/div>\n<\/div>\n<div class=\"opisc\">\n<div>W zwi\u0105zku z powy\u017cszym zgodnie z procedur\u0105 oceny i wyboru operacji w\u0142asnych \u2013 po\u00a0 pozytywnej weryfikacji dokonanej przez Rad\u0119 LGD,\u00a0Zarz\u0105d Stowarzyszenia Przyjazna Dolina Raby i Czarnej Orawy przeka\u017ce w najbli\u017cszym czasie do Zarz\u0105du Wojew\u00f3dztwa wniosek\u00a0o udzielenie wsparcia na realizacj\u0119 powy\u017cszej operacji w\u0142asnej.<\/div>\n<\/div>\n","protected":false},"excerpt":{"rendered":"<p>W zwi\u0105zku z umieszczeniem w dniu 28 lutego 2019 roku na stronie internetowej Stowarzyszenia Przyjazna Dolina Raby i Czarnej Orawy\u00a0 informacji\u00a0 nr 1\/2019\/OW\u00a0o planowanej do realizacji operacji w\u0142asnej LGD w ramach przedsi\u0119wzi\u0119cia: Dzia\u0142ania ukierunkowane na przeciwdzia\u0142anie wykluczeniu os\u00f3b z grupy defaworyzowanych informujemy, \u017ce w terminie 30 dni od dnia zamieszczenia w\/w informacji, tj. do dnia <a href=\"https:\/\/przyjaznadolinaraby.info\/2014-2020\/operacja-wlasna-lgd-brak-zgloszen-2\/\" class=\"more-link\">&#8230;<span class=\"screen-reader-text\">  Operacja w\u0142asna LGD \u2013 brak zg\u0142osze\u0144<\/span><\/a><\/p>\n","protected":false},"author":6,"featured_media":0,"comment_status":"open","ping_status":"open","sticky":false,"template":"","format":"standard","meta":{"_monsterinsights_skip_tracking":false,"_monsterinsights_sitenote_active":false,"_monsterinsights_sitenote_note":"","_monsterinsights_sitenote_category":0,"footnotes":""},"categories":[1],"tags":[],"acf":[],"_links":{"self":[{"href":"https:\/\/przyjaznadolinaraby.info\/2014-2020\/wp-json\/wp\/v2\/posts\/2598"}],"collection":[{"href":"https:\/\/przyjaznadolinaraby.info\/2014-2020\/wp-json\/wp\/v2\/posts"}],"about":[{"href":"https:\/\/przyjaznadolinaraby.info\/2014-2020\/wp-json\/wp\/v2\/types\/post"}],"author":[{"embeddable":true,"href":"https:\/\/przyjaznadolinaraby.info\/2014-2020\/wp-json\/wp\/v2\/users\/6"}],"replies":[{"embeddable":true,"href":"https:\/\/przyjaznadolinaraby.info\/2014-2020\/wp-json\/wp\/v2\/comments?post=2598"}],"version-history":[{"count":0,"href":"https:\/\/przyjaznadolinaraby.info\/2014-2020\/wp-json\/wp\/v2\/posts\/2598\/revisions"}],"wp:attachment":[{"href":"https:\/\/przyjaznadolinaraby.info\/2014-2020\/wp-json\/wp\/v2\/media?parent=2598"}],"wp:term":[{"taxonomy":"category","embeddable":true,"href":"https:\/\/przyjaznadolinaraby.info\/2014-2020\/wp-json\/wp\/v2\/categories?post=2598"},{"taxonomy":"post_tag","embeddable":true,"href":"https:\/\/przyjaznadolinaraby.info\/2014-2020\/wp-json\/wp\/v2\/tags?post=2598"}],"curies":[{"name":"wp","href":"https:\/\/api.w.org\/{rel}","templated":true}]}}