{"id":2616,"date":"2019-04-09T11:12:44","date_gmt":"2019-04-09T09:12:44","guid":{"rendered":"http:\/\/przyjaznadolinaraby.info\/2014-2020\/?p=2616"},"modified":"2019-10-15T10:11:06","modified_gmt":"2019-10-15T08:11:06","slug":"zaproszenie-na-walne-zebranie-czlonkow-stowarzyszenia-przyjazna-dolina-raby-i-czarnej-orawy-3","status":"publish","type":"post","link":"https:\/\/przyjaznadolinaraby.info\/2014-2020\/zaproszenie-na-walne-zebranie-czlonkow-stowarzyszenia-przyjazna-dolina-raby-i-czarnej-orawy-3\/","title":{"rendered":"Zaproszenie na Walne Zebranie Cz\u0142onk\u00f3w Stowarzyszenia Przyjazna Dolina Raby i Czarnej Orawy"},"content":{"rendered":"\n<p>Stowarzyszenie Przyjazna Dolina Raby i Czarnej Orawy serdecznie\nzaprasza na Walne Zebranie Cz\u0142onk\u00f3w Stowarzyszenia, kt\u00f3re odb\u0119dzie si\u0119 <strong>29.04.2019<\/strong> o godzinie\n<strong>16.00<\/strong>\nna Sali obrad Urz\u0119du Gminy w Rabie Wy\u017cnej.<\/p>\n\n\n\n<p><strong>Proponowany porz\u0105dek\nobrad:<\/strong><\/p>\n\n\n\n<p>1. Otwarcie obrad i stwierdzenie prawomocno\u015bci.<\/p>\n\n\n\n<p>2. Wyb\u00f3r Przewodnicz\u0105cego Zebrania i Protokolanta<\/p>\n\n\n\n<p>3. Przedstawienie porz\u0105dku obrad<\/p>\n\n\n\n<p>4. Zg\u0142aszanie uwag do porz\u0105dku obrad<\/p>\n\n\n\n<p>5. Przyj\u0119cie porz\u0105dku obrad<\/p>\n\n\n\n<p>6. Wyb\u00f3r komisji skrutacyjnej.<\/p>\n\n\n\n<p>7. Sprawozdanie finansowe za 2018 rok:<\/p>\n\n\n\n<p>a) om\u00f3wienie sprawozdania finansowego za 2018 rok<\/p>\n\n\n\n<p>b) sprawozdanie z dzia\u0142alno\u015bci LGD w 2018 roku<\/p>\n\n\n\n<p>c) raport z ewaluacji 2018<\/p>\n\n\n\n<p>d) opinia Komisji Rewizyjnej<\/p>\n\n\n\n<p>e) podj\u0119cie uchwa\u0142y w sprawie zatwierdzenia\nsprawozdania finansowego za 2018 rok<\/p>\n\n\n\n<p>f) podj\u0119cie uchwa\u0142y w sprawie zatwierdzenia\nsprawozdania z pracy Zarz\u0105du Stowarzyszenia<\/p>\n\n\n\n<p>g) podj\u0119cie uchwa\u0142y w sprawie udzielenia absolutorium\ncz\u0142onkom Zarz\u0105du<\/p>\n\n\n\n<p>h) podj\u0119cie uchwa\u0142y w sprawie zatwierdzenia\nsprawozdania z dzia\u0142alno\u015bci Rady<\/p>\n\n\n\n<p>i) podj\u0119cie uchwa\u0142y w sprawie udzielenia absolutorium\ncz\u0142onkom Rady<\/p>\n\n\n\n<p>j) podj\u0119cie uchwa\u0142y w sprawie zatwierdzenia\nsprawozdania z dzia\u0142alno\u015bci Komisji Rewizyjnej<\/p>\n\n\n\n<p>k) podj\u0119cie uchwa\u0142y w sprawie udzielenia absolutorium\ncz\u0142onkom Komisji Rewizyjnej<\/p>\n\n\n\n<p>8.Podj\u0119cie\nuchwa\u0142y w sprawie zmiany Statutu Stowarzyszenia Przyjazna Dolina Raby i Czarnej\nOrawy <\/p>\n\n\n\n<p>9.Wolne wnioski.<\/p>\n\n\n\n<p>10. Zamkni\u0119cie posiedzenia<\/p>\n","protected":false},"excerpt":{"rendered":"<p>Stowarzyszenie Przyjazna Dolina Raby i Czarnej Orawy serdecznie zaprasza na Walne Zebranie Cz\u0142onk\u00f3w Stowarzyszenia, kt\u00f3re odb\u0119dzie si\u0119 29.04.2019 o godzinie 16.00 na Sali obrad Urz\u0119du Gminy w Rabie Wy\u017cnej. Proponowany porz\u0105dek obrad: 1. Otwarcie obrad i stwierdzenie prawomocno\u015bci. 2. Wyb\u00f3r Przewodnicz\u0105cego Zebrania i Protokolanta 3. Przedstawienie porz\u0105dku obrad 4. Zg\u0142aszanie uwag do porz\u0105dku obrad 5. <a href=\"https:\/\/przyjaznadolinaraby.info\/2014-2020\/zaproszenie-na-walne-zebranie-czlonkow-stowarzyszenia-przyjazna-dolina-raby-i-czarnej-orawy-3\/\" class=\"more-link\">&#8230;<span class=\"screen-reader-text\">  Zaproszenie na Walne Zebranie Cz\u0142onk\u00f3w Stowarzyszenia Przyjazna Dolina Raby i Czarnej Orawy<\/span><\/a><\/p>\n","protected":false},"author":6,"featured_media":0,"comment_status":"open","ping_status":"open","sticky":false,"template":"","format":"standard","meta":{"_monsterinsights_skip_tracking":false,"_monsterinsights_sitenote_active":false,"_monsterinsights_sitenote_note":"","_monsterinsights_sitenote_category":0,"footnotes":""},"categories":[3,1],"tags":[],"acf":[],"_links":{"self":[{"href":"https:\/\/przyjaznadolinaraby.info\/2014-2020\/wp-json\/wp\/v2\/posts\/2616"}],"collection":[{"href":"https:\/\/przyjaznadolinaraby.info\/2014-2020\/wp-json\/wp\/v2\/posts"}],"about":[{"href":"https:\/\/przyjaznadolinaraby.info\/2014-2020\/wp-json\/wp\/v2\/types\/post"}],"author":[{"embeddable":true,"href":"https:\/\/przyjaznadolinaraby.info\/2014-2020\/wp-json\/wp\/v2\/users\/6"}],"replies":[{"embeddable":true,"href":"https:\/\/przyjaznadolinaraby.info\/2014-2020\/wp-json\/wp\/v2\/comments?post=2616"}],"version-history":[{"count":0,"href":"https:\/\/przyjaznadolinaraby.info\/2014-2020\/wp-json\/wp\/v2\/posts\/2616\/revisions"}],"wp:attachment":[{"href":"https:\/\/przyjaznadolinaraby.info\/2014-2020\/wp-json\/wp\/v2\/media?parent=2616"}],"wp:term":[{"taxonomy":"category","embeddable":true,"href":"https:\/\/przyjaznadolinaraby.info\/2014-2020\/wp-json\/wp\/v2\/categories?post=2616"},{"taxonomy":"post_tag","embeddable":true,"href":"https:\/\/przyjaznadolinaraby.info\/2014-2020\/wp-json\/wp\/v2\/tags?post=2616"}],"curies":[{"name":"wp","href":"https:\/\/api.w.org\/{rel}","templated":true}]}}