{"id":2929,"date":"2019-08-30T14:50:15","date_gmt":"2019-08-30T12:50:15","guid":{"rendered":"http:\/\/przyjaznadolinaraby.info\/2014-2020\/?p=2929"},"modified":"2019-09-16T10:50:38","modified_gmt":"2019-09-16T08:50:38","slug":"ogloszenie-o-naborze-na-stanowisko-specjalista-ds-projektow-2","status":"publish","type":"post","link":"https:\/\/przyjaznadolinaraby.info\/2014-2020\/ogloszenie-o-naborze-na-stanowisko-specjalista-ds-projektow-2\/","title":{"rendered":"Og\u0142oszenie o naborze na stanowisko specjalista ds. projekt\u00f3w"},"content":{"rendered":"\n<p>ZARZ\u0104D STOWARZYSZENIA PRZYJAZNA DOLINA RABY I CZARNEJ ORAWY Z SIEDZIB\u0104 RABA\nWY\u017bNA 45 B <br>\nOg\u0142asza nab\u00f3r na stanowisko: &nbsp;<strong>Specjalista\nds. projekt\u00f3w<\/strong><\/p>\n\n\n\n<ol><li><strong>Wymiar czasu pracy: <\/strong>\u00be etatu (umowa o prac\u0119 na zast\u0119pstwo)<\/li><li><strong>Miejsce wykonywania pracy: <\/strong>\u00a0Raba Wy\u017cna\u2013 siedziba Stowarzyszenia\u00a0Przyjazna Dolina Raby i Czarnej Orawy<\/li><li><strong>Zakres odpowiedzialno\u015bci uprawnie\u0144 i obowi\u0105zk\u00f3w<\/strong><\/li><\/ol>\n\n\n\n<p><strong>Odpowiedzialno\u015b\u0107 za:<\/strong><\/p>\n\n\n\n<ul><li>Kompleksow\u0105 obs\u0142ug\u0119 potencjalnych beneficjent\u00f3w, przygotowywanie projekt\u00f3w, realizacj\u0119 i rozliczenie procesu dotycz\u0105cego projekt\u00f3w \u2013 doradztwo;<\/li><li>Animacj\u0119 lokaln\u0105 i wsp\u00f3\u0142prac\u0119 w zakresie budowania lokalnego kapita\u0142u spo\u0142ecznego, poprzez organizacj\u0119 spotka\u0144, szkole\u0144 <\/li><li>Animacj\u0119 lokaln\u0105 w zakresie wsparcia III sektora<\/li><li>Prawid\u0142owe i terminowe za\u0142atwianie spraw wynikaj\u0105cych z zakresu czynno\u015bci i obowi\u0105zk\u00f3w.<\/li><li>Prawid\u0142owe stosowanie obowi\u0105zuj\u0105cych przepis\u00f3w prawa przy za\u0142atwianiu powierzonych spraw.<\/li><li>Bie\u017c\u0105ce zaznajamianie si\u0119 z nowymi aktami prawnymi, zarz\u0105dzeniami i instrukcjami dotycz\u0105cymi prowadzonych spraw.<\/li><li>Sprawn\u0105 obs\u0142ug\u0119 zg\u0142aszaj\u0105cych si\u0119 obywateli wraz z zapewnieniem poprawnej informacji,<\/li><li>Przestrzeganie przepis\u00f3w zawartych w Statucie oraz regulaminach Stowarzyszenia.<\/li><li>Ochrona przetwarzanych danych (Ustawa z dnia 29 sierpnia 1997r. o ochronie danych osobowych Dz.U. Nr 133 poz. 883 zp\u00f3\u017a.zm.)<\/li><\/ul>\n\n\n\n<p><strong>Uprawnienia do:<\/strong><\/p>\n\n\n\n<ul><li>do  zatrudniania na stanowisku pracy zgodnie z rodzajem pracy wynikaj\u0105cym z tre\u015bci zawartej umowy o prac\u0119 i zgodnie z posiadanymi kwalifikacjami,<\/li><li>do wynagrodzenia za prac\u0119,<\/li><li>do wypoczynku w dniach&nbsp; wolnych od pracy, przez prawid\u0142owe przestrzeganie czasu pracy w zak\u0142adzie pracy oraz  korzystanie z urlop\u00f3w wypoczynkowych i innych przerw,<\/li><li>do bezpiecznych i higienicznych warunk\u00f3w pracy,<\/li><li>do r\u00f3wnych praw z tytu\u0142u jednakowego wype\u0142niania takich samych obowi\u0105zk\u00f3w,   szczeg\u00f3lnie do r\u00f3wnouprawnienia, czyli r\u00f3wnego traktowania kobiet i m\u0119\u017cczyzn w zakresie pracy.<\/li><\/ul>\n\n\n\n<p><strong>Zakres obowi\u0105zk\u00f3w:<\/strong><\/p>\n\n\n\n<ul><li>obs\u0142uga zwi\u0105zana z naborem wniosk\u00f3w sk\u0142adanych w ramach realizacji Lokalnej Strategii Rozwoju Stowarzyszenia,<\/li><li>przeprowadzanie konsultacji na etapie przygotowywania      wniosk\u00f3w\/projekt\u00f3w oraz na etapie realizacji projekt\u00f3w, w tym udzielanie wst\u0119pnej pomocy w rozliczaniu projekt\u00f3w,<\/li><li>organizacja pracy Rady Stowarzyszenia oceniaj\u0105cej operacje,<\/li><li>przygotowanie  i sk\u0142adanie wniosk\u00f3w o pomoc finansow\u0105 na funkcjonowanie LGD i realizacj\u0119 przedsi\u0119wzi\u0119\u0107 okre\u015blonych w LSR,<\/li><li>przygotowanie i sk\u0142adanie wniosk\u00f3w o p\u0142atno\u015b\u0107,<\/li><li>przygotowywanie odpowiednich sprawozda\u0144,<\/li><li>monitorowanie podpisywania i realizacji um\u00f3w,<\/li><li>przygotowanie sprawozda\u0144 z realizacji LSR dla Zarz\u0105du,<\/li><li>sporz\u0105dzanie opinii dotycz\u0105cych problem\u00f3w zwi\u0105zanych z realizacj\u0105 projekt\u00f3w,<\/li><li>przeprowadzenie ko\u0144cowego rozliczenia rzeczowego pod wzgl\u0119dem zgodno\u015bci z warunkami Um\u00f3w o pomoc,<\/li><li>poszukiwanie mo\u017cliwo\u015bci dofinansowania dla projekt\u00f3w Stowarzyszenia,<\/li><li>prowadzenie doradztwa dla beneficjent\u00f3w w sprawie warunk\u00f3w i mo\u017cliwo\u015bci otrzymania dofinansowania;<\/li><li>pe\u0142na obs\u0142uga wniosk\u00f3w sk\u0142adanych w ramach \u201eGrant\u00f3w\u201d,<\/li><li>udzia\u0142 w wydarzeniach promocyjnych i informacyjnych w ramach PROW 2014-2020<\/li><li>inne zadania zlecone przez Prezesa i Dyrektora Biura.<\/li><\/ul>\n\n\n\n<p><strong>Wymagania konieczne:<\/strong><\/p>\n\n\n\n<ul><li><strong>wykszta\u0142cenie:<\/strong> wy\u017csze <\/li><li><strong>praktyka zawodowa: <\/strong>co najmniej 2 letni sta\u017c w pracy biurowej w tym roczne do\u015bwiadczenie w&nbsp; pozyskiwaniu i zarz\u0105dzaniu funduszami unijnymi w ramach Programu Rozwoju Obszar\u00f3w Wiejskich <\/li><li>znajomo\u015b\u0107 przepis\u00f3w prawnych krajowych i unijnych oraz program\u00f3w operacyjnych dotycz\u0105cych w szczeg\u00f3lno\u015bci okresu programowania PROW 2014-2020,<\/li><li>posiadanie wiedzy na temat funkcjonowania Lokalnych Grup Dzia\u0142ania, <\/li><li>praktyczna umiej\u0119tno\u015b\u0107 obs\u0142ugi komputera (pakiet MS Office: Word, Excel, PowerPoint),<\/li><li>bardzo dobra organizacja pracy, samodzielno\u015b\u0107&nbsp;&nbsp;&nbsp;&nbsp;&nbsp;&nbsp;&nbsp;&nbsp;&nbsp;&nbsp;&nbsp;&nbsp;&nbsp;&nbsp;&nbsp;&nbsp;&nbsp;&nbsp;&nbsp;&nbsp;&nbsp;&nbsp; i zaanga\u017cowanie,<\/li><li>komunikatywno\u015b\u0107, \u0142atwo\u015b\u0107 nawi\u0105zywania kontakt\u00f3w,<\/li><li>wysoka kultura osobista,<\/li><li>swoboda wyra\u017cania my\u015bli w formie ustnej i pisemnej.<\/li><li>znajomo\u015b\u0107 ustawy o stowarzyszeniach,<\/li><li>znajomo\u015b\u0107 procedur administracyjnych, <\/li><li>stan zdrowia pozwalaj\u0105cy na zatrudnienie na wskazanym stanowisku,niekaralno\u015b\u0107 oraz posiadanie pe\u0142nej zdolno\u015bci do czynno\u015bci prawnych i korzystanie z pe\u0142ni praw publicznych.<\/li><\/ul>\n\n\n\n<p><strong>Wymagania po\u017c\u0105dane<\/strong><\/p>\n\n\n\n<ul><li>Prawo jazdy:      kat. B<\/li><li>do\u015bwiadczenie zawodowe na stanowisku zwi\u0105zanym z obs\u0142ug\u0105 klienta,<\/li><li>umiej\u0119tno\u015b\u0107 pracy w zespole,<\/li><li>dyspozycyjno\u015b\u0107 \u2013 gotowo\u015b\u0107 do wyjazd\u00f3w i pracy w weekendy,<\/li><li>znajomo\u015b\u0107 j\u0119zyka angielskiego na poziomie podstawowym.<\/li><\/ul>\n\n\n\n<p><strong>Wymagane dokumenty i o\u015bwiadczenia<\/strong><\/p>\n\n\n\n<ul><li>kopie dokument\u00f3w potwierdzaj\u0105cych wykszta\u0142cenie, <\/li><li>o\u015bwiadczenia kandydata o korzystaniu z pe\u0142ni praw publicznych i o niekaralno\u015bci za przest\u0119pstwo pope\u0142nione umy\u015blnie, <\/li><li>kopia dowodu osobistego lub o\u015bwiadczenie o posiadaniu obywatelstwa polskiego, <\/li><li>\u017cyciorys i list motywacyjny, <\/li><li>o\u015bwiadczenie  kandydata o wyra\u017ceniu zgody na przetwarzanie danych osobowych do cel\u00f3w rekrutacji;<\/li><li>kopie dokument\u00f3w potwierdzaj\u0105cych kwalifikacje zawodowe<\/li><\/ul>\n\n\n\n<p><strong>&nbsp;Termin i miejsce sk\u0142adania dokument\u00f3w:<\/strong><\/p>\n\n\n\n<p>Wymagane dokumenty nale\u017cy z\u0142o\u017cy\u0107 osobi\u015bcie w siedzibie Stowarzyszenia w godzinach od 8.00 do 14.00<br> lub wys\u0142a\u0107 poczt\u0105 na adres:<br> Stowarzyszenie Przyjazna Dolina Raby i Czarnej Orawy <br> Raba Wy\u017cna 45 B (budynek Poczty)<br> 34-721 Raba Wy\u017cna<br> Tel. 18 26 78&nbsp;648 \/ 500&nbsp;475&nbsp;840Termin sk\u0142adania dokument\u00f3w: <strong>od 30.08.2019 do 09.09.2019<\/strong> .<br> Dokumenty powinny by\u0107 w zamkni\u0119tej kopercie z dopiskiem nazwy stanowiska, na kt\u00f3ry odbywa si\u0119 nab\u00f3r. W przypadku ofert przesy\u0142anych poczt\u0105, za dat\u0119 z\u0142o\u017cenia oferty przyjmuje si\u0119 dat\u0119 dor\u0119czenia przesy\u0142ki do biura Stowarzyszenia Przyjazna Dolina Raby i Czarnej Orawy.<\/p>\n\n\n\n<p>Oferty\nz\u0142o\u017cone po terminie odsy\u0142ane b\u0119d\u0105 do nadawcy.<\/p>\n\n\n\n<p>Informacja o\nzakwalifikowaniu si\u0119 kandydat\u00f3w do kolejnego etapu konkursu \u2013 rozmowy\nkwalifikacyjnej zostanie zamieszczona na stronie internetowej www.przyjaznadolinaraby.info,\noraz zostanie przekazana kandydatom drog\u0105 elektroniczn\u0105 i telefoniczn\u0105.<\/p>\n\n\n\n<p>Wymagane\ndokumenty aplikacyjne powinny by\u0107 opatrzone klauzul\u0105:<\/p>\n\n\n\n<p>&nbsp;\u201eWyra\u017cam\nzgod\u0119 na przetwarzanie moich danych osobowych zawartych w mojej ofercie pracy dla\npotrzeb&nbsp; niezb\u0119dnych&nbsp; do&nbsp; realizacji&nbsp; procesu&nbsp;\nrekrutacji,&nbsp; zgodnie&nbsp; z&nbsp; Rozporz\u0105dzeniem Parlamentu\nEuropejskiego i Rady (UE) 2016\/679 z dnia 27 kwietnia 2016 roku oraz ustaw\u0105 z\ndnia&nbsp; 10&nbsp; maja&nbsp; 2018 roku o ochronie&nbsp; danych&nbsp;\nosobowych&nbsp; (Dz.U.2018&nbsp; poz. 1000)&nbsp; oraz&nbsp; zgodnie klauzul\u0105\ninformacyjn\u0105.<\/p>\n\n\n\n<p>Jednocze\u015bnie\ninformujemy, \u017ce lista kandydat\u00f3w, kt\u00f3rzy spe\u0142nili wymagania formalne okre\u015blone\nw og\u0142oszeniu o naborze zostanie zamieszczona na stronie internetowej przyjaznadolinaraby.info\n(z podaniem: imion i nazwisk kandydat\u00f3w, adres\u00f3w zamieszkania). Wy\u0142onieni\nkandydaci na wolne stanowisko zaproszeni zostan\u0105 na rozmow\u0119 kwalifikacyjn\u0105,\nkt\u00f3ra odb\u0119dzie si\u0119 w miejscu i terminie wskazanym przez Zarz\u0105d. Informacja o\nwynikach naboru na stanowisko b\u0119dzie zamieszczona na stronie internetowej przyjaznadolinaraby.info\n.<\/p>\n\n\n\n<p>Z wy\u0142onionym\nkandydatem \u2013 w ci\u0105gu dw\u00f3ch tygodni od opublikowania informacji o wynikach\nkonkursu \u2013 zostanie podpisana umowa o prac\u0119.<\/p>\n\n\n\n<p>Zarz\u0105d Stowarzyszenia Stowarzyszenia&nbsp;Przyjazna\nDolina Raby i Czarnej Orawy<\/p>\n","protected":false},"excerpt":{"rendered":"<p>ZARZ\u0104D STOWARZYSZENIA PRZYJAZNA DOLINA RABY I CZARNEJ ORAWY Z SIEDZIB\u0104 RABA WY\u017bNA 45 B Og\u0142asza nab\u00f3r na stanowisko: &nbsp;Specjalista ds. projekt\u00f3w Wymiar czasu pracy: \u00be etatu (umowa o prac\u0119 na zast\u0119pstwo) Miejsce wykonywania pracy: \u00a0Raba Wy\u017cna\u2013 siedziba Stowarzyszenia\u00a0Przyjazna Dolina Raby i Czarnej Orawy Zakres odpowiedzialno\u015bci uprawnie\u0144 i obowi\u0105zk\u00f3w Odpowiedzialno\u015b\u0107 za: Kompleksow\u0105 obs\u0142ug\u0119 potencjalnych beneficjent\u00f3w, przygotowywanie <a href=\"https:\/\/przyjaznadolinaraby.info\/2014-2020\/ogloszenie-o-naborze-na-stanowisko-specjalista-ds-projektow-2\/\" class=\"more-link\">&#8230;<span class=\"screen-reader-text\">  Og\u0142oszenie o naborze na stanowisko specjalista ds. projekt\u00f3w<\/span><\/a><\/p>\n","protected":false},"author":6,"featured_media":0,"comment_status":"open","ping_status":"open","sticky":false,"template":"","format":"standard","meta":{"_monsterinsights_skip_tracking":false,"_monsterinsights_sitenote_active":false,"_monsterinsights_sitenote_note":"","_monsterinsights_sitenote_category":0,"footnotes":""},"categories":[3,1],"tags":[],"acf":[],"_links":{"self":[{"href":"https:\/\/przyjaznadolinaraby.info\/2014-2020\/wp-json\/wp\/v2\/posts\/2929"}],"collection":[{"href":"https:\/\/przyjaznadolinaraby.info\/2014-2020\/wp-json\/wp\/v2\/posts"}],"about":[{"href":"https:\/\/przyjaznadolinaraby.info\/2014-2020\/wp-json\/wp\/v2\/types\/post"}],"author":[{"embeddable":true,"href":"https:\/\/przyjaznadolinaraby.info\/2014-2020\/wp-json\/wp\/v2\/users\/6"}],"replies":[{"embeddable":true,"href":"https:\/\/przyjaznadolinaraby.info\/2014-2020\/wp-json\/wp\/v2\/comments?post=2929"}],"version-history":[{"count":0,"href":"https:\/\/przyjaznadolinaraby.info\/2014-2020\/wp-json\/wp\/v2\/posts\/2929\/revisions"}],"wp:attachment":[{"href":"https:\/\/przyjaznadolinaraby.info\/2014-2020\/wp-json\/wp\/v2\/media?parent=2929"}],"wp:term":[{"taxonomy":"category","embeddable":true,"href":"https:\/\/przyjaznadolinaraby.info\/2014-2020\/wp-json\/wp\/v2\/categories?post=2929"},{"taxonomy":"post_tag","embeddable":true,"href":"https:\/\/przyjaznadolinaraby.info\/2014-2020\/wp-json\/wp\/v2\/tags?post=2929"}],"curies":[{"name":"wp","href":"https:\/\/api.w.org\/{rel}","templated":true}]}}