{"id":2977,"date":"2019-10-09T10:16:46","date_gmt":"2019-10-09T08:16:46","guid":{"rendered":"http:\/\/przyjaznadolinaraby.info\/2014-2020\/?p=2977"},"modified":"2019-10-09T13:31:51","modified_gmt":"2019-10-09T11:31:51","slug":"zaproszenie-na-posiedzenie-rady-stowarzyszenia-przyjazna-dolina-raby-i-czarnej-orawy-14-pazdziernika-2019r-poniedzialek-o-godz-900","status":"publish","type":"post","link":"https:\/\/przyjaznadolinaraby.info\/2014-2020\/zaproszenie-na-posiedzenie-rady-stowarzyszenia-przyjazna-dolina-raby-i-czarnej-orawy-14-pazdziernika-2019r-poniedzialek-o-godz-900\/","title":{"rendered":"Zaproszenie na Nadzwyczajne Posiedzenie Rady Stowarzyszenia Przyjazna Dolina Raby i Czarnej Orawy \u2013 14 pa\u017adziernika 2019r. \/poniedzia\u0142ek\/ o godz. 9:00"},"content":{"rendered":"\n<p>Przewodnicz\u0105cy Rady Stowarzyszenia Przyjazna Dolina Raby i Czarnej Orawy zgodnie z \u00a7 22 ust. 1&nbsp; Regulaminu Rady, zaprasza cz\u0142onk\u00f3w Rady &nbsp;na posiedzenie, kt\u00f3re odb\u0119dzie si\u0119 dnia<strong>14.10.19 r. \/poniedzia\u0142ek\/ godz. 9:00<\/strong> w biurze Stowarzyszenia Przyjazna Dolina Raby i Czarnej Orawy. <\/p>\n\n\n\n<p>Proponowany program Posiedzenia Rady:<br><\/p>\n\n\n\n<ol><li>Otwarcie obrad i powitanie zebranych cz\u0142onk\u00f3w Rady, stwierdzenie prawomocno\u015bci obrad.<br><\/li><li>Przedstawienie porz\u0105dku i przyj\u0119cie porz\u0105dku obrad.<br><\/li><li>Podpisanie deklaracji&nbsp; bezstronno\u015bci i poufno\u015bci dotycz\u0105cych operacji w\u0142asnej.<br><\/li><li>Ocena i wyb\u00f3r wniosku o przyznanie pomocy na operacje w\u0142asn\u0105 nr 2\/2019\/OW\/1.<br><\/li><li>Wolne wnioski i zapytania.<br><\/li><li>Zako\u0144czenie posiedzenia.<\/li><\/ol>\n","protected":false},"excerpt":{"rendered":"<p>Przewodnicz\u0105cy Rady Stowarzyszenia Przyjazna Dolina Raby i Czarnej Orawy zgodnie z \u00a7 22 ust. 1&nbsp; Regulaminu Rady, zaprasza cz\u0142onk\u00f3w Rady &nbsp;na posiedzenie, kt\u00f3re odb\u0119dzie si\u0119 dnia14.10.19 r. \/poniedzia\u0142ek\/ godz. 9:00 w biurze Stowarzyszenia Przyjazna Dolina Raby i Czarnej Orawy. Proponowany program Posiedzenia Rady: Otwarcie obrad i powitanie zebranych cz\u0142onk\u00f3w Rady, stwierdzenie prawomocno\u015bci obrad. Przedstawienie porz\u0105dku <a href=\"https:\/\/przyjaznadolinaraby.info\/2014-2020\/zaproszenie-na-posiedzenie-rady-stowarzyszenia-przyjazna-dolina-raby-i-czarnej-orawy-14-pazdziernika-2019r-poniedzialek-o-godz-900\/\" class=\"more-link\">&#8230;<span class=\"screen-reader-text\">  Zaproszenie na Nadzwyczajne Posiedzenie Rady Stowarzyszenia Przyjazna Dolina Raby i Czarnej Orawy \u2013 14 pa\u017adziernika 2019r. \/poniedzia\u0142ek\/ o godz. 9:00<\/span><\/a><\/p>\n","protected":false},"author":6,"featured_media":0,"comment_status":"open","ping_status":"open","sticky":false,"template":"","format":"standard","meta":{"_monsterinsights_skip_tracking":false,"_monsterinsights_sitenote_active":false,"_monsterinsights_sitenote_note":"","_monsterinsights_sitenote_category":0,"footnotes":""},"categories":[3,1],"tags":[],"acf":[],"_links":{"self":[{"href":"https:\/\/przyjaznadolinaraby.info\/2014-2020\/wp-json\/wp\/v2\/posts\/2977"}],"collection":[{"href":"https:\/\/przyjaznadolinaraby.info\/2014-2020\/wp-json\/wp\/v2\/posts"}],"about":[{"href":"https:\/\/przyjaznadolinaraby.info\/2014-2020\/wp-json\/wp\/v2\/types\/post"}],"author":[{"embeddable":true,"href":"https:\/\/przyjaznadolinaraby.info\/2014-2020\/wp-json\/wp\/v2\/users\/6"}],"replies":[{"embeddable":true,"href":"https:\/\/przyjaznadolinaraby.info\/2014-2020\/wp-json\/wp\/v2\/comments?post=2977"}],"version-history":[{"count":0,"href":"https:\/\/przyjaznadolinaraby.info\/2014-2020\/wp-json\/wp\/v2\/posts\/2977\/revisions"}],"wp:attachment":[{"href":"https:\/\/przyjaznadolinaraby.info\/2014-2020\/wp-json\/wp\/v2\/media?parent=2977"}],"wp:term":[{"taxonomy":"category","embeddable":true,"href":"https:\/\/przyjaznadolinaraby.info\/2014-2020\/wp-json\/wp\/v2\/categories?post=2977"},{"taxonomy":"post_tag","embeddable":true,"href":"https:\/\/przyjaznadolinaraby.info\/2014-2020\/wp-json\/wp\/v2\/tags?post=2977"}],"curies":[{"name":"wp","href":"https:\/\/api.w.org\/{rel}","templated":true}]}}