{"id":2980,"date":"2019-10-09T10:40:04","date_gmt":"2019-10-09T08:40:04","guid":{"rendered":"http:\/\/przyjaznadolinaraby.info\/2014-2020\/?p=2980"},"modified":"2019-10-09T10:44:17","modified_gmt":"2019-10-09T08:44:17","slug":"operacja-wlasna-lgd-2-2019-ow-brak-zgloszen","status":"publish","type":"post","link":"https:\/\/przyjaznadolinaraby.info\/2014-2020\/operacja-wlasna-lgd-2-2019-ow-brak-zgloszen\/","title":{"rendered":"Operacja w\u0142asna LGD 2\/2019\/OW \u2013 brak zg\u0142osze\u0144"},"content":{"rendered":"\n<p>W zwi\u0105zku z umieszczeniem w dniu 09 wrze\u015bnia 2019 roku na stronie internetowej Stowarzyszenia Przyjazna Dolina Raby i Czarnej Orawy\u00a0 informacji\u00a0 nr 2\/2019\/OW\u00a0o planowanej do realizacji operacji w\u0142asnej LGD w ramach przedsi\u0119wzi\u0119cia:\u00a0 Dzia\u0142ania ukierunkowane na przeciwdzia\u0142anie wykluczeniu os\u00f3b z grupy defaworyzowanych informujemy, \u017ce w terminie 30 dni od dnia zamieszczenia w\/w informacji, tj. do dnia 08 pa\u017adziernika 2019 roku, \u017caden podmiot inny ni\u017c LGD, a uprawniony do wsparcia, nie zg\u0142osi\u0142 zamiaru realizacji operacji w\u0142asnej. W zwi\u0105zku z powy\u017cszym zgodnie z procedur\u0105 oceny i wyboru operacji w\u0142asnych \u2013 po\u00a0 pozytywnej weryfikacji dokonanej przez Rad\u0119 LGD,\u00a0Zarz\u0105d Stowarzyszenia Przyjazna Dolina Raby i Czarnej Orawy przeka\u017ce w najbli\u017cszym czasie do Zarz\u0105du Wojew\u00f3dztwa wniosek\u00a0o udzielenie wsparcia na realizacj\u0119 powy\u017cszej operacji w\u0142asnej.<\/p>\n","protected":false},"excerpt":{"rendered":"<p>W zwi\u0105zku z umieszczeniem w dniu 09 wrze\u015bnia 2019 roku na stronie internetowej Stowarzyszenia Przyjazna Dolina Raby i Czarnej Orawy\u00a0 informacji\u00a0 nr 2\/2019\/OW\u00a0o planowanej do realizacji operacji w\u0142asnej LGD w ramach przedsi\u0119wzi\u0119cia:\u00a0 Dzia\u0142ania ukierunkowane na przeciwdzia\u0142anie wykluczeniu os\u00f3b z grupy defaworyzowanych informujemy, \u017ce w terminie 30 dni od dnia zamieszczenia w\/w informacji, tj. do dnia <a href=\"https:\/\/przyjaznadolinaraby.info\/2014-2020\/operacja-wlasna-lgd-2-2019-ow-brak-zgloszen\/\" class=\"more-link\">&#8230;<span class=\"screen-reader-text\">  Operacja w\u0142asna LGD 2\/2019\/OW \u2013 brak zg\u0142osze\u0144<\/span><\/a><\/p>\n","protected":false},"author":6,"featured_media":0,"comment_status":"open","ping_status":"open","sticky":false,"template":"","format":"standard","meta":{"_monsterinsights_skip_tracking":false,"_monsterinsights_sitenote_active":false,"_monsterinsights_sitenote_note":"","_monsterinsights_sitenote_category":0,"footnotes":""},"categories":[3,1],"tags":[],"acf":[],"_links":{"self":[{"href":"https:\/\/przyjaznadolinaraby.info\/2014-2020\/wp-json\/wp\/v2\/posts\/2980"}],"collection":[{"href":"https:\/\/przyjaznadolinaraby.info\/2014-2020\/wp-json\/wp\/v2\/posts"}],"about":[{"href":"https:\/\/przyjaznadolinaraby.info\/2014-2020\/wp-json\/wp\/v2\/types\/post"}],"author":[{"embeddable":true,"href":"https:\/\/przyjaznadolinaraby.info\/2014-2020\/wp-json\/wp\/v2\/users\/6"}],"replies":[{"embeddable":true,"href":"https:\/\/przyjaznadolinaraby.info\/2014-2020\/wp-json\/wp\/v2\/comments?post=2980"}],"version-history":[{"count":0,"href":"https:\/\/przyjaznadolinaraby.info\/2014-2020\/wp-json\/wp\/v2\/posts\/2980\/revisions"}],"wp:attachment":[{"href":"https:\/\/przyjaznadolinaraby.info\/2014-2020\/wp-json\/wp\/v2\/media?parent=2980"}],"wp:term":[{"taxonomy":"category","embeddable":true,"href":"https:\/\/przyjaznadolinaraby.info\/2014-2020\/wp-json\/wp\/v2\/categories?post=2980"},{"taxonomy":"post_tag","embeddable":true,"href":"https:\/\/przyjaznadolinaraby.info\/2014-2020\/wp-json\/wp\/v2\/tags?post=2980"}],"curies":[{"name":"wp","href":"https:\/\/api.w.org\/{rel}","templated":true}]}}