{"id":3144,"date":"2019-11-29T15:06:42","date_gmt":"2019-11-29T14:06:42","guid":{"rendered":"http:\/\/przyjaznadolinaraby.info\/2014-2020\/?p=3144"},"modified":"2019-11-29T15:16:25","modified_gmt":"2019-11-29T14:16:25","slug":"zapraszamy-na-jednodniowe-bezplatne-szkolenia-dla-mieszkancow-z-terenu-lgd-w-szczegolnosci-dla-osob-z-grup-defaworyzowanych","status":"publish","type":"post","link":"https:\/\/przyjaznadolinaraby.info\/2014-2020\/zapraszamy-na-jednodniowe-bezplatne-szkolenia-dla-mieszkancow-z-terenu-lgd-w-szczegolnosci-dla-osob-z-grup-defaworyzowanych\/","title":{"rendered":"Zapraszamy na jednodniowe bezp\u0142atne szkolenia dla mieszka\u0144c\u00f3w z terenu LGD w szczeg\u00f3lno\u015bci dla os\u00f3b z grup defaworyzowanych."},"content":{"rendered":"\n<p><strong>Zapraszamy na szkolenia, kt\u00f3re odb\u0119d\u0105 si\u0119 w Spytkowicach ( Kompleks  Beskid Spytkowice) z zakresu:\u00a0<\/strong><\/p>\n\n\n\n<p>\u2022<strong>Piel\u0119gnacja twarzy i wiza\u017c<\/strong>: 10 lub 11 grudnia 2019 od 8:00 do 16:00<br> \u2022<strong>Pierwsza pomoc:<\/strong> 12 lub 13 grudnia 2019 od 8:00 do 16:00<br> \u2022<strong>Nordic Walking<\/strong>: 16 lub 17 grudnia 2019 od 8:00 do 16:00<br> \u2022<strong>Organizacja imprez masowych<\/strong>: 12 lub 13 grudnia 2019 od 8:00 do 16:00<br> <strong>\u2022Stowarzyszenia-<\/strong>jak pozyskiwa\u0107 \u015brodki unijne i nie tylko:19 lub 20 grudnia 2019 od 8:00 do 16:00<\/p>\n\n\n\n<p><strong>Miejsce szkole\u0144: <a href=\"https:\/\/kompleksbeskid.pl\/\">Kompleks Beskid Spytkowice-34-745 Spytkowice 135A<\/a><\/strong><\/p>\n\n\n\n<p>W ramach szkole\u0144 zapewniamy obiad oraz przerw\u0119 kawow\u0105.<\/p>\n\n\n\n<p>Jedna osoba mo\u017ce zg\u0142osi\u0107 ch\u0119\u0107 uczestnictwa w kilku szkoleniach. Ilo\u015b\u0107 miejsc ograniczona, a\u017c do w wyczerpania listy uczestnictwa. <\/p>\n\n\n\n<p>W szczeg\u00f3lno\u015bci zapraszamy osoby z grup defaworyzowanych tj:<\/p>\n\n\n\n<ul><li>Niepe\u0142nosprawni, <\/li><li>M\u0142odzi ludzie bez pracy ( do 35 roku \u017cycia), <\/li><li>Starsi ludzie (po 50 roku \u017cycia) <\/li><li>M\u0142odzi rodzice ( do 35 roku \u017cycia), a szczeg\u00f3lnie m\u0142ode matki, w tym matki samotne.<\/li><\/ul>\n\n\n\n<table class=\"wp-block-table\"><tbody><tr><td><strong> Termin zg\u0142osze\u0144 up\u0142ywa 09.12.2019   o godz. 14.00.<\/strong><br><br>Wszelkie informacje\u00a0 pod numerem: 500\u00a0475 840.   <br><br>Zg\u0142oszenia do pobrania:<br><br><a href=\"https:\/\/drive.google.com\/open?id=1uWI4y0wa2PCZU7OjXjAJtIEUU4nDFMDS\">KARTA ZG\u0141OSZENIA NA SZKOLENIE  PIEL\u0118GNACJA TWARZY I WIZA\u017b<\/a><br><a href=\"https:\/\/drive.google.com\/open?id=1DJsKa_Vk7q8sDj6kvWlBf66RwYmmZf_z\">KARTA ZG\u0141OSZENIA NA SZKOLENIE Z PIERWSZEJ POMOCY <\/a><br><a href=\"https:\/\/drive.google.com\/open?id=16iJQCO6ySLopXZ9kE4FuzuWu4VV9yMs2\">KARTA ZG\u0141OSZENIA NA SZKOLENIE Z NORDIC WALKING <\/a><br><a href=\"https:\/\/drive.google.com\/open?id=1WPWtvdzF1Hel0NvPwk9TcVeFCnSSCK8e\">KARTA ZG\u0141OSZENIA NA SZKOLENIE ORGANIZACJA IMPREZ MASOWYCH<\/a><br> <a href=\"https:\/\/drive.google.com\/open?id=1pXwtkhl5PUpP6PeIXgmJLUPMBIGdN13m\">KARTA ZG\u0141OSZENIA NA SZKOLENIE STOWARZYSZENIE-JAK POZYSKIWA\u0106 \u015aRODKI UNIJNE I NE TYLKO<\/a><\/td><\/tr><\/tbody><\/table>\n\n\n\n<p><br><\/p>\n\n\n\n<figure class=\"wp-block-image\"><img decoding=\"async\" width=\"724\" height=\"1024\" src=\"http:\/\/przyjaznadolinaraby.info\/2014-2020\/wp-content\/uploads\/2019\/11\/PLAKAT-SZKOLENIA-2019-OW-724x1024.jpg\" alt=\"\" class=\"wp-image-3145\" srcset=\"https:\/\/przyjaznadolinaraby.info\/2014-2020\/wp-content\/uploads\/2019\/11\/PLAKAT-SZKOLENIA-2019-OW-724x1024.jpg 724w, https:\/\/przyjaznadolinaraby.info\/2014-2020\/wp-content\/uploads\/2019\/11\/PLAKAT-SZKOLENIA-2019-OW-212x300.jpg 212w, https:\/\/przyjaznadolinaraby.info\/2014-2020\/wp-content\/uploads\/2019\/11\/PLAKAT-SZKOLENIA-2019-OW.jpg 1654w\" sizes=\"(max-width: 724px) 100vw, 724px\" \/><\/figure>\n","protected":false},"excerpt":{"rendered":"<p>Zapraszamy na szkolenia, kt\u00f3re odb\u0119d\u0105 si\u0119 w Spytkowicach ( Kompleks Beskid Spytkowice) z zakresu:\u00a0 \u2022Piel\u0119gnacja twarzy i wiza\u017c: 10 lub 11 grudnia 2019 od 8:00 do 16:00 \u2022Pierwsza pomoc: 12 lub 13 grudnia 2019 od 8:00 do 16:00 \u2022Nordic Walking: 16 lub 17 grudnia 2019 od 8:00 do 16:00 \u2022Organizacja imprez masowych: 12 lub 13 <a href=\"https:\/\/przyjaznadolinaraby.info\/2014-2020\/zapraszamy-na-jednodniowe-bezplatne-szkolenia-dla-mieszkancow-z-terenu-lgd-w-szczegolnosci-dla-osob-z-grup-defaworyzowanych\/\" class=\"more-link\">&#8230;<span class=\"screen-reader-text\">  Zapraszamy na jednodniowe bezp\u0142atne szkolenia dla mieszka\u0144c\u00f3w z terenu LGD w szczeg\u00f3lno\u015bci dla os\u00f3b z grup defaworyzowanych.<\/span><\/a><\/p>\n","protected":false},"author":6,"featured_media":3147,"comment_status":"open","ping_status":"open","sticky":false,"template":"","format":"standard","meta":{"_monsterinsights_skip_tracking":false,"_monsterinsights_sitenote_active":false,"_monsterinsights_sitenote_note":"","_monsterinsights_sitenote_category":0,"footnotes":""},"categories":[3,1],"tags":[],"acf":[],"_links":{"self":[{"href":"https:\/\/przyjaznadolinaraby.info\/2014-2020\/wp-json\/wp\/v2\/posts\/3144"}],"collection":[{"href":"https:\/\/przyjaznadolinaraby.info\/2014-2020\/wp-json\/wp\/v2\/posts"}],"about":[{"href":"https:\/\/przyjaznadolinaraby.info\/2014-2020\/wp-json\/wp\/v2\/types\/post"}],"author":[{"embeddable":true,"href":"https:\/\/przyjaznadolinaraby.info\/2014-2020\/wp-json\/wp\/v2\/users\/6"}],"replies":[{"embeddable":true,"href":"https:\/\/przyjaznadolinaraby.info\/2014-2020\/wp-json\/wp\/v2\/comments?post=3144"}],"version-history":[{"count":0,"href":"https:\/\/przyjaznadolinaraby.info\/2014-2020\/wp-json\/wp\/v2\/posts\/3144\/revisions"}],"wp:featuredmedia":[{"embeddable":true,"href":"https:\/\/przyjaznadolinaraby.info\/2014-2020\/wp-json\/wp\/v2\/media\/3147"}],"wp:attachment":[{"href":"https:\/\/przyjaznadolinaraby.info\/2014-2020\/wp-json\/wp\/v2\/media?parent=3144"}],"wp:term":[{"taxonomy":"category","embeddable":true,"href":"https:\/\/przyjaznadolinaraby.info\/2014-2020\/wp-json\/wp\/v2\/categories?post=3144"},{"taxonomy":"post_tag","embeddable":true,"href":"https:\/\/przyjaznadolinaraby.info\/2014-2020\/wp-json\/wp\/v2\/tags?post=3144"}],"curies":[{"name":"wp","href":"https:\/\/api.w.org\/{rel}","templated":true}]}}